{"id":96545,"date":"2023-02-26T00:49:41","date_gmt":"2023-02-25T23:49:41","guid":{"rendered":"https:\/\/www.isaitaly.com\/?p=96545"},"modified":"2023-03-22T15:06:48","modified_gmt":"2023-03-22T14:06:48","slug":"euroshop-2023-innovazione-e-sostenibilita-per-isa","status":"publish","type":"post","link":"https:\/\/www.isaitaly.com\/it\/euroshop-2023-innovazione-e-sostenibilita-per-isa\/","title":{"rendered":"Euroshop 2023: ISA Market Overview"},"content":{"rendered":"<h2>ISA: Innovazione, Sostenibilit\u00e0, Azione<\/h2>\n<p>Dal 26 Febbraio al 2 marzo a D\u00fcsseldorf ha preso vita Euroshop 2023, la fiera numero 1 al mondo dedicata interamente al commercio al dettaglio, che quest\u2019anno aveva il seguente payoff <em>\u201cEuroShop 2023. Everything that moves you!\u201d. <\/em>ISA ha partecipato all\u2019importante appuntamento triennale presentando molte nuove proposte in uno stand di circa 500 mq. Nuove collezioni, evoluzioni di prodotti di punta e nuove tecnologie, il tutto collegato da un unico fondamentale filo conduttore: il <strong>costante impegno verso l\u2019innovazione e la nostra missione in favore della sostenibilit\u00e0<\/strong>.<br \/>\n<strong>Sostenibilit\u00e0 <\/strong>\u00e8 la parola chiave di ISA, infatti tutte le novit\u00e0 presentate in occasione di Euroshop 2023 utilizzano <strong>solo 100% refrigeranti naturali<\/strong>.<\/p>\n<p>Questi gli <strong>obiettivi di ISA in termini di sostenibilit\u00e0<\/strong>:<\/p>\n<ul>\n<li>Target Scope 1: NET Zero dal 2025<\/li>\n<li>Target Scope 2: <strong>Zero<\/strong> dal 2021<\/li>\n<li>Target Scope 3: -30% dal 2030<\/li>\n<\/ul>\n<h2>Principali highligts di ISA presentati a Euroshop 2023<\/h2>\n<p><iframe loading=\"lazy\" title=\"ISA Euroshop 2023 Highlights\" width=\"1080\" height=\"608\" src=\"https:\/\/www.youtube.com\/embed\/X-aXNxzov9o?feature=oembed\"  allow=\"accelerometer; autoplay; clipboard-write; encrypted-media; gyroscope; picture-in-picture; web-share\" allowfullscreen><\/iframe><\/p>\n<h3>Smartflex 2<\/h3>\n<p>In termini di innovazione, l\u2019esclusiva <a href=\"\/it\/banchi-frigo-supermercati\/smartflex-tecnologia-touchless\/\" target=\"_blank\" rel=\"noopener\"><strong><span style=\"color: #5aa1d8;\">tecnologia touchless Smartflex<\/span><\/strong><\/a> brevettata da ISA migliora le prestazioni.<br \/>\nSmartflex \u00e8 il rivoluzionario sistema a deflettori mobili con apertura automatica che ha introdotto un nuovo concetto di espositore nel mondo della refrigerazione professionale. La tecnologia Smartflex permette, infatti, di aumentare le vendite e rafforzare la relazione con il consumatore attraverso un\u2019esperienza d\u2019acquisto nuova, unica e al tempo stesso ridurre i consumi. La nuovissima versione di <strong>Smartflex 2<\/strong> riduce il numero di ante da 6 a 4 garantendo maggiore visibilit\u00e0 (per passo 125 cm) e semplificando ancor pi\u00f9 l\u2019accesso alla parte espositiva.<\/p>\n<blockquote><p>Scopri di pi\u00f9 sulla <a href=\"\/it\/banchi-frigo-supermercati\/smartflex-tecnologia-touchless\/\" target=\"_blank\" rel=\"noopener\"><strong><span style=\"color: #5aa1d8;\">Tecnologia Smartflex<\/span><\/strong><\/a>.<\/p><\/blockquote>\n<h3>Panda 2 Plug-in in classe A<\/h3>\n<p>ISA ha presentato per il palcoscenico di Euroshop 2023, l&#8217;evoluzione dell\u2019<strong>espositore murale <a href=\"\/it\/prodotto\/banchi-frigo-supermercati\/espositori-murali-refrigerati\/panda\/\" target=\"_blank\" rel=\"noopener\"><span style=\"color: #5aa1d8;\">Panda 2<\/span><\/a><\/strong> <strong>in versione plug-in<\/strong>, sia a temperatura positiva (TN) che negativa (TB). Il modello Panda 2 125 TN 3M0 ha raggiunto il rimarchevole traguardo della <strong>Classe Energetica A<\/strong>, insieme a <a href=\"\/it\/prodotto\/banchi-frigo-supermercati\/espositori-murali-refrigerati\/galaxy-gd\/\" target=\"_blank\" rel=\"noopener\"><strong><span style=\"color: #5aa1d8;\">Galaxy TN <\/span><\/strong><\/a>e <strong>GE<\/strong>, riducendo al minimo i consumi energetici e raggiungendo il massimo livello di efficienza prestazionale.<\/p>\n<blockquote><p>Scopri di pi\u00f9 sulla gamma <a href=\"\/it\/banchi-frigo-supermercati\/murali-galaxy\/\" target=\"_blank\" rel=\"noopener\"><strong><span style=\"color: #5aa1d8;\">Galaxy<\/span><\/strong><\/a>.<\/p><\/blockquote>\n<h3>Smartloop<\/h3>\n<p>ISA propone anche per i grandi supermercati il <strong>rivoluzionario <a href=\"\/it\/banchi-frigo-supermercati\/smartloop\/\" target=\"_blank\" rel=\"noopener\"><span style=\"color: #5aa1d8;\">sistema Smartloop<\/span><\/a><\/strong> ad anello chiuso per il raffreddamento dell\u2019acqua di condensazione. Combinato ai modelli plug-in con unit\u00e0 refrigerante R290 con condensazione ad acqua, \u00e8 la soluzione definitiva per la rimozione dell\u2019immissione di calore nell\u2019ambiente di vendita ma con costi e tempi di installazione di un banco plug-in, rendendo di fatto possibile la rinuncia agli impianti centralizzati remoti.<\/p>\n<blockquote><p>Scopri di pi\u00f9 su <a href=\"\/it\/banchi-frigo-supermercati\/smartloop\/\" target=\"_blank\" rel=\"noopener\"><strong><span style=\"color: #5aa1d8;\">Smartloop<\/span><\/strong><\/a>.<\/p><\/blockquote>\n<h3>Power Unit<\/h3>\n<p>In occasione di Euroshop \u00e8 stato anche proposta una <strong>gamma prodotti con ISA Power Unit<\/strong> integrata, un\u2019unit\u00e0 autonoma di refrigerazione, costituita da tutte le componentistiche necessarie per l&#8217;esecuzione del ciclo termodinamico di refrigerazione e compressione. La Power Unit di ISA riduce i costi operativi abbattendo drasticamente i tempi della manutenzione ordinaria, \u00e8 facile da riutilizzare o riciclare, \u00e8 disponibile in versione TN e TB, pu\u00f2 essere utilizzata in una vasta gamma di prodotti diversi, \u00e8 facile da pulire e da installare, \u00e8 sostenibile ed \u00e8 facilmente modificabile per essere sempre al passo con le ultime evoluzioni tecnologiche dei suoi componenti.<\/p>\n<h3>ISA Connect<\/h3>\n<p>ISA ormai da tempo utilizza la <a href=\"\/it\/isa-connect-tecnologia-iot\/\" target=\"_blank\" rel=\"noopener\"><strong><span style=\"color: #5aa1d8;\">tecnologia ISA Connect<\/span><\/strong><\/a> grazie alla quale <strong>i prodotti sono connessi<\/strong> per facilitare la manutenzione predittiva e il monitoraggio da remoto del funzionamento degli espositori 24\/7 tutto l\u2019anno.<\/p>\n<ul>\n<li>Manutenzione da remoto delle principali funzioni della vetrina.<\/li>\n<li>Statistiche di funzionamento e analisi dei dati.<\/li>\n<li>Locali integrati e connessi.<\/li>\n<li>La tecnologia ISA Connect applicata alla vasta gamma di prodotti ISA.<\/li>\n<li>Dal laboratorio alla zona vendita, dalla gelateria al beverage e alla grande distribuzione.<\/li>\n<\/ul>\n<blockquote><p>Scopri di pi\u00f9 su <a href=\"https:\/\/www.isaitaly.com\/it\/isa-connect-tecnologia-iot\/\" target=\"_blank\" rel=\"noopener\"><strong>ISA Connect<\/strong><\/a>.<\/p><\/blockquote>\n<h3>Collezione Jewels<\/h3>\n<p><strong>Si amplia<\/strong>, inoltre, <strong>la gamma della nuova collezione Jewels<\/strong>, una vera e propria piattaforma di prodotti che condividono le stesse logiche costruttive: <a href=\"\/it\/prodotto\/banchi-frigo-supermercati\/espositori-murali-refrigerati\/pearl\/\" target=\"_blank\" rel=\"noopener\"><strong><span style=\"color: #5aa1d8;\">Pearl<\/span><\/strong><\/a>, <a href=\"\/it\/prodotto\/banchi-frigo-supermercati\/espositori-murali-refrigerati\/diamond\/\" target=\"_blank\" rel=\"noopener\"><strong><span style=\"color: #5aa1d8;\">Diamond<\/span><\/strong><\/a>, <a href=\"\/it\/prodotto\/banchi-frigo-supermercati\/banchi-frigo-alimentari\/amber\/\" target=\"_blank\" rel=\"noopener\"><strong><span style=\"color: #5aa1d8;\">Amber<\/span><\/strong><\/a>, <a href=\"\/it\/prodotto\/banchi-frigo-supermercati\/espositori-murali-refrigerati\/coral\/\" target=\"_blank\" rel=\"noopener\"><strong><span style=\"color: #5aa1d8;\">Coral<\/span><\/strong> <\/a>e <a href=\"\/it\/prodotto\/banchi-frigo-supermercati\/espositori-semi-murali\/onyx\/\" target=\"_blank\" rel=\"noopener\"><strong><span style=\"color: #5aa1d8;\">Onyx<\/span><\/strong><\/a>. Il risultato \u00e8 un\u2019armonizzazione delle linee ed una continuit\u00e0 estetica, pur conservando le specificit\u00e0 tecniche dei singoli modelli. Dalla vendita di impulso open al massimo risparmio energetico passando per il sistema Smartflex, porte a vetro singolo, vetro doppio con cornice serigrafata, vetro doppio con cornice trasparente e full glass. La gamma Jewels offre una straordinaria scelta di applicazioni.<\/p>\n<h3>ISA Superplug-in<\/h3>\n<p>Il mondo del retail \u00e8 in costante evoluzione: nuovi format nascono e si sviluppano rapidamente, e i tempi di roll-out sono sempre pi\u00f9 frenetici. Gli espositori refrigerati devono garantire semplicit\u00e0 e flessibilit\u00e0 sia in fase di progettazione che in fase di installazione, caratteristiche tipiche delle attrezzature plug-in. Allo stesso tempo per\u00f2 agli espositori refrigerati sono richieste volumi di carico e prestazioni normalmente possibili solo con installazioni remotizzate: i nuovi format retail sono concepiti per adattarsi sia al contesto di un ipermercato che alle medie e piccole superfici del tessuto urbano.<br \/>\nDalla sintesi di queste due esigenze \u00e8 nata<strong> ISA Superplug-in<\/strong>, la <strong>nuova categoria di Plug-in tutta naturale<\/strong> che oggi si \u00e8 <strong>ampliata con <a href=\"\/it\/prodotto\/banchi-frigo-supermercati\/espositori-murali-refrigerati\/panda\/\" target=\"_blank\" rel=\"noopener\"><span style=\"color: #5aa1d8;\">Panda 2<\/span><\/a> TN e TB<\/strong>, <a href=\"\/it\/prodotto\/banchi-frigo-supermercati\/isole-refrigerate-espositive\/okys\/\" target=\"_blank\" rel=\"noopener\"><strong><span style=\"color: #5aa1d8;\">Okys 2<\/span><\/strong><\/a> e <a href=\"\/it\/banchi-frigo-supermercati\/banchi-frigo-alimentari\/\" target=\"_blank\" rel=\"noopener\"><strong><span style=\"color: #5aa1d8;\">Amber<\/span><\/strong><\/a>. Una serie di prodotti che grazie a unit\u00e0 refrigeranti di avanzata tecnologia a base di refrigeranti naturali permette di massimizzare il facing e i volumi espositivi, ridurre i consumi e le emissioni sonore, rendendo possibile la realizzazione di interi supermercati con installazione plug-in.<\/p>\n<p>&nbsp;<\/p>\n<h5 style=\"text-align: left;\"><span style=\"color: #5aa1d8;\">Compila il form per maggiori informazioni su prodotti e tecnologie ISA<\/span><\/h5>\n<div style=\"margin-right: 30px; background-color: #f6f6f6;\">\n<div class=\"wpcf7 no-js\" id=\"wpcf7-f4-o1\" lang=\"it-IT\" dir=\"ltr\" data-wpcf7-id=\"4\">\n<div class=\"screen-reader-response\"><p role=\"status\" aria-live=\"polite\" aria-atomic=\"true\"><\/p> <ul><\/ul><\/div>\n<form action=\"\/it\/wp-json\/wp\/v2\/posts\/96545#wpcf7-f4-o1\" method=\"post\" class=\"wpcf7-form init\" aria-label=\"Modulo di contatto\" novalidate=\"novalidate\" data-status=\"init\">\n<fieldset class=\"hidden-fields-container\"><input type=\"hidden\" name=\"_wpcf7\" value=\"4\" \/><input type=\"hidden\" name=\"_wpcf7_version\" value=\"6.1.5\" \/><input type=\"hidden\" name=\"_wpcf7_locale\" value=\"it_IT\" \/><input type=\"hidden\" name=\"_wpcf7_unit_tag\" value=\"wpcf7-f4-o1\" \/><input type=\"hidden\" name=\"_wpcf7_container_post\" value=\"0\" \/><input type=\"hidden\" name=\"_wpcf7_posted_data_hash\" value=\"\" \/><input type=\"hidden\" name=\"_wpcf7cf_hidden_group_fields\" value=\"[]\" \/><input type=\"hidden\" name=\"_wpcf7cf_hidden_groups\" value=\"[]\" \/><input type=\"hidden\" name=\"_wpcf7cf_visible_groups\" value=\"[]\" \/><input type=\"hidden\" name=\"_wpcf7cf_repeaters\" value=\"[]\" \/><input type=\"hidden\" name=\"_wpcf7cf_steps\" value=\"{}\" \/><input type=\"hidden\" name=\"_wpcf7cf_options\" value=\"{&quot;form_id&quot;:4,&quot;conditions&quot;:[],&quot;settings&quot;:{&quot;animation&quot;:&quot;yes&quot;,&quot;animation_intime&quot;:200,&quot;animation_outtime&quot;:200,&quot;conditions_ui&quot;:&quot;normal&quot;,&quot;notice_dismissed&quot;:false,&quot;notice_dismissed_rollback-cf7-5.7.1&quot;:true}}\" \/><input type=\"hidden\" name=\"_wpcf7_recaptcha_response\" value=\"\" \/>\n<\/fieldset>\n<div class=\"uacf7-form-4\">\n\t<div class=\"wpcf7-form-container\">\n\t\t<div class=\"formtopup\">\n\t\t<input class=\"wpcf7-form-control wpcf7-hidden\" id=\"prodotto\" value=\"\" type=\"hidden\" name=\"prodotto\" \/>\n\t\t<input class=\"wpcf7-form-control wpcf7-hidden\" id=\"hidId\" value=\"\" type=\"hidden\" name=\"GAID\" \/>\n\t\t\t<p><input class=\"wpcf7-form-control wpcf7-cf7rfr_referrer cf7-rfr\" value=\"\" type=\"hidden\" name=\"provenienza\" \/><br \/>\n<span class=\"wpcf7-form-control-wrap unique-name\"><input name=\"unique-name\" class=\"wpcf7-form-control wpcf7-dynamichidden wpcf7dtx-dynamictext\" size=\"40\" aria-invalid=\"false\" type=\"hidden\" value=\"Euroshop 2023: ISA Market Overview\" \/><\/span><br \/>\n<span class=\"wpcf7-form-control-wrap page-url\"><input name=\"page-url\" class=\"wpcf7-form-control wpcf7-dynamichidden wpcf7dtx-dynamictext\" size=\"40\" aria-invalid=\"false\" type=\"hidden\" value=\"https:\/\/www.isaitaly.com:443\/it\/wp-json\/wp\/v2\/posts\/96545\" \/><\/span><br \/>\n<span class=\"wpcf7-form-control-wrap\" data-name=\"nome\"><input size=\"40\" maxlength=\"400\" class=\"wpcf7-form-control wpcf7-text wpcf7-validates-as-required\" aria-required=\"true\" aria-invalid=\"false\" placeholder=\"Nome*\" value=\"\" type=\"text\" name=\"nome\" \/><\/span>\n\t\t\t<\/p>\n\t\t\t<p><span class=\"wpcf7-form-control-wrap\" data-name=\"cognome\"><input size=\"40\" maxlength=\"400\" class=\"wpcf7-form-control wpcf7-text wpcf7-validates-as-required\" aria-required=\"true\" aria-invalid=\"false\" placeholder=\"Cognome*\" value=\"\" type=\"text\" name=\"cognome\" \/><\/span>\n\t\t\t<\/p>\n\t\t\t<p><span class=\"wpcf7-form-control-wrap\" data-name=\"ragioneSociale\"><input size=\"40\" maxlength=\"400\" class=\"wpcf7-form-control wpcf7-text wpcf7-validates-as-required\" aria-required=\"true\" aria-invalid=\"false\" placeholder=\"Azienda*\" value=\"\" type=\"text\" name=\"ragioneSociale\" \/><\/span>\n\t\t\t<\/p>\n\t\t\t<p><span class=\"wpcf7-form-control-wrap\" data-name=\"company\"><select class=\"wpcf7-form-control wpcf7-select wpcf7-validates-as-required\" aria-required=\"true\" aria-invalid=\"false\" name=\"company\"><option value=\"\">Sono un...*<\/option><option value=\"Rivenditore\">Rivenditore<\/option><option value=\"Industria Food &amp; Beverage\">Industria Food &amp; Beverage<\/option><option value=\"Supermercato\">Supermercato<\/option><option value=\"Catena di ristorazione\">Catena di ristorazione<\/option><option value=\"Bar\">Bar<\/option><option value=\"Gelateria\">Gelateria<\/option><option value=\"Pasticceria\">Pasticceria<\/option><option value=\"Design Studio\">Design Studio<\/option><option value=\"Arredamento negozi\">Arredamento negozi<\/option><option value=\"Altro\">Altro<\/option><\/select><\/span>\n\t\t\t<\/p>\n\t\t<\/div>\n\t\t<p><span class=\"wpcf7-form-control-wrap\" data-name=\"email\"><input size=\"40\" maxlength=\"400\" class=\"wpcf7-form-control wpcf7-email wpcf7-validates-as-required wpcf7-text wpcf7-validates-as-email\" aria-required=\"true\" aria-invalid=\"false\" placeholder=\"Email*\" value=\"\" type=\"email\" name=\"email\" \/><\/span>\n\t\t<\/p>\n\t\t<p><span class=\"wpcf7-form-control-wrap\" data-name=\"Telefono\"><input size=\"40\" maxlength=\"400\" class=\"wpcf7-form-control wpcf7-tel wpcf7-validates-as-required wpcf7-text wpcf7-validates-as-tel\" aria-required=\"true\" aria-invalid=\"false\" placeholder=\"Telefono*\" value=\"\" type=\"tel\" name=\"Telefono\" \/><\/span>\n\t\t<\/p>\n\t\t<p><span class=\"wpcf7-form-control-wrap\" data-name=\"provinciaITA\"><select class=\"wpcf7-form-control wpcf7-select wpcf7-validates-as-required\" aria-required=\"true\" aria-invalid=\"false\" name=\"provinciaITA\"><option value=\"\">Seleziona provincia*<\/option><option value=\"AG\">AG<\/option><option value=\"AL\">AL<\/option><option value=\"AN\">AN<\/option><option value=\"AO\">AO<\/option><option value=\"AQ\">AQ<\/option><option value=\"AR\">AR<\/option><option value=\"AP\">AP<\/option><option value=\"AT\">AT<\/option><option value=\"AV\">AV<\/option><option value=\"BA\">BA<\/option><option value=\"BT\">BT<\/option><option value=\"BL\">BL<\/option><option value=\"BN\">BN<\/option><option value=\"BG\">BG<\/option><option value=\"BI\">BI<\/option><option value=\"BO\">BO<\/option><option value=\"BZ\">BZ<\/option><option value=\"BS\">BS<\/option><option value=\"BR\">BR<\/option><option value=\"CA\">CA<\/option><option value=\"CL\">CL<\/option><option value=\"CB\">CB<\/option><option value=\"CI\">CI<\/option><option value=\"CE\">CE<\/option><option value=\"CT\">CT<\/option><option value=\"CZ\">CZ<\/option><option value=\"CH\">CH<\/option><option value=\"CO\">CO<\/option><option value=\"CS\">CS<\/option><option value=\"CR\">CR<\/option><option value=\"KR\">KR<\/option><option value=\"CN\">CN<\/option><option value=\"EN\">EN<\/option><option value=\"FM\">FM<\/option><option value=\"FE\">FE<\/option><option value=\"FI\">FI<\/option><option value=\"FG\">FG<\/option><option value=\"FC\">FC<\/option><option value=\"FR\">FR<\/option><option value=\"GE\">GE<\/option><option value=\"GO\">GO<\/option><option value=\"GR\">GR<\/option><option value=\"IM\">IM<\/option><option value=\"IS\">IS<\/option><option value=\"SP\">SP<\/option><option value=\"LT\">LT<\/option><option value=\"LE\">LE<\/option><option value=\"LC\">LC<\/option><option value=\"LI\">LI<\/option><option value=\"LO\">LO<\/option><option value=\"LU\">LU<\/option><option value=\"MC\">MC<\/option><option value=\"MN\">MN<\/option><option value=\"MS\">MS<\/option><option value=\"MT\">MT<\/option><option value=\"VS\">VS<\/option><option value=\"ME\">ME<\/option><option value=\"MI\">MI<\/option><option value=\"MO\">MO<\/option><option value=\"MB\">MB<\/option><option value=\"NA\">NA<\/option><option value=\"NO\">NO<\/option><option value=\"NU\">NU<\/option><option value=\"OG\">OG<\/option><option value=\"OT\">OT<\/option><option value=\"OR\">OR<\/option><option value=\"PD\">PD<\/option><option value=\"PA\">PA<\/option><option value=\"PR\">PR<\/option><option value=\"PV\">PV<\/option><option value=\"PG\">PG<\/option><option value=\"PU\">PU<\/option><option value=\"PE\">PE<\/option><option value=\"PC\">PC<\/option><option value=\"PI\">PI<\/option><option value=\"PT\">PT<\/option><option value=\"PN\">PN<\/option><option value=\"PZ\">PZ<\/option><option value=\"PO\">PO<\/option><option value=\"RG\">RG<\/option><option value=\"RA\">RA<\/option><option value=\"RC\">RC<\/option><option value=\"RE\">RE<\/option><option value=\"RI\">RI<\/option><option value=\"RN\">RN<\/option><option value=\"RM\">RM<\/option><option value=\"RO\">RO<\/option><option value=\"SA\">SA<\/option><option value=\"SS\">SS<\/option><option value=\"SV\">SV<\/option><option value=\"SI\">SI<\/option><option value=\"SR\">SR<\/option><option value=\"SO\">SO<\/option><option value=\"TA\">TA<\/option><option value=\"TE\">TE<\/option><option value=\"TR\">TR<\/option><option value=\"TO\">TO<\/option><option value=\"TP\">TP<\/option><option value=\"TN\">TN<\/option><option value=\"TV\">TV<\/option><option value=\"TS\">TS<\/option><option value=\"UD\">UD<\/option><option value=\"VA\">VA<\/option><option value=\"VE\">VE<\/option><option value=\"VB\">VB<\/option><option value=\"VC\">VC<\/option><option value=\"VR\">VR<\/option><option value=\"VV\">VV<\/option><option value=\"VI\">VI<\/option><option value=\"VT\">VT<\/option><\/select><\/span>\n\t\t<\/p>\n\t\t<p><span class=\"wpcf7-form-control-wrap\" data-name=\"citta\"><input size=\"40\" maxlength=\"400\" class=\"wpcf7-form-control wpcf7-text wpcf7-validates-as-required\" aria-required=\"true\" aria-invalid=\"false\" placeholder=\"Citt\u00e0*\" value=\"\" type=\"text\" name=\"citta\" \/><\/span>\n\t\t<\/p>\n\t\t<p><span class=\"wpcf7-form-control-wrap\" data-name=\"interesse\"><select class=\"wpcf7-form-control wpcf7-select wpcf7-validates-as-required\" aria-required=\"true\" aria-invalid=\"false\" name=\"interesse\"><option value=\"\">Sono interessato a...*<\/option><option value=\"Richiesta preventivo\">Richiesta preventivo<\/option><option value=\"Appuntamento presso vostra sede\">Appuntamento presso vostra sede<\/option><option value=\"Piano Transizione 5.0\">Piano Transizione 5.0<\/option><\/select><\/span>\n\t\t<\/p>\n\t\t<p><span class=\"wpcf7-form-control-wrap\" data-name=\"area\"><select class=\"wpcf7-form-control wpcf7-select wpcf7-validates-as-required\" aria-required=\"true\" aria-invalid=\"false\" name=\"area\"><option value=\"\">Categoria prodotto*<\/option><option value=\"Vetrine gelato professionali\">Vetrine gelato professionali<\/option><option value=\"Vetrine pasticceria professionali\">Vetrine pasticceria professionali<\/option><option value=\"Vetrine gelato promozionali\">Vetrine gelato promozionali<\/option><option value=\"Espositori verticali bevande e vino\">Espositori verticali bevande e vino<\/option><option value=\"Espositori verticali per cibi surgelati e freschi\">Espositori verticali per cibi surgelati e freschi<\/option><option value=\"Banchi frigo per supermercati\">Banchi frigo per supermercati<\/option><option value=\"Espositori murali e semi-murali per supermercati\">Espositori murali e semi-murali per supermercati<\/option><option value=\"Isole espositive refrigerate per supermercati\">Isole espositive refrigerate per supermercati<\/option><option value=\"Abbattitori da laboratorio\">Abbattitori da laboratorio<\/option><option value=\"Armadi e tavoli refrigerati da laboratorio\">Armadi e tavoli refrigerati da laboratorio<\/option><option value=\"Celle refrigerate da incasso\">Celle refrigerate da incasso<\/option><option value=\"Banchi bar e retrobanchi in acciaio\">Banchi bar e retrobanchi in acciaio<\/option><option value=\"Vetrine drop-in e snack\">Vetrine drop-in e snack<\/option><option value=\"Arredamento\">Arredamento<\/option><\/select><\/span>\n\t\t<\/p>\n\t\t<p><i style=\"font-size:10px;\">*Importante. Non inserire all'interno del messaggio link di ogni tipo. Le richieste con all'interno dei link non saranno prese in considerazione.<br \/>\n<span class=\"wpcf7-form-control-wrap\" data-name=\"messaggio\"><textarea cols=\"40\" rows=\"10\" maxlength=\"2000\" class=\"wpcf7-form-control wpcf7-textarea wpcf7-validates-as-required\" aria-required=\"true\" aria-invalid=\"false\" placeholder=\"Scrivi qui il tuo messaggio*\" name=\"messaggio\"><\/textarea><\/span><\/i>\n\t\t<\/p>\n\t\t<p><span class=\"wpcf7-form-control-wrap\" data-name=\"acceptance-privacy\"><span class=\"wpcf7-form-control wpcf7-acceptance\"><span class=\"wpcf7-list-item\"><label><input type=\"checkbox\" name=\"acceptance-privacy\" value=\"1\" aria-invalid=\"false\" \/><span class=\"wpcf7-list-item-label\"><i style=\"font-size:12px;\">Dichiaro di aver letto l'<a href=\"\/it\/privacy-policy\/\">informativa sulla privacy<\/a> e di accettare il trattamento dei dati personali ai sensi dell\u2019art. 13 del Regolamento 2016\/679. *<\/span><\/label><\/span><\/span><\/span>\n\t\t<\/p>\n\t\t<p><span class=\"wpcf7-form-control-wrap\" data-name=\"acceptance-marketing\"><span class=\"wpcf7-form-control wpcf7-acceptance optional\"><span class=\"wpcf7-list-item\"><label><input type=\"checkbox\" name=\"acceptance-marketing\" value=\"1\" aria-invalid=\"false\" \/><span class=\"wpcf7-list-item-label\"><i style=\"font-size:12px;\">Esprimo il mio consenso al trattamento dei dati per finalit\u00e0 di marketing e per ricevere comunicazioni commerciali e promozionali.<\/span><\/label><\/span><\/span><\/span>\n\t\t<\/p>\n\t\t<div class=\"text-center\">\n\t\t\t<p><input class=\"wpcf7-form-control wpcf7-submit has-spinner\" type=\"submit\" value=\"Invia il messaggio\" \/>\n\t\t\t<\/p>\n\t\t<\/div>\n\t<\/div>\n<\/div><input type='hidden' class='wpcf7-pum' value='{\"closepopup\":false,\"closedelay\":0,\"openpopup\":false,\"openpopup_id\":0}' \/><div class=\"wpcf7-response-output\" aria-hidden=\"true\"><\/div>\n<\/form>\n<\/div>\n<\/div>\n","protected":false},"excerpt":{"rendered":"<p>Dal 26 Febbraio al 2 marzo a D\u00fcsseldorf ha preso vita Euroshop 2023, la fiera numero 1 al mondo dedicata interamente al commercio al dettaglio. ISA ha partecipato all\u2019importante appuntamento triennale presentando molte nuove proposte con il costante impegno verso l\u2019innovazione e la nostra missione in favore della sostenibilit\u00e0.<\/p>\n","protected":false},"author":3,"featured_media":96649,"comment_status":"open","ping_status":"open","sticky":false,"template":"","format":"standard","meta":{"_et_pb_use_builder":"","_et_pb_old_content":"","_et_gb_content_width":"","footnotes":""},"categories":[110],"tags":[],"class_list":["post-96545","post","type-post","status-publish","format-standard","has-post-thumbnail","hentry","category-market"],"acf":[],"yoast_head":"<!-- This site is optimized with the Yoast SEO plugin v26.8 - https:\/\/yoast.com\/product\/yoast-seo-wordpress\/ -->\n<title>Euroshop 2023: ISA Market Overview | ISA<\/title>\n<meta name=\"description\" content=\"Dal 26 Febbraio al 2 marzo a D\u00fcsseldorf ha preso vita Euroshop 2023, la fiera numero 1 al mondo dedicata interamente al commercio al dettaglio. ISA ha partecipato all\u2019importante appuntamento triennale presentando molte nuove proposte con il costante impegno verso l\u2019innovazione e la nostra missione in favore della sostenibilit\u00e0.\" \/>\n<meta name=\"robots\" content=\"index, follow, max-snippet:-1, max-image-preview:large, max-video-preview:-1\" \/>\n<link rel=\"canonical\" href=\"https:\/\/www.isaitaly.com\/it\/euroshop-2023-innovazione-e-sostenibilita-per-isa\/\" \/>\n<meta property=\"og:locale\" content=\"it_IT\" \/>\n<meta property=\"og:type\" content=\"article\" \/>\n<meta property=\"og:title\" content=\"Euroshop 2023: ISA Market Overview | ISA\" \/>\n<meta property=\"og:description\" content=\"Dal 26 Febbraio al 2 marzo a D\u00fcsseldorf ha preso vita Euroshop 2023, la fiera numero 1 al mondo dedicata interamente al commercio al dettaglio. ISA ha partecipato all\u2019importante appuntamento triennale presentando molte nuove proposte con il costante impegno verso l\u2019innovazione e la nostra missione in favore della sostenibilit\u00e0.\" \/>\n<meta property=\"og:url\" content=\"https:\/\/www.isaitaly.com\/it\/euroshop-2023-innovazione-e-sostenibilita-per-isa\/\" \/>\n<meta property=\"og:site_name\" content=\"ISA\" \/>\n<meta property=\"article:published_time\" content=\"2023-02-25T23:49:41+00:00\" \/>\n<meta property=\"article:modified_time\" content=\"2023-03-22T14:06:48+00:00\" \/>\n<meta property=\"og:image\" content=\"https:\/\/www.isaitaly.com\/wp-content\/uploads\/2023\/02\/Smartloop-euroshop-2023-1.jpg\" \/>\n\t<meta property=\"og:image:width\" content=\"950\" \/>\n\t<meta property=\"og:image:height\" content=\"634\" \/>\n\t<meta property=\"og:image:type\" content=\"image\/jpeg\" \/>\n<meta name=\"author\" content=\"Chiara Ragni\" \/>\n<meta name=\"twitter:card\" content=\"summary_large_image\" \/>\n<meta name=\"twitter:label1\" content=\"Scritto da\" \/>\n\t<meta name=\"twitter:data1\" content=\"Chiara Ragni\" \/>\n\t<meta name=\"twitter:label2\" content=\"Tempo di lettura stimato\" \/>\n\t<meta name=\"twitter:data2\" content=\"5 minuti\" \/>\n<script type=\"application\/ld+json\" class=\"yoast-schema-graph\">{\"@context\":\"https:\/\/schema.org\",\"@graph\":[{\"@type\":\"Article\",\"@id\":\"https:\/\/www.isaitaly.com\/it\/euroshop-2023-innovazione-e-sostenibilita-per-isa\/#article\",\"isPartOf\":{\"@id\":\"https:\/\/www.isaitaly.com\/it\/euroshop-2023-innovazione-e-sostenibilita-per-isa\/\"},\"author\":{\"name\":\"Chiara Ragni\",\"@id\":\"https:\/\/www.isaitaly.com\/it\/#\/schema\/person\/a037a937bb57eff6090f0fb3a141652f\"},\"headline\":\"Euroshop 2023: ISA Market Overview\",\"datePublished\":\"2023-02-25T23:49:41+00:00\",\"dateModified\":\"2023-03-22T14:06:48+00:00\",\"mainEntityOfPage\":{\"@id\":\"https:\/\/www.isaitaly.com\/it\/euroshop-2023-innovazione-e-sostenibilita-per-isa\/\"},\"wordCount\":843,\"commentCount\":0,\"image\":{\"@id\":\"https:\/\/www.isaitaly.com\/it\/euroshop-2023-innovazione-e-sostenibilita-per-isa\/#primaryimage\"},\"thumbnailUrl\":\"https:\/\/www.isaitaly.com\/wp-content\/uploads\/2023\/02\/Smartloop-euroshop-2023-1.jpg\",\"articleSection\":[\"Market\"],\"inLanguage\":\"it-IT\",\"potentialAction\":[{\"@type\":\"CommentAction\",\"name\":\"Comment\",\"target\":[\"https:\/\/www.isaitaly.com\/it\/euroshop-2023-innovazione-e-sostenibilita-per-isa\/#respond\"]}]},{\"@type\":\"WebPage\",\"@id\":\"https:\/\/www.isaitaly.com\/it\/euroshop-2023-innovazione-e-sostenibilita-per-isa\/\",\"url\":\"https:\/\/www.isaitaly.com\/it\/euroshop-2023-innovazione-e-sostenibilita-per-isa\/\",\"name\":\"Euroshop 2023: ISA Market Overview | ISA\",\"isPartOf\":{\"@id\":\"https:\/\/www.isaitaly.com\/it\/#website\"},\"primaryImageOfPage\":{\"@id\":\"https:\/\/www.isaitaly.com\/it\/euroshop-2023-innovazione-e-sostenibilita-per-isa\/#primaryimage\"},\"image\":{\"@id\":\"https:\/\/www.isaitaly.com\/it\/euroshop-2023-innovazione-e-sostenibilita-per-isa\/#primaryimage\"},\"thumbnailUrl\":\"https:\/\/www.isaitaly.com\/wp-content\/uploads\/2023\/02\/Smartloop-euroshop-2023-1.jpg\",\"datePublished\":\"2023-02-25T23:49:41+00:00\",\"dateModified\":\"2023-03-22T14:06:48+00:00\",\"author\":{\"@id\":\"https:\/\/www.isaitaly.com\/it\/#\/schema\/person\/a037a937bb57eff6090f0fb3a141652f\"},\"description\":\"Dal 26 Febbraio al 2 marzo a D\u00fcsseldorf ha preso vita Euroshop 2023, la fiera numero 1 al mondo dedicata interamente al commercio al dettaglio. ISA ha partecipato all\u2019importante appuntamento triennale presentando molte nuove proposte con il costante impegno verso l\u2019innovazione e la nostra missione in favore della sostenibilit\u00e0.\",\"breadcrumb\":{\"@id\":\"https:\/\/www.isaitaly.com\/it\/euroshop-2023-innovazione-e-sostenibilita-per-isa\/#breadcrumb\"},\"inLanguage\":\"it-IT\",\"potentialAction\":[{\"@type\":\"ReadAction\",\"target\":[\"https:\/\/www.isaitaly.com\/it\/euroshop-2023-innovazione-e-sostenibilita-per-isa\/\"]}]},{\"@type\":\"ImageObject\",\"inLanguage\":\"it-IT\",\"@id\":\"https:\/\/www.isaitaly.com\/it\/euroshop-2023-innovazione-e-sostenibilita-per-isa\/#primaryimage\",\"url\":\"https:\/\/www.isaitaly.com\/wp-content\/uploads\/2023\/02\/Smartloop-euroshop-2023-1.jpg\",\"contentUrl\":\"https:\/\/www.isaitaly.com\/wp-content\/uploads\/2023\/02\/Smartloop-euroshop-2023-1.jpg\",\"width\":950,\"height\":634},{\"@type\":\"BreadcrumbList\",\"@id\":\"https:\/\/www.isaitaly.com\/it\/euroshop-2023-innovazione-e-sostenibilita-per-isa\/#breadcrumb\",\"itemListElement\":[{\"@type\":\"ListItem\",\"position\":1,\"name\":\"Home\",\"item\":\"https:\/\/www.isaitaly.com\/it\/\"},{\"@type\":\"ListItem\",\"position\":2,\"name\":\"Euroshop 2023: ISA Market Overview\"}]},{\"@type\":\"WebSite\",\"@id\":\"https:\/\/www.isaitaly.com\/it\/#website\",\"url\":\"https:\/\/www.isaitaly.com\/it\/\",\"name\":\"ISA\",\"description\":\"\",\"potentialAction\":[{\"@type\":\"SearchAction\",\"target\":{\"@type\":\"EntryPoint\",\"urlTemplate\":\"https:\/\/www.isaitaly.com\/it\/?s={search_term_string}\"},\"query-input\":{\"@type\":\"PropertyValueSpecification\",\"valueRequired\":true,\"valueName\":\"search_term_string\"}}],\"inLanguage\":\"it-IT\"},{\"@type\":\"Person\",\"@id\":\"https:\/\/www.isaitaly.com\/it\/#\/schema\/person\/a037a937bb57eff6090f0fb3a141652f\",\"name\":\"Chiara Ragni\",\"image\":{\"@type\":\"ImageObject\",\"inLanguage\":\"it-IT\",\"@id\":\"https:\/\/www.isaitaly.com\/it\/#\/schema\/person\/image\/\",\"url\":\"https:\/\/secure.gravatar.com\/avatar\/beac86d476d522474ef1f9de9fb8dc49?s=96&d=mm&r=g\",\"contentUrl\":\"https:\/\/secure.gravatar.com\/avatar\/beac86d476d522474ef1f9de9fb8dc49?s=96&d=mm&r=g\",\"caption\":\"Chiara Ragni\"},\"url\":\"https:\/\/www.isaitaly.com\/it\/author\/chiara-ragni\/\"}]}<\/script>\n<!-- \/ Yoast SEO plugin. -->","yoast_head_json":{"title":"Euroshop 2023: ISA Market Overview | ISA","description":"Dal 26 Febbraio al 2 marzo a D\u00fcsseldorf ha preso vita Euroshop 2023, la fiera numero 1 al mondo dedicata interamente al commercio al dettaglio. ISA ha partecipato all\u2019importante appuntamento triennale presentando molte nuove proposte con il costante impegno verso l\u2019innovazione e la nostra missione in favore della sostenibilit\u00e0.","robots":{"index":"index","follow":"follow","max-snippet":"max-snippet:-1","max-image-preview":"max-image-preview:large","max-video-preview":"max-video-preview:-1"},"canonical":"https:\/\/www.isaitaly.com\/it\/euroshop-2023-innovazione-e-sostenibilita-per-isa\/","og_locale":"it_IT","og_type":"article","og_title":"Euroshop 2023: ISA Market Overview | ISA","og_description":"Dal 26 Febbraio al 2 marzo a D\u00fcsseldorf ha preso vita Euroshop 2023, la fiera numero 1 al mondo dedicata interamente al commercio al dettaglio. ISA ha partecipato all\u2019importante appuntamento triennale presentando molte nuove proposte con il costante impegno verso l\u2019innovazione e la nostra missione in favore della sostenibilit\u00e0.","og_url":"https:\/\/www.isaitaly.com\/it\/euroshop-2023-innovazione-e-sostenibilita-per-isa\/","og_site_name":"ISA","article_published_time":"2023-02-25T23:49:41+00:00","article_modified_time":"2023-03-22T14:06:48+00:00","og_image":[{"width":950,"height":634,"url":"https:\/\/www.isaitaly.com\/wp-content\/uploads\/2023\/02\/Smartloop-euroshop-2023-1.jpg","type":"image\/jpeg"}],"author":"Chiara Ragni","twitter_card":"summary_large_image","twitter_misc":{"Scritto da":"Chiara Ragni","Tempo di lettura stimato":"5 minuti"},"schema":{"@context":"https:\/\/schema.org","@graph":[{"@type":"Article","@id":"https:\/\/www.isaitaly.com\/it\/euroshop-2023-innovazione-e-sostenibilita-per-isa\/#article","isPartOf":{"@id":"https:\/\/www.isaitaly.com\/it\/euroshop-2023-innovazione-e-sostenibilita-per-isa\/"},"author":{"name":"Chiara Ragni","@id":"https:\/\/www.isaitaly.com\/it\/#\/schema\/person\/a037a937bb57eff6090f0fb3a141652f"},"headline":"Euroshop 2023: ISA Market Overview","datePublished":"2023-02-25T23:49:41+00:00","dateModified":"2023-03-22T14:06:48+00:00","mainEntityOfPage":{"@id":"https:\/\/www.isaitaly.com\/it\/euroshop-2023-innovazione-e-sostenibilita-per-isa\/"},"wordCount":843,"commentCount":0,"image":{"@id":"https:\/\/www.isaitaly.com\/it\/euroshop-2023-innovazione-e-sostenibilita-per-isa\/#primaryimage"},"thumbnailUrl":"https:\/\/www.isaitaly.com\/wp-content\/uploads\/2023\/02\/Smartloop-euroshop-2023-1.jpg","articleSection":["Market"],"inLanguage":"it-IT","potentialAction":[{"@type":"CommentAction","name":"Comment","target":["https:\/\/www.isaitaly.com\/it\/euroshop-2023-innovazione-e-sostenibilita-per-isa\/#respond"]}]},{"@type":"WebPage","@id":"https:\/\/www.isaitaly.com\/it\/euroshop-2023-innovazione-e-sostenibilita-per-isa\/","url":"https:\/\/www.isaitaly.com\/it\/euroshop-2023-innovazione-e-sostenibilita-per-isa\/","name":"Euroshop 2023: ISA Market Overview | ISA","isPartOf":{"@id":"https:\/\/www.isaitaly.com\/it\/#website"},"primaryImageOfPage":{"@id":"https:\/\/www.isaitaly.com\/it\/euroshop-2023-innovazione-e-sostenibilita-per-isa\/#primaryimage"},"image":{"@id":"https:\/\/www.isaitaly.com\/it\/euroshop-2023-innovazione-e-sostenibilita-per-isa\/#primaryimage"},"thumbnailUrl":"https:\/\/www.isaitaly.com\/wp-content\/uploads\/2023\/02\/Smartloop-euroshop-2023-1.jpg","datePublished":"2023-02-25T23:49:41+00:00","dateModified":"2023-03-22T14:06:48+00:00","author":{"@id":"https:\/\/www.isaitaly.com\/it\/#\/schema\/person\/a037a937bb57eff6090f0fb3a141652f"},"description":"Dal 26 Febbraio al 2 marzo a D\u00fcsseldorf ha preso vita Euroshop 2023, la fiera numero 1 al mondo dedicata interamente al commercio al dettaglio. ISA ha partecipato all\u2019importante appuntamento triennale presentando molte nuove proposte con il costante impegno verso l\u2019innovazione e la nostra missione in favore della sostenibilit\u00e0.","breadcrumb":{"@id":"https:\/\/www.isaitaly.com\/it\/euroshop-2023-innovazione-e-sostenibilita-per-isa\/#breadcrumb"},"inLanguage":"it-IT","potentialAction":[{"@type":"ReadAction","target":["https:\/\/www.isaitaly.com\/it\/euroshop-2023-innovazione-e-sostenibilita-per-isa\/"]}]},{"@type":"ImageObject","inLanguage":"it-IT","@id":"https:\/\/www.isaitaly.com\/it\/euroshop-2023-innovazione-e-sostenibilita-per-isa\/#primaryimage","url":"https:\/\/www.isaitaly.com\/wp-content\/uploads\/2023\/02\/Smartloop-euroshop-2023-1.jpg","contentUrl":"https:\/\/www.isaitaly.com\/wp-content\/uploads\/2023\/02\/Smartloop-euroshop-2023-1.jpg","width":950,"height":634},{"@type":"BreadcrumbList","@id":"https:\/\/www.isaitaly.com\/it\/euroshop-2023-innovazione-e-sostenibilita-per-isa\/#breadcrumb","itemListElement":[{"@type":"ListItem","position":1,"name":"Home","item":"https:\/\/www.isaitaly.com\/it\/"},{"@type":"ListItem","position":2,"name":"Euroshop 2023: ISA Market Overview"}]},{"@type":"WebSite","@id":"https:\/\/www.isaitaly.com\/it\/#website","url":"https:\/\/www.isaitaly.com\/it\/","name":"ISA","description":"","potentialAction":[{"@type":"SearchAction","target":{"@type":"EntryPoint","urlTemplate":"https:\/\/www.isaitaly.com\/it\/?s={search_term_string}"},"query-input":{"@type":"PropertyValueSpecification","valueRequired":true,"valueName":"search_term_string"}}],"inLanguage":"it-IT"},{"@type":"Person","@id":"https:\/\/www.isaitaly.com\/it\/#\/schema\/person\/a037a937bb57eff6090f0fb3a141652f","name":"Chiara Ragni","image":{"@type":"ImageObject","inLanguage":"it-IT","@id":"https:\/\/www.isaitaly.com\/it\/#\/schema\/person\/image\/","url":"https:\/\/secure.gravatar.com\/avatar\/beac86d476d522474ef1f9de9fb8dc49?s=96&d=mm&r=g","contentUrl":"https:\/\/secure.gravatar.com\/avatar\/beac86d476d522474ef1f9de9fb8dc49?s=96&d=mm&r=g","caption":"Chiara Ragni"},"url":"https:\/\/www.isaitaly.com\/it\/author\/chiara-ragni\/"}]}},"_links":{"self":[{"href":"https:\/\/www.isaitaly.com\/it\/wp-json\/wp\/v2\/posts\/96545","targetHints":{"allow":["GET"]}}],"collection":[{"href":"https:\/\/www.isaitaly.com\/it\/wp-json\/wp\/v2\/posts"}],"about":[{"href":"https:\/\/www.isaitaly.com\/it\/wp-json\/wp\/v2\/types\/post"}],"author":[{"embeddable":true,"href":"https:\/\/www.isaitaly.com\/it\/wp-json\/wp\/v2\/users\/3"}],"replies":[{"embeddable":true,"href":"https:\/\/www.isaitaly.com\/it\/wp-json\/wp\/v2\/comments?post=96545"}],"version-history":[{"count":53,"href":"https:\/\/www.isaitaly.com\/it\/wp-json\/wp\/v2\/posts\/96545\/revisions"}],"predecessor-version":[{"id":97436,"href":"https:\/\/www.isaitaly.com\/it\/wp-json\/wp\/v2\/posts\/96545\/revisions\/97436"}],"wp:featuredmedia":[{"embeddable":true,"href":"https:\/\/www.isaitaly.com\/it\/wp-json\/wp\/v2\/media\/96649"}],"wp:attachment":[{"href":"https:\/\/www.isaitaly.com\/it\/wp-json\/wp\/v2\/media?parent=96545"}],"wp:term":[{"taxonomy":"category","embeddable":true,"href":"https:\/\/www.isaitaly.com\/it\/wp-json\/wp\/v2\/categories?post=96545"},{"taxonomy":"post_tag","embeddable":true,"href":"https:\/\/www.isaitaly.com\/it\/wp-json\/wp\/v2\/tags?post=96545"}],"curies":[{"name":"wp","href":"https:\/\/api.w.org\/{rel}","templated":true}]}}