{"id":83070,"date":"2022-08-10T16:30:44","date_gmt":"2022-08-10T14:30:44","guid":{"rendered":"https:\/\/www.isaitaly.com\/?p=83070"},"modified":"2022-08-10T16:04:37","modified_gmt":"2022-08-10T14:04:37","slug":"vendita-gelati-l-attrezzatura-professionale-necessaria","status":"publish","type":"post","link":"https:\/\/www.isaitaly.com\/it\/vendita-gelati-l-attrezzatura-professionale-necessaria\/","title":{"rendered":"Vendita gelati: l&#8217;attrezzatura professionale necessaria"},"content":{"rendered":"<p><span class=\"TextRun SCXW244726673 BCX0\" lang=\"IT-IT\" xml:lang=\"IT-IT\" data-contrast=\"auto\"><span class=\"NormalTextRun SCXW244726673 BCX0\">Gli accorgimenti tecnici per vendere il gelato si pongono tre obiettivi principali: garantire la perfetta visibilit\u00e0 del prodotto, la sua perfetta conservazione e l\u2019alto livello del servizio. Quali sono i macchinari irrinunciabili per la preparazione e lo stoccaggio del gelato artigianale e da cosa dipende il costo dell\u2019attrezzatura per gelateria?\u00a0<\/span><\/span><span class=\"EOP SCXW244726673 BCX0\" data-ccp-props=\"{&quot;201341983&quot;:0,&quot;335559739&quot;:0,&quot;335559740&quot;:240}\">\u00a0<\/span><\/p>\n<h2><span class=\"TextRun SCXW168261833 BCX0\" lang=\"IT-IT\" xml:lang=\"IT-IT\" data-contrast=\"auto\"><span class=\"NormalTextRun SCXW168261833 BCX0\">Vetrine professionali per la vendita del gelato<\/span><\/span><span class=\"EOP SCXW168261833 BCX0\" data-ccp-props=\"{&quot;201341983&quot;:0,&quot;335559739&quot;:0,&quot;335559740&quot;:240}\">\u00a0<\/span><\/h2>\n<p><span class=\"TextRun SCXW136762967 BCX0\" lang=\"IT-IT\" xml:lang=\"IT-IT\" data-contrast=\"auto\"><span class=\"NormalTextRun SCXW136762967 BCX0\">Stabilire un budget per la gelateria artigianale non \u00e8 impresa semplice. Il livello delle attrezzature, cos\u00ec come i volumi di produzione e di vendita, influenzano inevitabilmente i costi, specie se l\u2019obiettivo \u00e8 offrire la massima qualit\u00e0 del prodotto e del servizio. Il primo aspetto da considerare \u00e8 l\u2019<\/span><\/span><strong><span class=\"TextRun SCXW136762967 BCX0\" lang=\"IT-IT\" xml:lang=\"IT-IT\" data-contrast=\"auto\"><span class=\"NormalTextRun SCXW136762967 BCX0\">allestimento del punto vendita <\/span><\/span><\/strong><span class=\"TextRun SCXW136762967 BCX0\" lang=\"IT-IT\" xml:lang=\"IT-IT\" data-contrast=\"auto\"><span class=\"NormalTextRun SCXW136762967 BCX0\">e, dunque, la scelta dei <\/span><\/span><span style=\"text-decoration: underline;\"><a class=\"Hyperlink SCXW136762967 BCX0\" href=\"https:\/\/www.isaitaly.com\/it\/vetrine-gelateria-pasticceria\/vetrine-gelato-professionali\/\" target=\"_blank\" rel=\"noreferrer noopener\"><span class=\"TextRun Underlined SCXW136762967 BCX0\" lang=\"IT-IT\" xml:lang=\"IT-IT\" data-contrast=\"none\"><span class=\"NormalTextRun SCXW136762967 BCX0\">banchi gelateria<\/span><\/span><\/a><\/span><span class=\"TextRun SCXW136762967 BCX0\" lang=\"IT-IT\" xml:lang=\"IT-IT\" data-contrast=\"auto\"><span class=\"NormalTextRun SCXW136762967 BCX0\"> professionali. L\u2019ideale <\/span><span class=\"NormalTextRun ContextualSpellingAndGrammarErrorV2Themed SCXW136762967 BCX0\">\u00e8 coniugare elevate<\/span><span class=\"NormalTextRun SCXW136762967 BCX0\"> prestazioni tecniche e design di alto livello per enfatizzare l\u2019appeal del prodotto. <\/span><\/span><span class=\"ContentControl SCXW136762967 BCX0\" role=\"group\" aria-label=\"Controllo contenuto RTF\"><span class=\"TrackChangeTextInsertion TrackedChange SCXW136762967 BCX0\"><span class=\"TextRun SCXW136762967 BCX0\" lang=\"IT-IT\" xml:lang=\"IT-IT\" data-contrast=\"auto\"><span class=\"NormalTextRun SCXW136762967 BCX0\">Un esempio \u00e8<\/span><\/span><\/span><\/span>\u00a0<span style=\"text-decoration: underline;\"><a class=\"Hyperlink SCXW136762967 BCX0\" href=\"https:\/\/www.isaitaly.com\/it\/prodotto\/gelato-pastry\/vetrine-gelato\/stratos\/\" target=\"_blank\" rel=\"noreferrer noopener\"><span class=\"TextRun Underlined SCXW136762967 BCX0\" lang=\"IT-IT\" xml:lang=\"IT-IT\" data-contrast=\"none\"><span class=\"NormalTextRun SCXW136762967 BCX0\">Stratos<\/span><\/span><\/a><\/span><span class=\"TextRun SCXW136762967 BCX0\" lang=\"IT-IT\" xml:lang=\"IT-IT\" data-contrast=\"auto\"><span class=\"NormalTextRun SCXW136762967 BCX0\"> di ISA, la vetrina <\/span><\/span><span class=\"ContentControl SCXW136762967 BCX0\" role=\"group\" aria-label=\"Controllo contenuto RTF\"><span class=\"TrackChangeTextInsertion TrackedChange SCXW136762967 BCX0\"><span class=\"TextRun SCXW136762967 BCX0\" lang=\"IT-IT\" xml:lang=\"IT-IT\" data-contrast=\"auto\"><span class=\"NormalTextRun SCXW136762967 BCX0\">professionale <\/span><\/span><\/span><\/span><span class=\"TextRun SCXW136762967 BCX0\" lang=\"IT-IT\" xml:lang=\"IT-IT\" data-contrast=\"auto\"><span class=\"NormalTextRun SCXW136762967 BCX0\">di alta gamma che sposa stile e prestazioni tecniche avanzate. Fra queste spiccano tre tipologie di ventilazione per mantenere una <\/span><\/span><strong><span class=\"TextRun SCXW136762967 BCX0\" lang=\"IT-IT\" xml:lang=\"IT-IT\" data-contrast=\"auto\"><span class=\"NormalTextRun SCXW136762967 BCX0\">temperatura<\/span><\/span><\/strong><span class=\"TextRun SCXW136762967 BCX0\" lang=\"IT-IT\" xml:lang=\"IT-IT\" data-contrast=\"auto\"><span class=\"NormalTextRun SCXW136762967 BCX0\"> e un grado di <\/span><\/span><strong><span class=\"TextRun SCXW136762967 BCX0\" lang=\"IT-IT\" xml:lang=\"IT-IT\" data-contrast=\"auto\"><span class=\"NormalTextRun SCXW136762967 BCX0\">umidit\u00e0<\/span><\/span><\/strong><span class=\"TextRun SCXW136762967 BCX0\" lang=\"IT-IT\" xml:lang=\"IT-IT\" data-contrast=\"auto\"><span class=\"NormalTextRun SCXW136762967 BCX0\"> perfetto.\u00a0<\/span><\/span><span class=\"EOP SCXW136762967 BCX0\" data-ccp-props=\"{&quot;201341983&quot;:0,&quot;335559739&quot;:0,&quot;335559740&quot;:240}\">\u00a0<\/span><\/p>\n<p><img loading=\"lazy\" decoding=\"async\" class=\"alignnone size-full wp-image-83092\" src=\"https:\/\/www.isaitaly.com\/wp-content\/uploads\/2022\/08\/ISA-STRATOS-72-RGB-7.jpg\" alt=\"isa stratos\" width=\"2000\" height=\"1414\" srcset=\"https:\/\/www.isaitaly.com\/wp-content\/uploads\/2022\/08\/ISA-STRATOS-72-RGB-7.jpg 2000w, https:\/\/www.isaitaly.com\/wp-content\/uploads\/2022\/08\/ISA-STRATOS-72-RGB-7-1280x905.jpg 1280w, https:\/\/www.isaitaly.com\/wp-content\/uploads\/2022\/08\/ISA-STRATOS-72-RGB-7-980x693.jpg 980w, https:\/\/www.isaitaly.com\/wp-content\/uploads\/2022\/08\/ISA-STRATOS-72-RGB-7-480x339.jpg 480w\" sizes=\"auto, (min-width: 0px) and (max-width: 480px) 480px, (min-width: 481px) and (max-width: 980px) 980px, (min-width: 981px) and (max-width: 1280px) 1280px, (min-width: 1281px) 2000px, 100vw\" \/><\/p>\n<p><span class=\"TextRun SCXW159330540 BCX0\" lang=\"IT-IT\" xml:lang=\"IT-IT\" data-contrast=\"auto\"><span class=\"NormalTextRun SCXW159330540 BCX0\">La qualit\u00e0 tecnica ed estetica degli espositori \u00e8 essenziale per vendere il gelato e per valorizzare tutti gli aspetti del prodotto: un obiettivo perfettamente centrato anche dalle <\/span><\/span><span style=\"text-decoration: underline;\"><a class=\"Hyperlink SCXW159330540 BCX0\" href=\"https:\/\/www.isaitaly.com\/it\/prodotto\/gelato-pastry\/vetrine-gelato\/supercapri\/\" target=\"_blank\" rel=\"noreferrer noopener\"><span class=\"TextRun Underlined SCXW159330540 BCX0\" lang=\"IT-IT\" xml:lang=\"IT-IT\" data-contrast=\"none\"><span class=\"NormalTextRun SCXW159330540 BCX0\">vetrine Supercapri<\/span><\/span><\/a><\/span><span class=\"TextRun SCXW159330540 BCX0\" lang=\"IT-IT\" xml:lang=\"IT-IT\" data-contrast=\"auto\"><span class=\"NormalTextRun SCXW159330540 BCX0\">, equipaggiate con <\/span><\/span><span class=\"TextRun SCXW159330540 BCX0\" lang=\"IT-IT\" xml:lang=\"IT-IT\" data-contrast=\"auto\"><span class=\"NormalTextRun SCXW159330540 BCX0\"><strong>vetri<\/strong> <strong>riscaldati<\/strong><\/span><\/span><span class=\"TextRun SCXW159330540 BCX0\" lang=\"IT-IT\" xml:lang=\"IT-IT\" data-contrast=\"auto\"><span class=\"NormalTextRun SCXW159330540 BCX0\"> per gestire tutte le condizioni climatiche e gestire facilmente il problema della <\/span><\/span><strong><span class=\"TextRun SCXW159330540 BCX0\" lang=\"IT-IT\" xml:lang=\"IT-IT\" data-contrast=\"auto\"><span class=\"NormalTextRun SCXW159330540 BCX0\">condensa<\/span><\/span><\/strong><span class=\"TextRun SCXW159330540 BCX0\" lang=\"IT-IT\" xml:lang=\"IT-IT\" data-contrast=\"auto\"><span class=\"NormalTextRun SCXW159330540 BCX0\">. Grande efficienza \u00e8 garantita anche dagli impianti di refrigerazione delle <\/span><\/span><span style=\"text-decoration: underline;\"><a class=\"Hyperlink SCXW159330540 BCX0\" href=\"https:\/\/www.isaitaly.com\/it\/prodotto\/gelato-pastry\/vetrine-gelato\/millenium-lx\/\" target=\"_blank\" rel=\"noreferrer noopener\"><span class=\"TextRun Underlined SCXW159330540 BCX0\" lang=\"IT-IT\" xml:lang=\"IT-IT\" data-contrast=\"none\"><span class=\"NormalTextRun SCXW159330540 BCX0\">vetrine Millennium<\/span><\/span><\/a><\/span><span class=\"TextRun SCXW159330540 BCX0\" lang=\"IT-IT\" xml:lang=\"IT-IT\" data-contrast=\"auto\"><span class=\"NormalTextRun SCXW159330540 BCX0\">, con <\/span><\/span><strong><span class=\"TextRun SCXW159330540 BCX0\" lang=\"IT-IT\" xml:lang=\"IT-IT\" data-contrast=\"auto\"><span class=\"NormalTextRun SCXW159330540 BCX0\">sbrinamento automatico a inversione di ciclo<\/span><\/span><\/strong><span class=\"TextRun SCXW159330540 BCX0\" lang=\"IT-IT\" xml:lang=\"IT-IT\" data-contrast=\"auto\"><span class=\"NormalTextRun SCXW159330540 BCX0\"> e ventilatori elettronici a risparmio energetico. Al netto della grande qualit\u00e0 tecnica, l\u2019eleganza delle linee \u00e8 espressa al massimo dagli <\/span><\/span><span style=\"text-decoration: underline;\"><a class=\"Hyperlink SCXW159330540 BCX0\" href=\"https:\/\/www.isaitaly.com\/it\/prodotto\/gelato-pastry\/vetrine-gelato\/diva\/\" target=\"_blank\" rel=\"noreferrer noopener\"><span class=\"TextRun Underlined SCXW159330540 BCX0\" lang=\"IT-IT\" xml:lang=\"IT-IT\" data-contrast=\"none\"><span class=\"NormalTextRun SCXW159330540 BCX0\">espositori Diva<\/span><\/span><\/a><\/span><span class=\"TextRun SCXW159330540 BCX0\" lang=\"IT-IT\" xml:lang=\"IT-IT\" data-contrast=\"auto\"><span class=\"NormalTextRun SCXW159330540 BCX0\"> e dalle vetrine <\/span><span class=\"NormalTextRun SpellingErrorV2Themed SCXW159330540 BCX0\">Oneshow<\/span><span class=\"NormalTextRun SCXW159330540 BCX0\">, una su tutte la <\/span><\/span><span style=\"text-decoration: underline;\"><a class=\"Hyperlink SCXW159330540 BCX0\" href=\"https:\/\/www.isaitaly.com\/it\/prodotto\/gelato-pastry\/vetrine-gelato\/oneshow-stand\/\" target=\"_blank\" rel=\"noreferrer noopener\"><span class=\"TextRun Underlined SCXW159330540 BCX0\" lang=\"IT-IT\" xml:lang=\"IT-IT\" data-contrast=\"none\"><span class=\"NormalTextRun SCXW159330540 BCX0\">versione Stand<\/span><\/span><\/a><\/span><span class=\"TextRun SCXW159330540 BCX0\" lang=\"IT-IT\" xml:lang=\"IT-IT\" data-contrast=\"auto\"><span class=\"NormalTextRun SCXW159330540 BCX0\"> con piedistallo. Non meno seducente la versione <span style=\"text-decoration: underline;\"><span class=\"ContentControl SCXW159330540 BCX0\" role=\"group\" aria-label=\"Controllo contenuto RTF\"><a class=\"Hyperlink SCXW159330540 BCX0\" href=\"https:\/\/www.isaitaly.com\/it\/prodotto\/gelato-pastry\/vetrine-gelato\/oneshow-base\/\" target=\"_blank\" rel=\"noreferrer noopener\"><span class=\"TrackChangeTextInsertion TrackedChange SCXW159330540 BCX0\"><span class=\"FieldRange SCXW159330540 BCX0\"><span class=\"TextRun Underlined SCXW159330540 BCX0\" lang=\"IT-IT\" xml:lang=\"IT-IT\" data-contrast=\"none\">Oneshow<\/span><\/span><\/span><\/a><a class=\"Hyperlink SCXW159330540 BCX0\" href=\"https:\/\/www.isaitaly.com\/it\/prodotto\/gelato-pastry\/vetrine-gelato\/oneshow-base\/\" target=\"_blank\" rel=\"noreferrer noopener\"><span class=\"TrackChangeTextInsertion TrackedChange SCXW159330540 BCX0\"><span class=\"FieldRange SCXW159330540 BCX0\"><span class=\"TextRun Underlined SCXW159330540 BCX0\" lang=\"IT-IT\" xml:lang=\"IT-IT\" data-contrast=\"none\"> Base<\/span><\/span><\/span><\/a><\/span><\/span>, dal look spiccatamente contemporaneo che condivide col modello precedente l\u2019eccezionale visibilit\u00e0 del prodotto e gli ingombri ridotti al minimo. Non manca la possibilit\u00e0 di orientarsi su un modello pi\u00f9 \u201c<span class=\"NormalTextRun SpellingErrorV2Themed SCXW159330540 BCX0\">basic<\/span>\u201d con ruote <span class=\"NormalTextRun SpellingErrorV2Themed SCXW159330540 BCX0\">pivottanti<\/span>, la vetrina <span style=\"text-decoration: underline;\"><span class=\"ContentControl SCXW159330540 BCX0\" role=\"group\" aria-label=\"Controllo contenuto RTF\"><a class=\"Hyperlink SCXW159330540 BCX0\" href=\"https:\/\/www.isaitaly.com\/it\/prodotto\/gelato-pastry\/vetrine-gelato\/oneshow-free\/\" target=\"_blank\" rel=\"noreferrer noopener\"><span class=\"TrackChangeTextInsertion TrackedChange SCXW159330540 BCX0\"><span class=\"FieldRange SCXW159330540 BCX0\"><span class=\"TextRun Underlined SCXW159330540 BCX0\" lang=\"IT-IT\" xml:lang=\"IT-IT\" data-contrast=\"none\">Oneshow Free<\/span><\/span><\/span><\/a><\/span><\/span> con installazione plug-in o <span class=\"NormalTextRun SpellingErrorV2Themed SCXW159330540 BCX0\">remotizzata<\/span>, disponibile come optional. Tutte le varianti citate possono essere equipaggiate con configurazione <strong>Dual Temperature<\/strong> per trasformare facilmente l\u2019espositore da vetrina per gelateria a vetrina per prodotti di pasticceria. Il layout, inoltre, pu\u00f2 essere personalizzato grazie a un\u2019ampia gamma di finiture e materiali di pregio.<\/span><\/span><\/p>\n<h2><span class=\"TextRun SCXW92285070 BCX0\" lang=\"IT-IT\" xml:lang=\"IT-IT\" data-contrast=\"auto\"><span class=\"NormalTextRun SCXW92285070 BCX0\">L\u2019attrezzatura per il laboratorio di gelateria<\/span><\/span><\/h2>\n<p><span data-contrast=\"auto\">Il \u201cdietro le quinte\u201d \u00e8 altrettanto importante: la scelta delle macchine per il <\/span><b><span data-contrast=\"auto\">laboratorio di produzione<\/span><\/b><span data-contrast=\"auto\"> \u00e8 fondamentale e incide molto sul costo delle attrezzature per gelateria. Al di l\u00e0 dei mantecatori, dei pastorizzatori e di altre macchine speciali come gli emulsionatori e i cuocicrema, massima attenzione deve essere dedicata alla selezione degli <\/span><b><span data-contrast=\"auto\">armadi refrigerati<\/span><\/b><span data-contrast=\"auto\"> e degli <\/span><b><span data-contrast=\"auto\">abbattitori<\/span><\/b><span data-contrast=\"auto\">. Il catalogo Lab di ISA \u00e8 una garanzia, grazie a una gamma completa di attrezzature per gestire e stoccare i prodotti di gelateria e pasticceria, equipaggiate con sistema di refrigerazione statica o ventilata. Gli armadi e abbattitori Lab, come gli <\/span><span style=\"text-decoration: underline;\"><a href=\"https:\/\/www.isaitaly.com\/it\/prodotto\/lab\/abbattitori\/zero\/\">abbattitori Zero<\/a><\/span><span data-contrast=\"auto\">, rappresentano la perfetta sintesi di potenza, ergonomia e sostenibilit\u00e0 ambientale al servizio dei laboratori di gelateria (e non solo).\u00a0<\/span><span data-ccp-props=\"{&quot;201341983&quot;:0,&quot;335559739&quot;:0,&quot;335559740&quot;:240}\">\u00a0<\/span><\/p>\n<p>&nbsp;<\/p>\n<p><span data-contrast=\"auto\">Per la conservazione e lo stoccaggio del gelato artigianale, il punto di riferimento sono i prodotti a marchio <\/span><span style=\"text-decoration: underline;\"><a href=\"https:\/\/www.isaitaly.com\/it\/prodotto\/lab\/armadi-refrigerati\/labor-plus\/\">Labor Plus<\/a><\/span><span data-contrast=\"auto\"> e <span style=\"text-decoration: underline;\"><a href=\"https:\/\/www.isaitaly.com\/it\/prodotto\/lab\/armadi-refrigerati\/magnum-plus\/\" target=\"_blank\" rel=\"noopener\">Magnum Plus<\/a><\/span>. Facili da pulire ed ergonomici, gli <\/span><b><span data-contrast=\"auto\">armadi conservatori<\/span><\/b><span data-contrast=\"auto\"> GE Evo, GE Plus e <\/span><b><span data-contrast=\"auto\">Labor Plus<\/span><\/b><span data-contrast=\"auto\"> sono perfetti per l\u2019uso quotidiano e per semplificare la manutenzione di tutti i giorni. Progettati per la conservazione di gelato, stecchi, semifreddi, torte gelato e mousse, sono dotati, a seconda del modello, di sistema di refrigerazione ventilato o statico con agitatore. Fra tutti, <\/span><b><span data-contrast=\"auto\">Magnum Plus<\/span><\/b><span data-contrast=\"auto\"> spicca per l\u2019alta capacit\u00e0 di carico e per la versatilit\u00e0 di allestimento.<\/span><span data-ccp-props=\"{&quot;201341983&quot;:0,&quot;335559739&quot;:0,&quot;335559740&quot;:240}\">\u00a0<\/span><\/p>\n","protected":false},"excerpt":{"rendered":"<p>Gli accorgimenti tecnici per vendere il gelato si pongono tre obiettivi principali: garantire la perfetta visibilit\u00e0 del prodotto, la sua perfetta conservazione e l\u2019alto livello del servizio. Quali sono i macchinari irrinunciabili per la preparazione e lo stoccaggio del gelato artigianale e da cosa dipende il costo dell\u2019attrezzatura per gelateria?\u00a0\u00a0<\/p>\n","protected":false},"author":3,"featured_media":83087,"comment_status":"open","ping_status":"open","sticky":false,"template":"","format":"standard","meta":{"_et_pb_use_builder":"","_et_pb_old_content":"","_et_gb_content_width":"","footnotes":""},"categories":[117,108],"tags":[],"class_list":["post-83070","post","type-post","status-publish","format-standard","has-post-thumbnail","hentry","category-news","category-gelato-pastry"],"acf":[],"yoast_head":"<!-- This site is optimized with the Yoast SEO plugin v26.8 - https:\/\/yoast.com\/product\/yoast-seo-wordpress\/ -->\n<title>Attrezzatura gelateria: cosa serve ai professionisti | ISA<\/title>\n<meta name=\"description\" content=\"Quali sono i must have per conservare e vendere il gelato e qual \u00e8 il costo dell\u2019attrezzatura per gelateria? Scegli ISA per avere il meglio.\" \/>\n<meta name=\"robots\" content=\"index, follow, max-snippet:-1, max-image-preview:large, max-video-preview:-1\" \/>\n<link rel=\"canonical\" href=\"https:\/\/www.isaitaly.com\/it\/vendita-gelati-l-attrezzatura-professionale-necessaria\/\" \/>\n<meta property=\"og:locale\" content=\"it_IT\" \/>\n<meta property=\"og:type\" content=\"article\" \/>\n<meta property=\"og:title\" content=\"Attrezzatura gelateria: cosa serve ai professionisti | ISA\" \/>\n<meta property=\"og:description\" content=\"Quali sono i must have per conservare e vendere il gelato e qual \u00e8 il costo dell\u2019attrezzatura per gelateria? Scegli ISA per avere il meglio.\" \/>\n<meta property=\"og:url\" content=\"https:\/\/www.isaitaly.com\/it\/vendita-gelati-l-attrezzatura-professionale-necessaria\/\" \/>\n<meta property=\"og:site_name\" content=\"ISA\" \/>\n<meta property=\"article:published_time\" content=\"2022-08-10T14:30:44+00:00\" \/>\n<meta property=\"og:image\" content=\"https:\/\/www.isaitaly.com\/wp-content\/uploads\/2022\/08\/ISA-ONESHOW-FREE-72-RGB-1-1024x724.jpg\" \/>\n\t<meta property=\"og:image:width\" content=\"1024\" \/>\n\t<meta property=\"og:image:height\" content=\"724\" \/>\n\t<meta property=\"og:image:type\" content=\"image\/jpeg\" \/>\n<meta name=\"author\" content=\"Chiara Ragni\" \/>\n<meta name=\"twitter:card\" content=\"summary_large_image\" \/>\n<meta name=\"twitter:label1\" content=\"Scritto da\" \/>\n\t<meta name=\"twitter:data1\" content=\"Chiara Ragni\" \/>\n\t<meta name=\"twitter:label2\" content=\"Tempo di lettura stimato\" \/>\n\t<meta name=\"twitter:data2\" content=\"4 minuti\" \/>\n<script type=\"application\/ld+json\" class=\"yoast-schema-graph\">{\"@context\":\"https:\/\/schema.org\",\"@graph\":[{\"@type\":\"Article\",\"@id\":\"https:\/\/www.isaitaly.com\/it\/vendita-gelati-l-attrezzatura-professionale-necessaria\/#article\",\"isPartOf\":{\"@id\":\"https:\/\/www.isaitaly.com\/it\/vendita-gelati-l-attrezzatura-professionale-necessaria\/\"},\"author\":{\"name\":\"Chiara Ragni\",\"@id\":\"https:\/\/www.isaitaly.com\/it\/#\/schema\/person\/a037a937bb57eff6090f0fb3a141652f\"},\"headline\":\"Vendita gelati: l&#8217;attrezzatura professionale necessaria\",\"datePublished\":\"2022-08-10T14:30:44+00:00\",\"mainEntityOfPage\":{\"@id\":\"https:\/\/www.isaitaly.com\/it\/vendita-gelati-l-attrezzatura-professionale-necessaria\/\"},\"wordCount\":589,\"commentCount\":0,\"image\":{\"@id\":\"https:\/\/www.isaitaly.com\/it\/vendita-gelati-l-attrezzatura-professionale-necessaria\/#primaryimage\"},\"thumbnailUrl\":\"https:\/\/www.isaitaly.com\/wp-content\/uploads\/2022\/08\/ISA-ONESHOW-FREE-72-RGB-1.jpg\",\"articleSection\":[\"News\",\"Gelato &amp; Pastry\"],\"inLanguage\":\"it-IT\",\"potentialAction\":[{\"@type\":\"CommentAction\",\"name\":\"Comment\",\"target\":[\"https:\/\/www.isaitaly.com\/it\/vendita-gelati-l-attrezzatura-professionale-necessaria\/#respond\"]}]},{\"@type\":\"WebPage\",\"@id\":\"https:\/\/www.isaitaly.com\/it\/vendita-gelati-l-attrezzatura-professionale-necessaria\/\",\"url\":\"https:\/\/www.isaitaly.com\/it\/vendita-gelati-l-attrezzatura-professionale-necessaria\/\",\"name\":\"Attrezzatura gelateria: cosa serve ai professionisti | ISA\",\"isPartOf\":{\"@id\":\"https:\/\/www.isaitaly.com\/it\/#website\"},\"primaryImageOfPage\":{\"@id\":\"https:\/\/www.isaitaly.com\/it\/vendita-gelati-l-attrezzatura-professionale-necessaria\/#primaryimage\"},\"image\":{\"@id\":\"https:\/\/www.isaitaly.com\/it\/vendita-gelati-l-attrezzatura-professionale-necessaria\/#primaryimage\"},\"thumbnailUrl\":\"https:\/\/www.isaitaly.com\/wp-content\/uploads\/2022\/08\/ISA-ONESHOW-FREE-72-RGB-1.jpg\",\"datePublished\":\"2022-08-10T14:30:44+00:00\",\"author\":{\"@id\":\"https:\/\/www.isaitaly.com\/it\/#\/schema\/person\/a037a937bb57eff6090f0fb3a141652f\"},\"description\":\"Quali sono i must have per conservare e vendere il gelato e qual \u00e8 il costo dell\u2019attrezzatura per gelateria? Scegli ISA per avere il meglio.\",\"breadcrumb\":{\"@id\":\"https:\/\/www.isaitaly.com\/it\/vendita-gelati-l-attrezzatura-professionale-necessaria\/#breadcrumb\"},\"inLanguage\":\"it-IT\",\"potentialAction\":[{\"@type\":\"ReadAction\",\"target\":[\"https:\/\/www.isaitaly.com\/it\/vendita-gelati-l-attrezzatura-professionale-necessaria\/\"]}]},{\"@type\":\"ImageObject\",\"inLanguage\":\"it-IT\",\"@id\":\"https:\/\/www.isaitaly.com\/it\/vendita-gelati-l-attrezzatura-professionale-necessaria\/#primaryimage\",\"url\":\"https:\/\/www.isaitaly.com\/wp-content\/uploads\/2022\/08\/ISA-ONESHOW-FREE-72-RGB-1.jpg\",\"contentUrl\":\"https:\/\/www.isaitaly.com\/wp-content\/uploads\/2022\/08\/ISA-ONESHOW-FREE-72-RGB-1.jpg\",\"width\":2000,\"height\":1414,\"caption\":\"Isa oneshow free\"},{\"@type\":\"BreadcrumbList\",\"@id\":\"https:\/\/www.isaitaly.com\/it\/vendita-gelati-l-attrezzatura-professionale-necessaria\/#breadcrumb\",\"itemListElement\":[{\"@type\":\"ListItem\",\"position\":1,\"name\":\"Home\",\"item\":\"https:\/\/www.isaitaly.com\/it\/\"},{\"@type\":\"ListItem\",\"position\":2,\"name\":\"Vendita gelati: l&#8217;attrezzatura professionale necessaria\"}]},{\"@type\":\"WebSite\",\"@id\":\"https:\/\/www.isaitaly.com\/it\/#website\",\"url\":\"https:\/\/www.isaitaly.com\/it\/\",\"name\":\"ISA\",\"description\":\"\",\"potentialAction\":[{\"@type\":\"SearchAction\",\"target\":{\"@type\":\"EntryPoint\",\"urlTemplate\":\"https:\/\/www.isaitaly.com\/it\/?s={search_term_string}\"},\"query-input\":{\"@type\":\"PropertyValueSpecification\",\"valueRequired\":true,\"valueName\":\"search_term_string\"}}],\"inLanguage\":\"it-IT\"},{\"@type\":\"Person\",\"@id\":\"https:\/\/www.isaitaly.com\/it\/#\/schema\/person\/a037a937bb57eff6090f0fb3a141652f\",\"name\":\"Chiara Ragni\",\"image\":{\"@type\":\"ImageObject\",\"inLanguage\":\"it-IT\",\"@id\":\"https:\/\/www.isaitaly.com\/it\/#\/schema\/person\/image\/\",\"url\":\"https:\/\/secure.gravatar.com\/avatar\/beac86d476d522474ef1f9de9fb8dc49?s=96&d=mm&r=g\",\"contentUrl\":\"https:\/\/secure.gravatar.com\/avatar\/beac86d476d522474ef1f9de9fb8dc49?s=96&d=mm&r=g\",\"caption\":\"Chiara Ragni\"},\"url\":\"https:\/\/www.isaitaly.com\/it\/author\/chiara-ragni\/\"}]}<\/script>\n<!-- \/ Yoast SEO plugin. -->","yoast_head_json":{"title":"Attrezzatura gelateria: cosa serve ai professionisti | ISA","description":"Quali sono i must have per conservare e vendere il gelato e qual \u00e8 il costo dell\u2019attrezzatura per gelateria? Scegli ISA per avere il meglio.","robots":{"index":"index","follow":"follow","max-snippet":"max-snippet:-1","max-image-preview":"max-image-preview:large","max-video-preview":"max-video-preview:-1"},"canonical":"https:\/\/www.isaitaly.com\/it\/vendita-gelati-l-attrezzatura-professionale-necessaria\/","og_locale":"it_IT","og_type":"article","og_title":"Attrezzatura gelateria: cosa serve ai professionisti | ISA","og_description":"Quali sono i must have per conservare e vendere il gelato e qual \u00e8 il costo dell\u2019attrezzatura per gelateria? Scegli ISA per avere il meglio.","og_url":"https:\/\/www.isaitaly.com\/it\/vendita-gelati-l-attrezzatura-professionale-necessaria\/","og_site_name":"ISA","article_published_time":"2022-08-10T14:30:44+00:00","og_image":[{"width":1024,"height":724,"url":"https:\/\/www.isaitaly.com\/wp-content\/uploads\/2022\/08\/ISA-ONESHOW-FREE-72-RGB-1-1024x724.jpg","type":"image\/jpeg"}],"author":"Chiara Ragni","twitter_card":"summary_large_image","twitter_misc":{"Scritto da":"Chiara Ragni","Tempo di lettura stimato":"4 minuti"},"schema":{"@context":"https:\/\/schema.org","@graph":[{"@type":"Article","@id":"https:\/\/www.isaitaly.com\/it\/vendita-gelati-l-attrezzatura-professionale-necessaria\/#article","isPartOf":{"@id":"https:\/\/www.isaitaly.com\/it\/vendita-gelati-l-attrezzatura-professionale-necessaria\/"},"author":{"name":"Chiara Ragni","@id":"https:\/\/www.isaitaly.com\/it\/#\/schema\/person\/a037a937bb57eff6090f0fb3a141652f"},"headline":"Vendita gelati: l&#8217;attrezzatura professionale necessaria","datePublished":"2022-08-10T14:30:44+00:00","mainEntityOfPage":{"@id":"https:\/\/www.isaitaly.com\/it\/vendita-gelati-l-attrezzatura-professionale-necessaria\/"},"wordCount":589,"commentCount":0,"image":{"@id":"https:\/\/www.isaitaly.com\/it\/vendita-gelati-l-attrezzatura-professionale-necessaria\/#primaryimage"},"thumbnailUrl":"https:\/\/www.isaitaly.com\/wp-content\/uploads\/2022\/08\/ISA-ONESHOW-FREE-72-RGB-1.jpg","articleSection":["News","Gelato &amp; Pastry"],"inLanguage":"it-IT","potentialAction":[{"@type":"CommentAction","name":"Comment","target":["https:\/\/www.isaitaly.com\/it\/vendita-gelati-l-attrezzatura-professionale-necessaria\/#respond"]}]},{"@type":"WebPage","@id":"https:\/\/www.isaitaly.com\/it\/vendita-gelati-l-attrezzatura-professionale-necessaria\/","url":"https:\/\/www.isaitaly.com\/it\/vendita-gelati-l-attrezzatura-professionale-necessaria\/","name":"Attrezzatura gelateria: cosa serve ai professionisti | ISA","isPartOf":{"@id":"https:\/\/www.isaitaly.com\/it\/#website"},"primaryImageOfPage":{"@id":"https:\/\/www.isaitaly.com\/it\/vendita-gelati-l-attrezzatura-professionale-necessaria\/#primaryimage"},"image":{"@id":"https:\/\/www.isaitaly.com\/it\/vendita-gelati-l-attrezzatura-professionale-necessaria\/#primaryimage"},"thumbnailUrl":"https:\/\/www.isaitaly.com\/wp-content\/uploads\/2022\/08\/ISA-ONESHOW-FREE-72-RGB-1.jpg","datePublished":"2022-08-10T14:30:44+00:00","author":{"@id":"https:\/\/www.isaitaly.com\/it\/#\/schema\/person\/a037a937bb57eff6090f0fb3a141652f"},"description":"Quali sono i must have per conservare e vendere il gelato e qual \u00e8 il costo dell\u2019attrezzatura per gelateria? Scegli ISA per avere il meglio.","breadcrumb":{"@id":"https:\/\/www.isaitaly.com\/it\/vendita-gelati-l-attrezzatura-professionale-necessaria\/#breadcrumb"},"inLanguage":"it-IT","potentialAction":[{"@type":"ReadAction","target":["https:\/\/www.isaitaly.com\/it\/vendita-gelati-l-attrezzatura-professionale-necessaria\/"]}]},{"@type":"ImageObject","inLanguage":"it-IT","@id":"https:\/\/www.isaitaly.com\/it\/vendita-gelati-l-attrezzatura-professionale-necessaria\/#primaryimage","url":"https:\/\/www.isaitaly.com\/wp-content\/uploads\/2022\/08\/ISA-ONESHOW-FREE-72-RGB-1.jpg","contentUrl":"https:\/\/www.isaitaly.com\/wp-content\/uploads\/2022\/08\/ISA-ONESHOW-FREE-72-RGB-1.jpg","width":2000,"height":1414,"caption":"Isa oneshow free"},{"@type":"BreadcrumbList","@id":"https:\/\/www.isaitaly.com\/it\/vendita-gelati-l-attrezzatura-professionale-necessaria\/#breadcrumb","itemListElement":[{"@type":"ListItem","position":1,"name":"Home","item":"https:\/\/www.isaitaly.com\/it\/"},{"@type":"ListItem","position":2,"name":"Vendita gelati: l&#8217;attrezzatura professionale necessaria"}]},{"@type":"WebSite","@id":"https:\/\/www.isaitaly.com\/it\/#website","url":"https:\/\/www.isaitaly.com\/it\/","name":"ISA","description":"","potentialAction":[{"@type":"SearchAction","target":{"@type":"EntryPoint","urlTemplate":"https:\/\/www.isaitaly.com\/it\/?s={search_term_string}"},"query-input":{"@type":"PropertyValueSpecification","valueRequired":true,"valueName":"search_term_string"}}],"inLanguage":"it-IT"},{"@type":"Person","@id":"https:\/\/www.isaitaly.com\/it\/#\/schema\/person\/a037a937bb57eff6090f0fb3a141652f","name":"Chiara Ragni","image":{"@type":"ImageObject","inLanguage":"it-IT","@id":"https:\/\/www.isaitaly.com\/it\/#\/schema\/person\/image\/","url":"https:\/\/secure.gravatar.com\/avatar\/beac86d476d522474ef1f9de9fb8dc49?s=96&d=mm&r=g","contentUrl":"https:\/\/secure.gravatar.com\/avatar\/beac86d476d522474ef1f9de9fb8dc49?s=96&d=mm&r=g","caption":"Chiara Ragni"},"url":"https:\/\/www.isaitaly.com\/it\/author\/chiara-ragni\/"}]}},"_links":{"self":[{"href":"https:\/\/www.isaitaly.com\/it\/wp-json\/wp\/v2\/posts\/83070","targetHints":{"allow":["GET"]}}],"collection":[{"href":"https:\/\/www.isaitaly.com\/it\/wp-json\/wp\/v2\/posts"}],"about":[{"href":"https:\/\/www.isaitaly.com\/it\/wp-json\/wp\/v2\/types\/post"}],"author":[{"embeddable":true,"href":"https:\/\/www.isaitaly.com\/it\/wp-json\/wp\/v2\/users\/3"}],"replies":[{"embeddable":true,"href":"https:\/\/www.isaitaly.com\/it\/wp-json\/wp\/v2\/comments?post=83070"}],"version-history":[{"count":3,"href":"https:\/\/www.isaitaly.com\/it\/wp-json\/wp\/v2\/posts\/83070\/revisions"}],"predecessor-version":[{"id":83109,"href":"https:\/\/www.isaitaly.com\/it\/wp-json\/wp\/v2\/posts\/83070\/revisions\/83109"}],"wp:featuredmedia":[{"embeddable":true,"href":"https:\/\/www.isaitaly.com\/it\/wp-json\/wp\/v2\/media\/83087"}],"wp:attachment":[{"href":"https:\/\/www.isaitaly.com\/it\/wp-json\/wp\/v2\/media?parent=83070"}],"wp:term":[{"taxonomy":"category","embeddable":true,"href":"https:\/\/www.isaitaly.com\/it\/wp-json\/wp\/v2\/categories?post=83070"},{"taxonomy":"post_tag","embeddable":true,"href":"https:\/\/www.isaitaly.com\/it\/wp-json\/wp\/v2\/tags?post=83070"}],"curies":[{"name":"wp","href":"https:\/\/api.w.org\/{rel}","templated":true}]}}