{"id":80192,"date":"2022-06-01T13:44:57","date_gmt":"2022-06-01T11:44:57","guid":{"rendered":"https:\/\/www.isaitaly.com\/?p=80192"},"modified":"2023-12-18T15:38:00","modified_gmt":"2023-12-18T14:38:00","slug":"hizone-salone-del-mobile-2022","status":"publish","type":"post","link":"https:\/\/www.isaitaly.com\/it\/hizone-salone-del-mobile-2022\/","title":{"rendered":"Hizone fa il suo debutto al Salone del Mobile 2022"},"content":{"rendered":"<p>Il <strong>Salone del Mobile 2022<\/strong> si svolger\u00e0<strong> dal 7 al 12 giugno <\/strong>presso Fiera Milano Rho. Alla sua 60\u00b0 edizione verranno celebrati i valori chiave della manifestazione: qualit\u00e0, innovazione, bellezza e sostenibilit\u00e0. Quest\u2019anno si svolgeranno in contemporanea l\u2019edizione di <strong>Eurocucina &#8211; Salone Internazionale dei Mobili per Cucina<\/strong> e l\u2019evento collaterale <strong>FTK &#8211; Technology For the Kitchen<\/strong> dedicato agli elettrodomestici da incasso.<\/p>\n<h2>Professional at home<\/h2>\n<p>All\u2019interno degli spazi dedicati ad Eurocucina &#8211; dopo l\u2019anteprima al Supersalone 2021 &#8211; debutta il<strong> brand <span style=\"text-decoration: underline;\"><a href=\"https:\/\/www.hizone.it\/\" target=\"_blank\" rel=\"noopener\">Hizone<\/a><\/span><\/strong>, un sistema uniforme e modulare di abbattitori e armadi refrigerati professionali nato dall\u2019incontro tra la visione di <strong>Antonio Citterio<\/strong>, uno dei pi\u00f9 iconici maestri del design italiano, e l\u2019esperienza tecnica dell\u2019<strong>azienda ISA<\/strong>.<\/p>\n<p><strong>Hizone \u00e8 qualcosa che non c\u2019era<\/strong>: la sintesi tra la pi\u00f9 evoluta tecnologia del freddo e l\u2019estetica impeccabile di una collezione d\u2019arredo, un progetto ambizioso in grado di trasformare sia gli spazi professionali che quelli domestici &#8211;\u00a0<span style=\"text-decoration: underline;\"><a href=\"https:\/\/www.hizone.it\/home\/\" target=\"_blank\" rel=\"noopener noreferrer\"><strong>Professional at Home<\/strong><\/a><\/span>.<\/p>\n<p><img loading=\"lazy\" decoding=\"async\" class=\"alignnone wp-image-80216 size-full\" src=\"https:\/\/www.isaitaly.com\/wp-content\/uploads\/2022\/06\/hizone-home-ambientata-1.jpg\" alt=\"\" width=\"1680\" height=\"950\" srcset=\"https:\/\/www.isaitaly.com\/wp-content\/uploads\/2022\/06\/hizone-home-ambientata-1.jpg 1680w, https:\/\/www.isaitaly.com\/wp-content\/uploads\/2022\/06\/hizone-home-ambientata-1-1280x724.jpg 1280w, https:\/\/www.isaitaly.com\/wp-content\/uploads\/2022\/06\/hizone-home-ambientata-1-980x554.jpg 980w, https:\/\/www.isaitaly.com\/wp-content\/uploads\/2022\/06\/hizone-home-ambientata-1-480x271.jpg 480w\" sizes=\"auto, (min-width: 0px) and (max-width: 480px) 480px, (min-width: 481px) and (max-width: 980px) 980px, (min-width: 981px) and (max-width: 1280px) 1280px, (min-width: 1281px) 1680px, 100vw\" \/><\/p>\n<p><em><strong>\u201cFrom professional kitchen to your home. Really.\u201d<\/strong><\/em>, questo \u00e8 infatti il claim e la forza di Hizone. Una linea di lusso con performance di altissimo livello che, grazie al design inconfondibile di Antonio Citterio, dona linearit\u00e0 ed eleganza ai migliori locali del mondo e si adatta benissimo all\u2019arredamento di ambienti domestici.<\/p>\n<p>Per la 23\u00aa edizione di Eurocucina, Hizone avr\u00e0 uno spazio all\u2019interno del <strong>padiglione 9<\/strong> dove esporr\u00e0 l&#8217;intera gamma:<\/p>\n<p>\u2023 <a href=\"https:\/\/www.hizone.it\/abbattitori\/\" target=\"_blank\" rel=\"noopener noreferrer\"><strong><span style=\"text-decoration: underline;\">Abbattitori<\/span><\/strong><\/a> Multimatic e Maticgel<br \/>\n\u2023 <strong><a href=\"https:\/\/www.hizone.it\/conservazione\/\" target=\"_blank\" rel=\"noopener noreferrer\"><span style=\"text-decoration: underline;\">Armadi refrigerati<\/span><\/a><\/strong> Gourmet e Top Chef<br \/>\n\u2023 <strong><a href=\"https:\/\/www.hizone.it\/vino\/\" target=\"_blank\" rel=\"noopener noreferrer\"><span style=\"text-decoration: underline;\">Refrigeratori per vino<\/span><\/a><\/strong> Expo Wine e Top Wine<br \/>\n\u2023 <a href=\"https:\/\/www.hizone.it\/non-refrigerato\/\" target=\"_blank\" rel=\"noopener noreferrer\"><strong><span style=\"text-decoration: underline;\">Moduli di arredo neutri<\/span><\/strong><\/a><\/p>\n<h2>Alla Milano Design Week in via Durini<\/h2>\n<p>In contemporanea, Hizone sar\u00e0 anche parte del programma di eventi in citt\u00e0 che si svolger\u00e0 <strong>dal 6 al 12 Giugno<\/strong> in occasione della <strong>Milano Design Week<\/strong> intitolato <strong>\u201cTra Spazio e Tempo\u201d<\/strong>, un invito a riflettere sui cambiamenti in atto nel mondo di oggi, quei cambiamenti necessari per conseguire obiettivi di sostenibilit\u00e0 imprescindibili per guardare al domani.<\/p>\n<p>In pieno centro di Milano &#8211; nel <strong>distretto Milano Durini Design<\/strong> &#8211; sar\u00e0 possibile vedere infatti un\u2019istallazione Hizone all\u2019interno del<strong> Brian &amp; Barry Building in via Durini<\/strong>, che riproduce un locale professionale completo con laboratorio e vetrine per pasticceria e cioccolato <a href=\"https:\/\/www.isaitaly.com\/it\/prodotto\/arredamento\/collezioni\/pentagram-antonio-citterio\/\" target=\"_blank\" rel=\"noopener noreferrer\"><strong><span style=\"text-decoration: underline;\">Pentagram<\/span><\/strong><\/a> di ISA. Pentagram \u00e8 la collezione per l\u2019Ho.Re.Ca. disegnata da Antonio Citterio. \u00c8 un arredamento completo di vetrine refrigerate per gelateria, pasticceria e gastronomia, banchi bar ed elementi di arredo in grado di creare qualsiasi layout espositivo contemporaneo.<\/p>\n<p>La sera del <strong>9 Giugno dalle 19:30 alle 22.00<\/strong> si terr\u00e0 un <strong>cocktail party<\/strong> all\u2019interno del temporary showroom di Hizone in via Durini 28, dove il celebre <strong>Ma\u00eetre Chocolatier Ernst Knam<\/strong> sar\u00e0 ospite speciale dell\u2019evento.<\/p>\n<p><img loading=\"lazy\" decoding=\"async\" class=\"alignnone wp-image-80221 size-full\" src=\"https:\/\/www.isaitaly.com\/wp-content\/uploads\/2022\/06\/hizone-home-ambientata-2.jpg\" alt=\"\" width=\"1680\" height=\"950\" srcset=\"https:\/\/www.isaitaly.com\/wp-content\/uploads\/2022\/06\/hizone-home-ambientata-2.jpg 1680w, https:\/\/www.isaitaly.com\/wp-content\/uploads\/2022\/06\/hizone-home-ambientata-2-1280x724.jpg 1280w, https:\/\/www.isaitaly.com\/wp-content\/uploads\/2022\/06\/hizone-home-ambientata-2-980x554.jpg 980w, https:\/\/www.isaitaly.com\/wp-content\/uploads\/2022\/06\/hizone-home-ambientata-2-480x271.jpg 480w\" sizes=\"auto, (min-width: 0px) and (max-width: 480px) 480px, (min-width: 481px) and (max-width: 980px) 980px, (min-width: 981px) and (max-width: 1280px) 1280px, (min-width: 1281px) 1680px, 100vw\" \/><\/p>\n<p>Dove siamo:<\/p>\n<p><strong>EUROCUCINA\u00a0 \u00a0 \u00a0 \u00a0 \u00a0 \u00a0 \u00a0 \u00a0 \u00a0 \u00a0 \u00a0 \u00a0 \u00a0 \u00a0 \u00a0 \u00a0 \u00a0 \u00a0 \u00a0 \u00a0 \u00a0 \u00a0 \u00a0 \u00a0 \u00a0 \u00a0 \u00a0 \u00a0<\/strong><br \/>\n7\/12 Giugno 2022<br \/>\nHall 9\/Stand E08\/Corsia E, Fiera Milano<br \/>\nOrario 9.30-18.30<\/p>\n<p><strong>MILANO\u00a0DESIGN WEEK<br \/>\n<\/strong>6\/12 Giugno 2022<br \/>\nBrian &amp; Barry Building, Via Durini 28, Milano<br \/>\nOrario 10:00-19:30<\/p>\n<p>&nbsp;<\/p>\n","protected":false},"excerpt":{"rendered":"<p>Dal 7 al 12 giugno debutta alla 60\u00aa edizione del Salone del Mobile il brand Hizone, un sistema uniforme e modulare di abbattitori e armadi refrigerati professionali nato dall\u2019incontro tra la visione di Antonio Citterio e l\u2019esperienza tecnica dell\u2019azienda ISA.<\/p>\n","protected":false},"author":3,"featured_media":81303,"comment_status":"open","ping_status":"open","sticky":false,"template":"","format":"standard","meta":{"_et_pb_use_builder":"","_et_pb_old_content":"","_et_gb_content_width":"","footnotes":""},"categories":[95,117],"tags":[],"class_list":["post-80192","post","type-post","status-publish","format-standard","has-post-thumbnail","hentry","category-eventi","category-news"],"acf":[],"yoast_head":"<!-- This site is optimized with the Yoast SEO plugin v26.8 - https:\/\/yoast.com\/product\/yoast-seo-wordpress\/ -->\n<title>Hizone fa il suo debutto al Salone del Mobile 2022 | ISA<\/title>\n<meta name=\"description\" content=\"Hizone con i suoi abbattitori e refrigeratori fa il suo debuto al Salone del Mobile 2022. Visitaci per scoprire tutti i nostri prodotti!\" \/>\n<meta name=\"robots\" content=\"index, follow, max-snippet:-1, max-image-preview:large, max-video-preview:-1\" \/>\n<link rel=\"canonical\" href=\"https:\/\/www.isaitaly.com\/it\/hizone-salone-del-mobile-2022\/\" \/>\n<meta property=\"og:locale\" content=\"it_IT\" \/>\n<meta property=\"og:type\" content=\"article\" \/>\n<meta property=\"og:title\" content=\"Hizone fa il suo debutto al Salone del Mobile 2022 | ISA\" \/>\n<meta property=\"og:description\" content=\"Hizone con i suoi abbattitori e refrigeratori fa il suo debuto al Salone del Mobile 2022. Visitaci per scoprire tutti i nostri prodotti!\" \/>\n<meta property=\"og:url\" content=\"https:\/\/www.isaitaly.com\/it\/hizone-salone-del-mobile-2022\/\" \/>\n<meta property=\"og:site_name\" content=\"ISA\" \/>\n<meta property=\"article:published_time\" content=\"2022-06-01T11:44:57+00:00\" \/>\n<meta property=\"article:modified_time\" content=\"2023-12-18T14:38:00+00:00\" \/>\n<meta property=\"og:image\" content=\"https:\/\/www.isaitaly.com\/wp-content\/uploads\/2022\/06\/hizone-home-ambientata-news.jpg\" \/>\n\t<meta property=\"og:image:width\" content=\"950\" \/>\n\t<meta property=\"og:image:height\" content=\"634\" \/>\n\t<meta property=\"og:image:type\" content=\"image\/jpeg\" \/>\n<meta name=\"author\" content=\"Chiara Ragni\" \/>\n<meta name=\"twitter:card\" content=\"summary_large_image\" \/>\n<meta name=\"twitter:label1\" content=\"Scritto da\" \/>\n\t<meta name=\"twitter:data1\" content=\"Chiara Ragni\" \/>\n\t<meta name=\"twitter:label2\" content=\"Tempo di lettura stimato\" \/>\n\t<meta name=\"twitter:data2\" content=\"3 minuti\" \/>\n<script type=\"application\/ld+json\" class=\"yoast-schema-graph\">{\"@context\":\"https:\/\/schema.org\",\"@graph\":[{\"@type\":\"Article\",\"@id\":\"https:\/\/www.isaitaly.com\/it\/hizone-salone-del-mobile-2022\/#article\",\"isPartOf\":{\"@id\":\"https:\/\/www.isaitaly.com\/it\/hizone-salone-del-mobile-2022\/\"},\"author\":{\"name\":\"Chiara Ragni\",\"@id\":\"https:\/\/www.isaitaly.com\/it\/#\/schema\/person\/a037a937bb57eff6090f0fb3a141652f\"},\"headline\":\"Hizone fa il suo debutto al Salone del Mobile 2022\",\"datePublished\":\"2022-06-01T11:44:57+00:00\",\"dateModified\":\"2023-12-18T14:38:00+00:00\",\"mainEntityOfPage\":{\"@id\":\"https:\/\/www.isaitaly.com\/it\/hizone-salone-del-mobile-2022\/\"},\"wordCount\":463,\"commentCount\":0,\"image\":{\"@id\":\"https:\/\/www.isaitaly.com\/it\/hizone-salone-del-mobile-2022\/#primaryimage\"},\"thumbnailUrl\":\"https:\/\/www.isaitaly.com\/wp-content\/uploads\/2022\/06\/hizone-home-ambientata-news.jpg\",\"articleSection\":[\"Eventi\",\"News\"],\"inLanguage\":\"it-IT\",\"potentialAction\":[{\"@type\":\"CommentAction\",\"name\":\"Comment\",\"target\":[\"https:\/\/www.isaitaly.com\/it\/hizone-salone-del-mobile-2022\/#respond\"]}]},{\"@type\":\"WebPage\",\"@id\":\"https:\/\/www.isaitaly.com\/it\/hizone-salone-del-mobile-2022\/\",\"url\":\"https:\/\/www.isaitaly.com\/it\/hizone-salone-del-mobile-2022\/\",\"name\":\"Hizone fa il suo debutto al Salone del Mobile 2022 | ISA\",\"isPartOf\":{\"@id\":\"https:\/\/www.isaitaly.com\/it\/#website\"},\"primaryImageOfPage\":{\"@id\":\"https:\/\/www.isaitaly.com\/it\/hizone-salone-del-mobile-2022\/#primaryimage\"},\"image\":{\"@id\":\"https:\/\/www.isaitaly.com\/it\/hizone-salone-del-mobile-2022\/#primaryimage\"},\"thumbnailUrl\":\"https:\/\/www.isaitaly.com\/wp-content\/uploads\/2022\/06\/hizone-home-ambientata-news.jpg\",\"datePublished\":\"2022-06-01T11:44:57+00:00\",\"dateModified\":\"2023-12-18T14:38:00+00:00\",\"author\":{\"@id\":\"https:\/\/www.isaitaly.com\/it\/#\/schema\/person\/a037a937bb57eff6090f0fb3a141652f\"},\"description\":\"Hizone con i suoi abbattitori e refrigeratori fa il suo debuto al Salone del Mobile 2022. Visitaci per scoprire tutti i nostri prodotti!\",\"breadcrumb\":{\"@id\":\"https:\/\/www.isaitaly.com\/it\/hizone-salone-del-mobile-2022\/#breadcrumb\"},\"inLanguage\":\"it-IT\",\"potentialAction\":[{\"@type\":\"ReadAction\",\"target\":[\"https:\/\/www.isaitaly.com\/it\/hizone-salone-del-mobile-2022\/\"]}]},{\"@type\":\"ImageObject\",\"inLanguage\":\"it-IT\",\"@id\":\"https:\/\/www.isaitaly.com\/it\/hizone-salone-del-mobile-2022\/#primaryimage\",\"url\":\"https:\/\/www.isaitaly.com\/wp-content\/uploads\/2022\/06\/hizone-home-ambientata-news.jpg\",\"contentUrl\":\"https:\/\/www.isaitaly.com\/wp-content\/uploads\/2022\/06\/hizone-home-ambientata-news.jpg\",\"width\":950,\"height\":634,\"caption\":\"hizone-home-ambientata-news | ISA\"},{\"@type\":\"BreadcrumbList\",\"@id\":\"https:\/\/www.isaitaly.com\/it\/hizone-salone-del-mobile-2022\/#breadcrumb\",\"itemListElement\":[{\"@type\":\"ListItem\",\"position\":1,\"name\":\"Home\",\"item\":\"https:\/\/www.isaitaly.com\/it\/\"},{\"@type\":\"ListItem\",\"position\":2,\"name\":\"Hizone fa il suo debutto al Salone del Mobile 2022\"}]},{\"@type\":\"WebSite\",\"@id\":\"https:\/\/www.isaitaly.com\/it\/#website\",\"url\":\"https:\/\/www.isaitaly.com\/it\/\",\"name\":\"ISA\",\"description\":\"\",\"potentialAction\":[{\"@type\":\"SearchAction\",\"target\":{\"@type\":\"EntryPoint\",\"urlTemplate\":\"https:\/\/www.isaitaly.com\/it\/?s={search_term_string}\"},\"query-input\":{\"@type\":\"PropertyValueSpecification\",\"valueRequired\":true,\"valueName\":\"search_term_string\"}}],\"inLanguage\":\"it-IT\"},{\"@type\":\"Person\",\"@id\":\"https:\/\/www.isaitaly.com\/it\/#\/schema\/person\/a037a937bb57eff6090f0fb3a141652f\",\"name\":\"Chiara Ragni\",\"image\":{\"@type\":\"ImageObject\",\"inLanguage\":\"it-IT\",\"@id\":\"https:\/\/www.isaitaly.com\/it\/#\/schema\/person\/image\/\",\"url\":\"https:\/\/secure.gravatar.com\/avatar\/beac86d476d522474ef1f9de9fb8dc49?s=96&d=mm&r=g\",\"contentUrl\":\"https:\/\/secure.gravatar.com\/avatar\/beac86d476d522474ef1f9de9fb8dc49?s=96&d=mm&r=g\",\"caption\":\"Chiara Ragni\"},\"url\":\"https:\/\/www.isaitaly.com\/it\/author\/chiara-ragni\/\"}]}<\/script>\n<!-- \/ Yoast SEO plugin. -->","yoast_head_json":{"title":"Hizone fa il suo debutto al Salone del Mobile 2022 | ISA","description":"Hizone con i suoi abbattitori e refrigeratori fa il suo debuto al Salone del Mobile 2022. Visitaci per scoprire tutti i nostri prodotti!","robots":{"index":"index","follow":"follow","max-snippet":"max-snippet:-1","max-image-preview":"max-image-preview:large","max-video-preview":"max-video-preview:-1"},"canonical":"https:\/\/www.isaitaly.com\/it\/hizone-salone-del-mobile-2022\/","og_locale":"it_IT","og_type":"article","og_title":"Hizone fa il suo debutto al Salone del Mobile 2022 | ISA","og_description":"Hizone con i suoi abbattitori e refrigeratori fa il suo debuto al Salone del Mobile 2022. Visitaci per scoprire tutti i nostri prodotti!","og_url":"https:\/\/www.isaitaly.com\/it\/hizone-salone-del-mobile-2022\/","og_site_name":"ISA","article_published_time":"2022-06-01T11:44:57+00:00","article_modified_time":"2023-12-18T14:38:00+00:00","og_image":[{"width":950,"height":634,"url":"https:\/\/www.isaitaly.com\/wp-content\/uploads\/2022\/06\/hizone-home-ambientata-news.jpg","type":"image\/jpeg"}],"author":"Chiara Ragni","twitter_card":"summary_large_image","twitter_misc":{"Scritto da":"Chiara Ragni","Tempo di lettura stimato":"3 minuti"},"schema":{"@context":"https:\/\/schema.org","@graph":[{"@type":"Article","@id":"https:\/\/www.isaitaly.com\/it\/hizone-salone-del-mobile-2022\/#article","isPartOf":{"@id":"https:\/\/www.isaitaly.com\/it\/hizone-salone-del-mobile-2022\/"},"author":{"name":"Chiara Ragni","@id":"https:\/\/www.isaitaly.com\/it\/#\/schema\/person\/a037a937bb57eff6090f0fb3a141652f"},"headline":"Hizone fa il suo debutto al Salone del Mobile 2022","datePublished":"2022-06-01T11:44:57+00:00","dateModified":"2023-12-18T14:38:00+00:00","mainEntityOfPage":{"@id":"https:\/\/www.isaitaly.com\/it\/hizone-salone-del-mobile-2022\/"},"wordCount":463,"commentCount":0,"image":{"@id":"https:\/\/www.isaitaly.com\/it\/hizone-salone-del-mobile-2022\/#primaryimage"},"thumbnailUrl":"https:\/\/www.isaitaly.com\/wp-content\/uploads\/2022\/06\/hizone-home-ambientata-news.jpg","articleSection":["Eventi","News"],"inLanguage":"it-IT","potentialAction":[{"@type":"CommentAction","name":"Comment","target":["https:\/\/www.isaitaly.com\/it\/hizone-salone-del-mobile-2022\/#respond"]}]},{"@type":"WebPage","@id":"https:\/\/www.isaitaly.com\/it\/hizone-salone-del-mobile-2022\/","url":"https:\/\/www.isaitaly.com\/it\/hizone-salone-del-mobile-2022\/","name":"Hizone fa il suo debutto al Salone del Mobile 2022 | ISA","isPartOf":{"@id":"https:\/\/www.isaitaly.com\/it\/#website"},"primaryImageOfPage":{"@id":"https:\/\/www.isaitaly.com\/it\/hizone-salone-del-mobile-2022\/#primaryimage"},"image":{"@id":"https:\/\/www.isaitaly.com\/it\/hizone-salone-del-mobile-2022\/#primaryimage"},"thumbnailUrl":"https:\/\/www.isaitaly.com\/wp-content\/uploads\/2022\/06\/hizone-home-ambientata-news.jpg","datePublished":"2022-06-01T11:44:57+00:00","dateModified":"2023-12-18T14:38:00+00:00","author":{"@id":"https:\/\/www.isaitaly.com\/it\/#\/schema\/person\/a037a937bb57eff6090f0fb3a141652f"},"description":"Hizone con i suoi abbattitori e refrigeratori fa il suo debuto al Salone del Mobile 2022. Visitaci per scoprire tutti i nostri prodotti!","breadcrumb":{"@id":"https:\/\/www.isaitaly.com\/it\/hizone-salone-del-mobile-2022\/#breadcrumb"},"inLanguage":"it-IT","potentialAction":[{"@type":"ReadAction","target":["https:\/\/www.isaitaly.com\/it\/hizone-salone-del-mobile-2022\/"]}]},{"@type":"ImageObject","inLanguage":"it-IT","@id":"https:\/\/www.isaitaly.com\/it\/hizone-salone-del-mobile-2022\/#primaryimage","url":"https:\/\/www.isaitaly.com\/wp-content\/uploads\/2022\/06\/hizone-home-ambientata-news.jpg","contentUrl":"https:\/\/www.isaitaly.com\/wp-content\/uploads\/2022\/06\/hizone-home-ambientata-news.jpg","width":950,"height":634,"caption":"hizone-home-ambientata-news | ISA"},{"@type":"BreadcrumbList","@id":"https:\/\/www.isaitaly.com\/it\/hizone-salone-del-mobile-2022\/#breadcrumb","itemListElement":[{"@type":"ListItem","position":1,"name":"Home","item":"https:\/\/www.isaitaly.com\/it\/"},{"@type":"ListItem","position":2,"name":"Hizone fa il suo debutto al Salone del Mobile 2022"}]},{"@type":"WebSite","@id":"https:\/\/www.isaitaly.com\/it\/#website","url":"https:\/\/www.isaitaly.com\/it\/","name":"ISA","description":"","potentialAction":[{"@type":"SearchAction","target":{"@type":"EntryPoint","urlTemplate":"https:\/\/www.isaitaly.com\/it\/?s={search_term_string}"},"query-input":{"@type":"PropertyValueSpecification","valueRequired":true,"valueName":"search_term_string"}}],"inLanguage":"it-IT"},{"@type":"Person","@id":"https:\/\/www.isaitaly.com\/it\/#\/schema\/person\/a037a937bb57eff6090f0fb3a141652f","name":"Chiara Ragni","image":{"@type":"ImageObject","inLanguage":"it-IT","@id":"https:\/\/www.isaitaly.com\/it\/#\/schema\/person\/image\/","url":"https:\/\/secure.gravatar.com\/avatar\/beac86d476d522474ef1f9de9fb8dc49?s=96&d=mm&r=g","contentUrl":"https:\/\/secure.gravatar.com\/avatar\/beac86d476d522474ef1f9de9fb8dc49?s=96&d=mm&r=g","caption":"Chiara Ragni"},"url":"https:\/\/www.isaitaly.com\/it\/author\/chiara-ragni\/"}]}},"_links":{"self":[{"href":"https:\/\/www.isaitaly.com\/it\/wp-json\/wp\/v2\/posts\/80192","targetHints":{"allow":["GET"]}}],"collection":[{"href":"https:\/\/www.isaitaly.com\/it\/wp-json\/wp\/v2\/posts"}],"about":[{"href":"https:\/\/www.isaitaly.com\/it\/wp-json\/wp\/v2\/types\/post"}],"author":[{"embeddable":true,"href":"https:\/\/www.isaitaly.com\/it\/wp-json\/wp\/v2\/users\/3"}],"replies":[{"embeddable":true,"href":"https:\/\/www.isaitaly.com\/it\/wp-json\/wp\/v2\/comments?post=80192"}],"version-history":[{"count":6,"href":"https:\/\/www.isaitaly.com\/it\/wp-json\/wp\/v2\/posts\/80192\/revisions"}],"predecessor-version":[{"id":80240,"href":"https:\/\/www.isaitaly.com\/it\/wp-json\/wp\/v2\/posts\/80192\/revisions\/80240"}],"wp:featuredmedia":[{"embeddable":true,"href":"https:\/\/www.isaitaly.com\/it\/wp-json\/wp\/v2\/media\/81303"}],"wp:attachment":[{"href":"https:\/\/www.isaitaly.com\/it\/wp-json\/wp\/v2\/media?parent=80192"}],"wp:term":[{"taxonomy":"category","embeddable":true,"href":"https:\/\/www.isaitaly.com\/it\/wp-json\/wp\/v2\/categories?post=80192"},{"taxonomy":"post_tag","embeddable":true,"href":"https:\/\/www.isaitaly.com\/it\/wp-json\/wp\/v2\/tags?post=80192"}],"curies":[{"name":"wp","href":"https:\/\/api.w.org\/{rel}","templated":true}]}}