{"id":76844,"date":"2022-04-11T15:43:59","date_gmt":"2022-04-11T13:43:59","guid":{"rendered":"https:\/\/www.isaitaly.com\/?p=76844"},"modified":"2022-04-22T09:08:32","modified_gmt":"2022-04-22T07:08:32","slug":"come-conservare-il-gelato-artigianale-e-confezionato","status":"publish","type":"post","link":"https:\/\/www.isaitaly.com\/it\/come-conservare-il-gelato-artigianale-e-confezionato\/","title":{"rendered":"Come conservare il gelato artigianale e confezionato"},"content":{"rendered":"<p>La bont\u00e0 del gelato \u00e8 una conseguenza diretta non solo della materia prima, ma anche delle modalit\u00e0 di conservazione utilizzate. Seguire gli accorgimenti giusti \u00e8 importante, non solo per mantenere la qualit\u00e0 estetica del prodotto, ma anche per preservare il piacere dell\u2019assaggio. Sia in fase di stoccaggio, che durante l\u2019esposizione in punto vendita, \u00e8 fondamentale assicurarsi che il gelato non perda la sua freschezza, il volume e la consistenza ottimale. Quali sono i principali aspetti da considerare per la conservazione del gelato artigianale e confezionato?<\/p>\n<h2>Gelato artigianale: conservazione<\/h2>\n<p>La temperatura di conservazione del gelato, come noto, influisce sull\u2019aspetto e sulle caratteristiche organolettiche, cos\u00ec come il livello di umidit\u00e0. Il range di temperatura \u00e8 generalmente compreso fra i <strong>-18\u00b0 C e i -11\u00b0 C<\/strong>, a seconda delle esigenze e del tempo di conservazione previsto. Quanto pu\u00f2 stare il gelato in freezer? Gli <span style=\"text-decoration: underline;\"><a href=\"https:\/\/www.isaitaly.com\/it\/lab\/abbattitori\/\" target=\"_blank\" rel=\"noopener\"><strong>abbattitori professionali<\/strong><\/a><\/span> utilizzati in laboratorio consentono di minimizzare la quantit\u00e0 di acqua non congelata e, dunque, le modificazioni che interessano la struttura del prodotto, garantendo tempi di conservazione piuttosto lunghi. Diverso il caso dei <span style=\"text-decoration: underline;\"><a href=\"https:\/\/www.isaitaly.com\/it\/lab\/\" target=\"_blank\" rel=\"noopener\"><strong>banchi refrigerati<\/strong><\/a><\/span> e degli espositori con temperatura negativa pi\u00f9 elevata, dove il gelato artigianale pu\u00f2 resistere per qualche giorno, prima di incorrere in un inevitabile processo di ossidazione. Un discorso analogo si pu\u00f2 fare per la temperatura di conservazione dei gelati confezionati, sottoposti a varie fasi di raffreddamento e congelamento prima dello stoccaggio in cella frigorifera, con temperatura intorno ai -18 \u00b0 C, o superiore nel caso delle <span style=\"text-decoration: underline;\"><a href=\"https:\/\/www.isaitaly.com\/it\/vetrine-gelateria-pasticceria\/vetrine-gelato-professionali\/\" target=\"_blank\" rel=\"noopener\"><strong>vetrine gelato<\/strong><\/a><\/span> per la vendita al pubblico.<\/p>\n<h2>Come conservare al meglio il gelato<\/h2>\n<p>A livello estetico, una conservazione del gelato poco efficiente pu\u00f2 comportare una perdita di volume e cremosit\u00e0, la formazione di cristalli e altri difetti dovuti agli shock termici. L\u2019obiettivo \u00e8 garantire l\u2019<strong>omogeneit\u00e0 della temperatura<\/strong>, proteggendo il pi\u00f9 possibile vaschette ed espositori dagli sbalzi dovuti all\u2019apertura e alla chiusura dei vani refrigerati. La scelta preferenziale sono le vetrine gelato con <strong>sistema ventilato<\/strong> che, rispetto al raffreddamento statico, garantisce una distribuzione pi\u00f9 uniforme dell\u2019aria.<\/p>\n<p><img loading=\"lazy\" decoding=\"async\" class=\"size-full wp-image-76880 alignnone\" src=\"https:\/\/www.isaitaly.com\/wp-content\/uploads\/2022\/04\/oneshow-1.png\" alt=\"\" width=\"950\" height=\"634\" srcset=\"https:\/\/www.isaitaly.com\/wp-content\/uploads\/2022\/04\/oneshow-1.png 950w, https:\/\/www.isaitaly.com\/wp-content\/uploads\/2022\/04\/oneshow-1-480x320.png 480w\" sizes=\"auto, (min-width: 0px) and (max-width: 480px) 480px, (min-width: 481px) 950px, 100vw\" \/><\/p>\n<p>I ventilatori ad alta efficienza \u2013 come quelli impiegati per le vetrine di alta gamma <strong><span style=\"text-decoration: underline;\"><a href=\"https:\/\/www.isaitaly.com\/it\/prodotto\/gelato-pastry\/vetrine-gelato\/stratos\/\" target=\"_blank\" rel=\"noopener\">Stratos<\/a><\/span> di ISA<\/strong> \u2013 offrono una refrigerazione delicata e sono, al tempo stesso, garanzia di risparmio energetico. Altro fattore importante da considerare \u00e8 il sistema di sbrinamento: la tecnologia a inversione di ciclo consente non solo di mantenere inalterata la superficie del gelato, ma anche di ridurre i consumi e i tempi di <strong>sbrinamento automatico<\/strong>. Ovviamente, a influire \u00e8 anche il <strong>sistema di isolamento<\/strong> delle vetrine che determina la classe energetica dell\u2019espositore. Nel caso degli espositori <strong><span style=\"text-decoration: underline;\"><a href=\"https:\/\/www.isaitaly.com\/it\/prodotto\/gelato-pastry\/vetrine-gelato\/millenium-lx\/\" target=\"_blank\" rel=\"noopener\">Millennium<\/a><\/span> di ISA<\/strong>, il vantaggio \u00e8 dato anche dalla perfetta gestione della<strong> condensa<\/strong>, grazie ai vetri laterali camera riscaldati e al vetro frontale singolo riscaldato. Chi sceglie le vetrine <strong>Stratos<\/strong>, in aggiunta, ha la possibilit\u00e0 di disattivare il riscaldamento del vetro superiore. La refrigerazione ventilata, in questo caso, prevede tre diverse possibilit\u00e0: singolo evaporatore a doppia mandata a flusso anteriore o, in alternativa, doppio evaporatore con singola o doppia mandata d\u2019aria a flusso posteriore. Per una regolazione altamente flessibile della temperatura, \u00e8 disponibile anche la<strong> funzione Dual Temperature<\/strong> che facilita la gestione dei cicli stagionali: l\u2019ideale per i locali multifunzione.<\/p>\n<p>Oltre a offrire funzioni sofisticate per la gestione della temperatura e dell\u2019umidit\u00e0, le vetrine professionali ISA garantiscono ampie possibilit\u00e0 a livello di layout, spaziando dal design essenziale delle vetrine <span style=\"text-decoration: underline;\"><a href=\"https:\/\/www.isaitaly.com\/it\/prodotto\/gelato-pastry\/vetrine-gelato\/supercapri\/\" target=\"_blank\" rel=\"noopener\"><strong>Supercapri<\/strong><\/a><\/span> all\u2019eleganza degli espositori <span style=\"text-decoration: underline;\"><a href=\"https:\/\/www.isaitaly.com\/it\/prodotto\/gelato-pastry\/vetrine-gelato\/diva\/\" target=\"_blank\" rel=\"noopener\"><strong>Diva<\/strong><\/a><\/span> e <span style=\"text-decoration: underline;\"><a href=\"https:\/\/www.isaitaly.com\/it\/prodotto\/gelato-pastry\/vetrine-gelato\/oneshow-free\/\" target=\"_blank\" rel=\"noopener\"><strong>Oneshow<\/strong><\/a><\/span>. In tutti i casi, il <em>food appeal<\/em> si esprime ai massimi livelli, per accontentare i cultori del gelato artigianale e non.<\/p>\n","protected":false},"excerpt":{"rendered":"<p>La bont\u00e0 del gelato \u00e8 una conseguenza diretta non solo della materia prima, ma anche delle modalit\u00e0 di conservazione utilizzate. Seguire gli accorgimenti giusti \u00e8 importante, non solo per mantenere la qualit\u00e0 estetica del prodotto, ma anche per preservare il piacere dell\u2019assaggio.<\/p>\n","protected":false},"author":3,"featured_media":76900,"comment_status":"open","ping_status":"open","sticky":false,"template":"","format":"standard","meta":{"_et_pb_use_builder":"","_et_pb_old_content":"","_et_gb_content_width":"","footnotes":""},"categories":[108],"tags":[],"class_list":["post-76844","post","type-post","status-publish","format-standard","has-post-thumbnail","hentry","category-gelato-pastry"],"acf":[],"yoast_head":"<!-- This site is optimized with the Yoast SEO plugin v26.8 - https:\/\/yoast.com\/product\/yoast-seo-wordpress\/ -->\n<title>Conservazione del Gelato Artigianale e Confezionato | ISA<\/title>\n<meta name=\"description\" content=\"Quali sono le migliori vetrine professionali per la conservazione sia del gelato artigianale che di quello confezionato? Scopri la gamma di espositori ISA.\" \/>\n<meta name=\"robots\" content=\"index, follow, max-snippet:-1, max-image-preview:large, max-video-preview:-1\" \/>\n<link rel=\"canonical\" href=\"https:\/\/www.isaitaly.com\/it\/come-conservare-il-gelato-artigianale-e-confezionato\/\" \/>\n<meta property=\"og:locale\" content=\"it_IT\" \/>\n<meta property=\"og:type\" content=\"article\" \/>\n<meta property=\"og:title\" content=\"Conservazione del Gelato Artigianale e Confezionato | ISA\" \/>\n<meta property=\"og:description\" content=\"Quali sono le migliori vetrine professionali per la conservazione sia del gelato artigianale che di quello confezionato? Scopri la gamma di espositori ISA.\" \/>\n<meta property=\"og:url\" content=\"https:\/\/www.isaitaly.com\/it\/come-conservare-il-gelato-artigianale-e-confezionato\/\" \/>\n<meta property=\"og:site_name\" content=\"ISA\" \/>\n<meta property=\"article:published_time\" content=\"2022-04-11T13:43:59+00:00\" \/>\n<meta property=\"article:modified_time\" content=\"2022-04-22T07:08:32+00:00\" \/>\n<meta property=\"og:image\" content=\"https:\/\/www.isaitaly.com\/wp-content\/uploads\/2022\/04\/3d-show-dettaglio-1-scaled.jpg\" \/>\n\t<meta property=\"og:image:width\" content=\"2560\" \/>\n\t<meta property=\"og:image:height\" content=\"1708\" \/>\n\t<meta property=\"og:image:type\" content=\"image\/jpeg\" \/>\n<meta name=\"author\" content=\"Chiara Ragni\" \/>\n<meta name=\"twitter:card\" content=\"summary_large_image\" \/>\n<meta name=\"twitter:label1\" content=\"Scritto da\" \/>\n\t<meta name=\"twitter:data1\" content=\"Chiara Ragni\" \/>\n\t<meta name=\"twitter:label2\" content=\"Tempo di lettura stimato\" \/>\n\t<meta name=\"twitter:data2\" content=\"3 minuti\" \/>\n<script type=\"application\/ld+json\" class=\"yoast-schema-graph\">{\"@context\":\"https:\/\/schema.org\",\"@graph\":[{\"@type\":\"Article\",\"@id\":\"https:\/\/www.isaitaly.com\/it\/come-conservare-il-gelato-artigianale-e-confezionato\/#article\",\"isPartOf\":{\"@id\":\"https:\/\/www.isaitaly.com\/it\/come-conservare-il-gelato-artigianale-e-confezionato\/\"},\"author\":{\"name\":\"Chiara Ragni\",\"@id\":\"https:\/\/www.isaitaly.com\/it\/#\/schema\/person\/a037a937bb57eff6090f0fb3a141652f\"},\"headline\":\"Come conservare il gelato artigianale e confezionato\",\"datePublished\":\"2022-04-11T13:43:59+00:00\",\"dateModified\":\"2022-04-22T07:08:32+00:00\",\"mainEntityOfPage\":{\"@id\":\"https:\/\/www.isaitaly.com\/it\/come-conservare-il-gelato-artigianale-e-confezionato\/\"},\"wordCount\":583,\"commentCount\":0,\"image\":{\"@id\":\"https:\/\/www.isaitaly.com\/it\/come-conservare-il-gelato-artigianale-e-confezionato\/#primaryimage\"},\"thumbnailUrl\":\"https:\/\/www.isaitaly.com\/wp-content\/uploads\/2022\/04\/3d-show-dettaglio-1-scaled.jpg\",\"articleSection\":[\"Gelato &amp; Pastry\"],\"inLanguage\":\"it-IT\",\"potentialAction\":[{\"@type\":\"CommentAction\",\"name\":\"Comment\",\"target\":[\"https:\/\/www.isaitaly.com\/it\/come-conservare-il-gelato-artigianale-e-confezionato\/#respond\"]}]},{\"@type\":\"WebPage\",\"@id\":\"https:\/\/www.isaitaly.com\/it\/come-conservare-il-gelato-artigianale-e-confezionato\/\",\"url\":\"https:\/\/www.isaitaly.com\/it\/come-conservare-il-gelato-artigianale-e-confezionato\/\",\"name\":\"Conservazione del Gelato Artigianale e Confezionato | ISA\",\"isPartOf\":{\"@id\":\"https:\/\/www.isaitaly.com\/it\/#website\"},\"primaryImageOfPage\":{\"@id\":\"https:\/\/www.isaitaly.com\/it\/come-conservare-il-gelato-artigianale-e-confezionato\/#primaryimage\"},\"image\":{\"@id\":\"https:\/\/www.isaitaly.com\/it\/come-conservare-il-gelato-artigianale-e-confezionato\/#primaryimage\"},\"thumbnailUrl\":\"https:\/\/www.isaitaly.com\/wp-content\/uploads\/2022\/04\/3d-show-dettaglio-1-scaled.jpg\",\"datePublished\":\"2022-04-11T13:43:59+00:00\",\"dateModified\":\"2022-04-22T07:08:32+00:00\",\"author\":{\"@id\":\"https:\/\/www.isaitaly.com\/it\/#\/schema\/person\/a037a937bb57eff6090f0fb3a141652f\"},\"description\":\"Quali sono le migliori vetrine professionali per la conservazione sia del gelato artigianale che di quello confezionato? Scopri la gamma di espositori ISA.\",\"breadcrumb\":{\"@id\":\"https:\/\/www.isaitaly.com\/it\/come-conservare-il-gelato-artigianale-e-confezionato\/#breadcrumb\"},\"inLanguage\":\"it-IT\",\"potentialAction\":[{\"@type\":\"ReadAction\",\"target\":[\"https:\/\/www.isaitaly.com\/it\/come-conservare-il-gelato-artigianale-e-confezionato\/\"]}]},{\"@type\":\"ImageObject\",\"inLanguage\":\"it-IT\",\"@id\":\"https:\/\/www.isaitaly.com\/it\/come-conservare-il-gelato-artigianale-e-confezionato\/#primaryimage\",\"url\":\"https:\/\/www.isaitaly.com\/wp-content\/uploads\/2022\/04\/3d-show-dettaglio-1-scaled.jpg\",\"contentUrl\":\"https:\/\/www.isaitaly.com\/wp-content\/uploads\/2022\/04\/3d-show-dettaglio-1-scaled.jpg\",\"width\":2560,\"height\":1708,\"caption\":\"3d-show-dettaglio-1-scaled | ISA\"},{\"@type\":\"BreadcrumbList\",\"@id\":\"https:\/\/www.isaitaly.com\/it\/come-conservare-il-gelato-artigianale-e-confezionato\/#breadcrumb\",\"itemListElement\":[{\"@type\":\"ListItem\",\"position\":1,\"name\":\"Home\",\"item\":\"https:\/\/www.isaitaly.com\/it\/\"},{\"@type\":\"ListItem\",\"position\":2,\"name\":\"Come conservare il gelato artigianale e confezionato\"}]},{\"@type\":\"WebSite\",\"@id\":\"https:\/\/www.isaitaly.com\/it\/#website\",\"url\":\"https:\/\/www.isaitaly.com\/it\/\",\"name\":\"ISA\",\"description\":\"\",\"potentialAction\":[{\"@type\":\"SearchAction\",\"target\":{\"@type\":\"EntryPoint\",\"urlTemplate\":\"https:\/\/www.isaitaly.com\/it\/?s={search_term_string}\"},\"query-input\":{\"@type\":\"PropertyValueSpecification\",\"valueRequired\":true,\"valueName\":\"search_term_string\"}}],\"inLanguage\":\"it-IT\"},{\"@type\":\"Person\",\"@id\":\"https:\/\/www.isaitaly.com\/it\/#\/schema\/person\/a037a937bb57eff6090f0fb3a141652f\",\"name\":\"Chiara Ragni\",\"image\":{\"@type\":\"ImageObject\",\"inLanguage\":\"it-IT\",\"@id\":\"https:\/\/www.isaitaly.com\/it\/#\/schema\/person\/image\/\",\"url\":\"https:\/\/secure.gravatar.com\/avatar\/beac86d476d522474ef1f9de9fb8dc49?s=96&d=mm&r=g\",\"contentUrl\":\"https:\/\/secure.gravatar.com\/avatar\/beac86d476d522474ef1f9de9fb8dc49?s=96&d=mm&r=g\",\"caption\":\"Chiara Ragni\"},\"url\":\"https:\/\/www.isaitaly.com\/it\/author\/chiara-ragni\/\"}]}<\/script>\n<!-- \/ Yoast SEO plugin. -->","yoast_head_json":{"title":"Conservazione del Gelato Artigianale e Confezionato | ISA","description":"Quali sono le migliori vetrine professionali per la conservazione sia del gelato artigianale che di quello confezionato? Scopri la gamma di espositori ISA.","robots":{"index":"index","follow":"follow","max-snippet":"max-snippet:-1","max-image-preview":"max-image-preview:large","max-video-preview":"max-video-preview:-1"},"canonical":"https:\/\/www.isaitaly.com\/it\/come-conservare-il-gelato-artigianale-e-confezionato\/","og_locale":"it_IT","og_type":"article","og_title":"Conservazione del Gelato Artigianale e Confezionato | ISA","og_description":"Quali sono le migliori vetrine professionali per la conservazione sia del gelato artigianale che di quello confezionato? Scopri la gamma di espositori ISA.","og_url":"https:\/\/www.isaitaly.com\/it\/come-conservare-il-gelato-artigianale-e-confezionato\/","og_site_name":"ISA","article_published_time":"2022-04-11T13:43:59+00:00","article_modified_time":"2022-04-22T07:08:32+00:00","og_image":[{"width":2560,"height":1708,"url":"https:\/\/www.isaitaly.com\/wp-content\/uploads\/2022\/04\/3d-show-dettaglio-1-scaled.jpg","type":"image\/jpeg"}],"author":"Chiara Ragni","twitter_card":"summary_large_image","twitter_misc":{"Scritto da":"Chiara Ragni","Tempo di lettura stimato":"3 minuti"},"schema":{"@context":"https:\/\/schema.org","@graph":[{"@type":"Article","@id":"https:\/\/www.isaitaly.com\/it\/come-conservare-il-gelato-artigianale-e-confezionato\/#article","isPartOf":{"@id":"https:\/\/www.isaitaly.com\/it\/come-conservare-il-gelato-artigianale-e-confezionato\/"},"author":{"name":"Chiara Ragni","@id":"https:\/\/www.isaitaly.com\/it\/#\/schema\/person\/a037a937bb57eff6090f0fb3a141652f"},"headline":"Come conservare il gelato artigianale e confezionato","datePublished":"2022-04-11T13:43:59+00:00","dateModified":"2022-04-22T07:08:32+00:00","mainEntityOfPage":{"@id":"https:\/\/www.isaitaly.com\/it\/come-conservare-il-gelato-artigianale-e-confezionato\/"},"wordCount":583,"commentCount":0,"image":{"@id":"https:\/\/www.isaitaly.com\/it\/come-conservare-il-gelato-artigianale-e-confezionato\/#primaryimage"},"thumbnailUrl":"https:\/\/www.isaitaly.com\/wp-content\/uploads\/2022\/04\/3d-show-dettaglio-1-scaled.jpg","articleSection":["Gelato &amp; Pastry"],"inLanguage":"it-IT","potentialAction":[{"@type":"CommentAction","name":"Comment","target":["https:\/\/www.isaitaly.com\/it\/come-conservare-il-gelato-artigianale-e-confezionato\/#respond"]}]},{"@type":"WebPage","@id":"https:\/\/www.isaitaly.com\/it\/come-conservare-il-gelato-artigianale-e-confezionato\/","url":"https:\/\/www.isaitaly.com\/it\/come-conservare-il-gelato-artigianale-e-confezionato\/","name":"Conservazione del Gelato Artigianale e Confezionato | ISA","isPartOf":{"@id":"https:\/\/www.isaitaly.com\/it\/#website"},"primaryImageOfPage":{"@id":"https:\/\/www.isaitaly.com\/it\/come-conservare-il-gelato-artigianale-e-confezionato\/#primaryimage"},"image":{"@id":"https:\/\/www.isaitaly.com\/it\/come-conservare-il-gelato-artigianale-e-confezionato\/#primaryimage"},"thumbnailUrl":"https:\/\/www.isaitaly.com\/wp-content\/uploads\/2022\/04\/3d-show-dettaglio-1-scaled.jpg","datePublished":"2022-04-11T13:43:59+00:00","dateModified":"2022-04-22T07:08:32+00:00","author":{"@id":"https:\/\/www.isaitaly.com\/it\/#\/schema\/person\/a037a937bb57eff6090f0fb3a141652f"},"description":"Quali sono le migliori vetrine professionali per la conservazione sia del gelato artigianale che di quello confezionato? Scopri la gamma di espositori ISA.","breadcrumb":{"@id":"https:\/\/www.isaitaly.com\/it\/come-conservare-il-gelato-artigianale-e-confezionato\/#breadcrumb"},"inLanguage":"it-IT","potentialAction":[{"@type":"ReadAction","target":["https:\/\/www.isaitaly.com\/it\/come-conservare-il-gelato-artigianale-e-confezionato\/"]}]},{"@type":"ImageObject","inLanguage":"it-IT","@id":"https:\/\/www.isaitaly.com\/it\/come-conservare-il-gelato-artigianale-e-confezionato\/#primaryimage","url":"https:\/\/www.isaitaly.com\/wp-content\/uploads\/2022\/04\/3d-show-dettaglio-1-scaled.jpg","contentUrl":"https:\/\/www.isaitaly.com\/wp-content\/uploads\/2022\/04\/3d-show-dettaglio-1-scaled.jpg","width":2560,"height":1708,"caption":"3d-show-dettaglio-1-scaled | ISA"},{"@type":"BreadcrumbList","@id":"https:\/\/www.isaitaly.com\/it\/come-conservare-il-gelato-artigianale-e-confezionato\/#breadcrumb","itemListElement":[{"@type":"ListItem","position":1,"name":"Home","item":"https:\/\/www.isaitaly.com\/it\/"},{"@type":"ListItem","position":2,"name":"Come conservare il gelato artigianale e confezionato"}]},{"@type":"WebSite","@id":"https:\/\/www.isaitaly.com\/it\/#website","url":"https:\/\/www.isaitaly.com\/it\/","name":"ISA","description":"","potentialAction":[{"@type":"SearchAction","target":{"@type":"EntryPoint","urlTemplate":"https:\/\/www.isaitaly.com\/it\/?s={search_term_string}"},"query-input":{"@type":"PropertyValueSpecification","valueRequired":true,"valueName":"search_term_string"}}],"inLanguage":"it-IT"},{"@type":"Person","@id":"https:\/\/www.isaitaly.com\/it\/#\/schema\/person\/a037a937bb57eff6090f0fb3a141652f","name":"Chiara Ragni","image":{"@type":"ImageObject","inLanguage":"it-IT","@id":"https:\/\/www.isaitaly.com\/it\/#\/schema\/person\/image\/","url":"https:\/\/secure.gravatar.com\/avatar\/beac86d476d522474ef1f9de9fb8dc49?s=96&d=mm&r=g","contentUrl":"https:\/\/secure.gravatar.com\/avatar\/beac86d476d522474ef1f9de9fb8dc49?s=96&d=mm&r=g","caption":"Chiara Ragni"},"url":"https:\/\/www.isaitaly.com\/it\/author\/chiara-ragni\/"}]}},"_links":{"self":[{"href":"https:\/\/www.isaitaly.com\/it\/wp-json\/wp\/v2\/posts\/76844","targetHints":{"allow":["GET"]}}],"collection":[{"href":"https:\/\/www.isaitaly.com\/it\/wp-json\/wp\/v2\/posts"}],"about":[{"href":"https:\/\/www.isaitaly.com\/it\/wp-json\/wp\/v2\/types\/post"}],"author":[{"embeddable":true,"href":"https:\/\/www.isaitaly.com\/it\/wp-json\/wp\/v2\/users\/3"}],"replies":[{"embeddable":true,"href":"https:\/\/www.isaitaly.com\/it\/wp-json\/wp\/v2\/comments?post=76844"}],"version-history":[{"count":12,"href":"https:\/\/www.isaitaly.com\/it\/wp-json\/wp\/v2\/posts\/76844\/revisions"}],"predecessor-version":[{"id":76984,"href":"https:\/\/www.isaitaly.com\/it\/wp-json\/wp\/v2\/posts\/76844\/revisions\/76984"}],"wp:featuredmedia":[{"embeddable":true,"href":"https:\/\/www.isaitaly.com\/it\/wp-json\/wp\/v2\/media\/76900"}],"wp:attachment":[{"href":"https:\/\/www.isaitaly.com\/it\/wp-json\/wp\/v2\/media?parent=76844"}],"wp:term":[{"taxonomy":"category","embeddable":true,"href":"https:\/\/www.isaitaly.com\/it\/wp-json\/wp\/v2\/categories?post=76844"},{"taxonomy":"post_tag","embeddable":true,"href":"https:\/\/www.isaitaly.com\/it\/wp-json\/wp\/v2\/tags?post=76844"}],"curies":[{"name":"wp","href":"https:\/\/api.w.org\/{rel}","templated":true}]}}