{"id":26224,"date":"2019-06-14T16:00:25","date_gmt":"2019-06-14T14:00:25","guid":{"rendered":"https:\/\/www.isaitaly.com\/?p=26224"},"modified":"2019-07-17T09:38:23","modified_gmt":"2019-07-17T07:38:23","slug":"career-day-isa-incontra-i-futuri-talenti","status":"publish","type":"post","link":"https:\/\/www.isaitaly.com\/it\/career-day-isa-incontra-i-futuri-talenti\/","title":{"rendered":"Career Day, ISA incontra il futuro"},"content":{"rendered":"<p>\u00c8 stata una bellissima giornata ieri 13 giugno al Complesso Monumentale di San Pietro a Perugia, per<strong> l\u2019edizione 2019 del Career Day<\/strong>. Cinquanta le imprese che hanno partecipato incontrando studenti e laureati che hanno cos\u00ec potuto avere un contatto diretto con il mondo del lavoro.<\/p>\n<p>La cerimonia inaugurale in Aula Magna ha dato il via all&#8217;evento organizzato dall&#8217;Ateneo perugino, realizzato con la partecipazione tecnico-istituzionale di Sviluppumbria S.p.A., in collaborazione con il DSA3 e la Fondazione per l\u2019Istruzione Agraria e con il Patrocinio di Regione Umbria, Comune di Perugia, Confindustria e Camera di Commercio di Perugia. Come ISA abbiamo preso parte all&#8217;iniziativa anche questo anno perch\u00e9 <strong>crediamo nell&#8217;importanza dell&#8217;incontro tra i giovani studenti e le imprese<\/strong>.<\/p>\n<p><em>&#8220;ISA \u00e8 un Azienda con un connubio unico: ha, da sempre, una vocazione non solo territoriale ma anche internazionale. Offre possibilit\u00e0 concrete di intraprendere una carriera e mettersi in gioco per crescere insieme all&#8217;organizzazione.&#8221;<\/em> &#8211; queste le parole del <strong>People &amp; Organization Development Manager di ISA Piergiorgio Accrocca<\/strong> &#8211; <em>\u201cPer noi vale comunque la regola dell\u2019attitudine prima e della competenza poi. Insomma la competenza senza attitudine non ci serve.\u201d<\/em><\/p>\n<p><img loading=\"lazy\" decoding=\"async\" class=\"mobile alignnone wp-image-26241 size-full\" src=\"https:\/\/www.isaitaly.com\/wp-content\/uploads\/2019\/06\/career-day-3.jpg\" alt=\"\" width=\"1500\" height=\"844\" srcset=\"https:\/\/www.isaitaly.com\/wp-content\/uploads\/2019\/06\/career-day-3.jpg 1500w, https:\/\/www.isaitaly.com\/wp-content\/uploads\/2019\/06\/career-day-3-460x259.jpg 460w, https:\/\/www.isaitaly.com\/wp-content\/uploads\/2019\/06\/career-day-3-768x432.jpg 768w, https:\/\/www.isaitaly.com\/wp-content\/uploads\/2019\/06\/career-day-3-1024x576.jpg 1024w, https:\/\/www.isaitaly.com\/wp-content\/uploads\/2019\/06\/career-day-3-1080x608.jpg 1080w\" sizes=\"auto, (max-width: 1500px) 100vw, 1500px\" \/><\/p>\n<p><strong>ISA da sempre supporta il contatto diretto con i giovani<\/strong> e per questo durante l\u2019anno porta avanti numerose iniziative e collaborazioni con universit\u00e0 e scuole di specializzazione italiane ed estere: tour conoscitivi in azienda, tirocini formativi, esperienze Erasmus, partecipazioni ad eventi rivolti ai giovani e molto altro.<\/p>\n<p>Ringraziamo i ragazzi che hanno avuto il piacere e la curiosit\u00e0 di interfacciarsi con noi durante la giornata, ai quali facciamo i nostri pi\u00f9 grandi auguri per il loro futuro, e chiss\u00e0&#8230; magari con alcuni di loro ci si rivedr\u00e0.<\/p>\n<p><img loading=\"lazy\" decoding=\"async\" class=\"mobile alignnone wp-image-26236 size-full\" src=\"https:\/\/www.isaitaly.com\/wp-content\/uploads\/2019\/06\/career-day-4-di-9.jpg\" alt=\"\" width=\"2000\" height=\"1125\" srcset=\"https:\/\/www.isaitaly.com\/wp-content\/uploads\/2019\/06\/career-day-4-di-9.jpg 2000w, https:\/\/www.isaitaly.com\/wp-content\/uploads\/2019\/06\/career-day-4-di-9-460x259.jpg 460w, https:\/\/www.isaitaly.com\/wp-content\/uploads\/2019\/06\/career-day-4-di-9-768x432.jpg 768w, https:\/\/www.isaitaly.com\/wp-content\/uploads\/2019\/06\/career-day-4-di-9-1024x576.jpg 1024w, https:\/\/www.isaitaly.com\/wp-content\/uploads\/2019\/06\/career-day-4-di-9-1080x608.jpg 1080w\" sizes=\"auto, (max-width: 2000px) 100vw, 2000px\" \/><\/p>\n<p><img loading=\"lazy\" decoding=\"async\" class=\"mobile alignnone wp-image-26246 size-full\" src=\"https:\/\/www.isaitaly.com\/wp-content\/uploads\/2019\/06\/career-day-6-di-9.jpg\" alt=\"\" width=\"2000\" height=\"1125\" srcset=\"https:\/\/www.isaitaly.com\/wp-content\/uploads\/2019\/06\/career-day-6-di-9.jpg 2000w, https:\/\/www.isaitaly.com\/wp-content\/uploads\/2019\/06\/career-day-6-di-9-460x259.jpg 460w, https:\/\/www.isaitaly.com\/wp-content\/uploads\/2019\/06\/career-day-6-di-9-768x432.jpg 768w, https:\/\/www.isaitaly.com\/wp-content\/uploads\/2019\/06\/career-day-6-di-9-1024x576.jpg 1024w, https:\/\/www.isaitaly.com\/wp-content\/uploads\/2019\/06\/career-day-6-di-9-1080x608.jpg 1080w\" sizes=\"auto, (max-width: 2000px) 100vw, 2000px\" \/><\/p>\n","protected":false},"excerpt":{"rendered":"<p>\u00c8 stata una bellissima giornata ieri 13 giugno al Complesso Monumentale di San Pietro a Perugia, per l\u2019edizione 2019 del Career Day. Cinquanta le imprese che hanno partecipato incontrando studenti e laureati che hanno cos\u00ec potuto avere un contatto diretto con il mondo del lavoro. La cerimonia inaugurale in Aula Magna ha dato il via [&hellip;]<\/p>\n","protected":false},"author":3,"featured_media":26736,"comment_status":"open","ping_status":"open","sticky":false,"template":"","format":"standard","meta":{"_et_pb_use_builder":"","_et_pb_old_content":"","_et_gb_content_width":"","footnotes":""},"categories":[117,108,109,110],"tags":[],"class_list":["post-26224","post","type-post","status-publish","format-standard","has-post-thumbnail","hentry","category-news","category-gelato-pastry","category-food-beverage","category-market"],"acf":[],"yoast_head":"<!-- This site is optimized with the Yoast SEO plugin v26.8 - https:\/\/yoast.com\/product\/yoast-seo-wordpress\/ -->\n<title>Career Day, ISA incontra il futuro | ISA<\/title>\n<meta name=\"description\" content=\"\u00c8 stata una bellissima giornata ieri 13 giugno al Complesso Monumentale di San Pietro a Perugia, per l\u2019edizione 2019 del Career Day. Cinquanta le imprese\" \/>\n<meta name=\"robots\" content=\"index, follow, max-snippet:-1, max-image-preview:large, max-video-preview:-1\" \/>\n<link rel=\"canonical\" href=\"https:\/\/www.isaitaly.com\/it\/career-day-isa-incontra-i-futuri-talenti\/\" \/>\n<meta property=\"og:locale\" content=\"it_IT\" \/>\n<meta property=\"og:type\" content=\"article\" \/>\n<meta property=\"og:title\" content=\"Career Day, ISA incontra il futuro | ISA\" \/>\n<meta property=\"og:description\" content=\"\u00c8 stata una bellissima giornata ieri 13 giugno al Complesso Monumentale di San Pietro a Perugia, per l\u2019edizione 2019 del Career Day. Cinquanta le imprese\" \/>\n<meta property=\"og:url\" content=\"https:\/\/www.isaitaly.com\/it\/career-day-isa-incontra-i-futuri-talenti\/\" \/>\n<meta property=\"og:site_name\" content=\"ISA\" \/>\n<meta property=\"article:published_time\" content=\"2019-06-14T14:00:25+00:00\" \/>\n<meta property=\"article:modified_time\" content=\"2019-07-17T07:38:23+00:00\" \/>\n<meta property=\"og:image\" content=\"https:\/\/www.isaitaly.com\/wp-content\/uploads\/2019\/06\/career-day-2-1.jpg\" \/>\n\t<meta property=\"og:image:width\" content=\"950\" \/>\n\t<meta property=\"og:image:height\" content=\"634\" \/>\n\t<meta property=\"og:image:type\" content=\"image\/jpeg\" \/>\n<meta name=\"author\" content=\"Chiara Ragni\" \/>\n<meta name=\"twitter:card\" content=\"summary_large_image\" \/>\n<meta name=\"twitter:label1\" content=\"Scritto da\" \/>\n\t<meta name=\"twitter:data1\" content=\"Chiara Ragni\" \/>\n\t<meta name=\"twitter:label2\" content=\"Tempo di lettura stimato\" \/>\n\t<meta name=\"twitter:data2\" content=\"1 minuto\" \/>\n<script type=\"application\/ld+json\" class=\"yoast-schema-graph\">{\"@context\":\"https:\/\/schema.org\",\"@graph\":[{\"@type\":\"Article\",\"@id\":\"https:\/\/www.isaitaly.com\/it\/career-day-isa-incontra-i-futuri-talenti\/#article\",\"isPartOf\":{\"@id\":\"https:\/\/www.isaitaly.com\/it\/career-day-isa-incontra-i-futuri-talenti\/\"},\"author\":{\"name\":\"Chiara Ragni\",\"@id\":\"https:\/\/www.isaitaly.com\/it\/#\/schema\/person\/a037a937bb57eff6090f0fb3a141652f\"},\"headline\":\"Career Day, ISA incontra il futuro\",\"datePublished\":\"2019-06-14T14:00:25+00:00\",\"dateModified\":\"2019-07-17T07:38:23+00:00\",\"mainEntityOfPage\":{\"@id\":\"https:\/\/www.isaitaly.com\/it\/career-day-isa-incontra-i-futuri-talenti\/\"},\"wordCount\":285,\"commentCount\":0,\"image\":{\"@id\":\"https:\/\/www.isaitaly.com\/it\/career-day-isa-incontra-i-futuri-talenti\/#primaryimage\"},\"thumbnailUrl\":\"https:\/\/www.isaitaly.com\/wp-content\/uploads\/2019\/06\/career-day-2-1.jpg\",\"articleSection\":[\"News\",\"Gelato &amp; Pastry\",\"Food &amp; Beverage\",\"Market\"],\"inLanguage\":\"it-IT\",\"potentialAction\":[{\"@type\":\"CommentAction\",\"name\":\"Comment\",\"target\":[\"https:\/\/www.isaitaly.com\/it\/career-day-isa-incontra-i-futuri-talenti\/#respond\"]}]},{\"@type\":\"WebPage\",\"@id\":\"https:\/\/www.isaitaly.com\/it\/career-day-isa-incontra-i-futuri-talenti\/\",\"url\":\"https:\/\/www.isaitaly.com\/it\/career-day-isa-incontra-i-futuri-talenti\/\",\"name\":\"Career Day, ISA incontra il futuro | ISA\",\"isPartOf\":{\"@id\":\"https:\/\/www.isaitaly.com\/it\/#website\"},\"primaryImageOfPage\":{\"@id\":\"https:\/\/www.isaitaly.com\/it\/career-day-isa-incontra-i-futuri-talenti\/#primaryimage\"},\"image\":{\"@id\":\"https:\/\/www.isaitaly.com\/it\/career-day-isa-incontra-i-futuri-talenti\/#primaryimage\"},\"thumbnailUrl\":\"https:\/\/www.isaitaly.com\/wp-content\/uploads\/2019\/06\/career-day-2-1.jpg\",\"datePublished\":\"2019-06-14T14:00:25+00:00\",\"dateModified\":\"2019-07-17T07:38:23+00:00\",\"author\":{\"@id\":\"https:\/\/www.isaitaly.com\/it\/#\/schema\/person\/a037a937bb57eff6090f0fb3a141652f\"},\"description\":\"\u00c8 stata una bellissima giornata ieri 13 giugno al Complesso Monumentale di San Pietro a Perugia, per l\u2019edizione 2019 del Career Day. Cinquanta le imprese\",\"breadcrumb\":{\"@id\":\"https:\/\/www.isaitaly.com\/it\/career-day-isa-incontra-i-futuri-talenti\/#breadcrumb\"},\"inLanguage\":\"it-IT\",\"potentialAction\":[{\"@type\":\"ReadAction\",\"target\":[\"https:\/\/www.isaitaly.com\/it\/career-day-isa-incontra-i-futuri-talenti\/\"]}]},{\"@type\":\"ImageObject\",\"inLanguage\":\"it-IT\",\"@id\":\"https:\/\/www.isaitaly.com\/it\/career-day-isa-incontra-i-futuri-talenti\/#primaryimage\",\"url\":\"https:\/\/www.isaitaly.com\/wp-content\/uploads\/2019\/06\/career-day-2-1.jpg\",\"contentUrl\":\"https:\/\/www.isaitaly.com\/wp-content\/uploads\/2019\/06\/career-day-2-1.jpg\",\"width\":950,\"height\":634,\"caption\":\"career-day-2-1 | ISA\"},{\"@type\":\"BreadcrumbList\",\"@id\":\"https:\/\/www.isaitaly.com\/it\/career-day-isa-incontra-i-futuri-talenti\/#breadcrumb\",\"itemListElement\":[{\"@type\":\"ListItem\",\"position\":1,\"name\":\"Home\",\"item\":\"https:\/\/www.isaitaly.com\/it\/\"},{\"@type\":\"ListItem\",\"position\":2,\"name\":\"Career Day, ISA incontra il futuro\"}]},{\"@type\":\"WebSite\",\"@id\":\"https:\/\/www.isaitaly.com\/it\/#website\",\"url\":\"https:\/\/www.isaitaly.com\/it\/\",\"name\":\"ISA\",\"description\":\"\",\"potentialAction\":[{\"@type\":\"SearchAction\",\"target\":{\"@type\":\"EntryPoint\",\"urlTemplate\":\"https:\/\/www.isaitaly.com\/it\/?s={search_term_string}\"},\"query-input\":{\"@type\":\"PropertyValueSpecification\",\"valueRequired\":true,\"valueName\":\"search_term_string\"}}],\"inLanguage\":\"it-IT\"},{\"@type\":\"Person\",\"@id\":\"https:\/\/www.isaitaly.com\/it\/#\/schema\/person\/a037a937bb57eff6090f0fb3a141652f\",\"name\":\"Chiara Ragni\",\"image\":{\"@type\":\"ImageObject\",\"inLanguage\":\"it-IT\",\"@id\":\"https:\/\/www.isaitaly.com\/it\/#\/schema\/person\/image\/\",\"url\":\"https:\/\/secure.gravatar.com\/avatar\/beac86d476d522474ef1f9de9fb8dc49?s=96&d=mm&r=g\",\"contentUrl\":\"https:\/\/secure.gravatar.com\/avatar\/beac86d476d522474ef1f9de9fb8dc49?s=96&d=mm&r=g\",\"caption\":\"Chiara Ragni\"},\"url\":\"https:\/\/www.isaitaly.com\/it\/author\/chiara-ragni\/\"}]}<\/script>\n<!-- \/ Yoast SEO plugin. -->","yoast_head_json":{"title":"Career Day, ISA incontra il futuro | ISA","description":"\u00c8 stata una bellissima giornata ieri 13 giugno al Complesso Monumentale di San Pietro a Perugia, per l\u2019edizione 2019 del Career Day. Cinquanta le imprese","robots":{"index":"index","follow":"follow","max-snippet":"max-snippet:-1","max-image-preview":"max-image-preview:large","max-video-preview":"max-video-preview:-1"},"canonical":"https:\/\/www.isaitaly.com\/it\/career-day-isa-incontra-i-futuri-talenti\/","og_locale":"it_IT","og_type":"article","og_title":"Career Day, ISA incontra il futuro | ISA","og_description":"\u00c8 stata una bellissima giornata ieri 13 giugno al Complesso Monumentale di San Pietro a Perugia, per l\u2019edizione 2019 del Career Day. Cinquanta le imprese","og_url":"https:\/\/www.isaitaly.com\/it\/career-day-isa-incontra-i-futuri-talenti\/","og_site_name":"ISA","article_published_time":"2019-06-14T14:00:25+00:00","article_modified_time":"2019-07-17T07:38:23+00:00","og_image":[{"width":950,"height":634,"url":"https:\/\/www.isaitaly.com\/wp-content\/uploads\/2019\/06\/career-day-2-1.jpg","type":"image\/jpeg"}],"author":"Chiara Ragni","twitter_card":"summary_large_image","twitter_misc":{"Scritto da":"Chiara Ragni","Tempo di lettura stimato":"1 minuto"},"schema":{"@context":"https:\/\/schema.org","@graph":[{"@type":"Article","@id":"https:\/\/www.isaitaly.com\/it\/career-day-isa-incontra-i-futuri-talenti\/#article","isPartOf":{"@id":"https:\/\/www.isaitaly.com\/it\/career-day-isa-incontra-i-futuri-talenti\/"},"author":{"name":"Chiara Ragni","@id":"https:\/\/www.isaitaly.com\/it\/#\/schema\/person\/a037a937bb57eff6090f0fb3a141652f"},"headline":"Career Day, ISA incontra il futuro","datePublished":"2019-06-14T14:00:25+00:00","dateModified":"2019-07-17T07:38:23+00:00","mainEntityOfPage":{"@id":"https:\/\/www.isaitaly.com\/it\/career-day-isa-incontra-i-futuri-talenti\/"},"wordCount":285,"commentCount":0,"image":{"@id":"https:\/\/www.isaitaly.com\/it\/career-day-isa-incontra-i-futuri-talenti\/#primaryimage"},"thumbnailUrl":"https:\/\/www.isaitaly.com\/wp-content\/uploads\/2019\/06\/career-day-2-1.jpg","articleSection":["News","Gelato &amp; Pastry","Food &amp; Beverage","Market"],"inLanguage":"it-IT","potentialAction":[{"@type":"CommentAction","name":"Comment","target":["https:\/\/www.isaitaly.com\/it\/career-day-isa-incontra-i-futuri-talenti\/#respond"]}]},{"@type":"WebPage","@id":"https:\/\/www.isaitaly.com\/it\/career-day-isa-incontra-i-futuri-talenti\/","url":"https:\/\/www.isaitaly.com\/it\/career-day-isa-incontra-i-futuri-talenti\/","name":"Career Day, ISA incontra il futuro | ISA","isPartOf":{"@id":"https:\/\/www.isaitaly.com\/it\/#website"},"primaryImageOfPage":{"@id":"https:\/\/www.isaitaly.com\/it\/career-day-isa-incontra-i-futuri-talenti\/#primaryimage"},"image":{"@id":"https:\/\/www.isaitaly.com\/it\/career-day-isa-incontra-i-futuri-talenti\/#primaryimage"},"thumbnailUrl":"https:\/\/www.isaitaly.com\/wp-content\/uploads\/2019\/06\/career-day-2-1.jpg","datePublished":"2019-06-14T14:00:25+00:00","dateModified":"2019-07-17T07:38:23+00:00","author":{"@id":"https:\/\/www.isaitaly.com\/it\/#\/schema\/person\/a037a937bb57eff6090f0fb3a141652f"},"description":"\u00c8 stata una bellissima giornata ieri 13 giugno al Complesso Monumentale di San Pietro a Perugia, per l\u2019edizione 2019 del Career Day. Cinquanta le imprese","breadcrumb":{"@id":"https:\/\/www.isaitaly.com\/it\/career-day-isa-incontra-i-futuri-talenti\/#breadcrumb"},"inLanguage":"it-IT","potentialAction":[{"@type":"ReadAction","target":["https:\/\/www.isaitaly.com\/it\/career-day-isa-incontra-i-futuri-talenti\/"]}]},{"@type":"ImageObject","inLanguage":"it-IT","@id":"https:\/\/www.isaitaly.com\/it\/career-day-isa-incontra-i-futuri-talenti\/#primaryimage","url":"https:\/\/www.isaitaly.com\/wp-content\/uploads\/2019\/06\/career-day-2-1.jpg","contentUrl":"https:\/\/www.isaitaly.com\/wp-content\/uploads\/2019\/06\/career-day-2-1.jpg","width":950,"height":634,"caption":"career-day-2-1 | ISA"},{"@type":"BreadcrumbList","@id":"https:\/\/www.isaitaly.com\/it\/career-day-isa-incontra-i-futuri-talenti\/#breadcrumb","itemListElement":[{"@type":"ListItem","position":1,"name":"Home","item":"https:\/\/www.isaitaly.com\/it\/"},{"@type":"ListItem","position":2,"name":"Career Day, ISA incontra il futuro"}]},{"@type":"WebSite","@id":"https:\/\/www.isaitaly.com\/it\/#website","url":"https:\/\/www.isaitaly.com\/it\/","name":"ISA","description":"","potentialAction":[{"@type":"SearchAction","target":{"@type":"EntryPoint","urlTemplate":"https:\/\/www.isaitaly.com\/it\/?s={search_term_string}"},"query-input":{"@type":"PropertyValueSpecification","valueRequired":true,"valueName":"search_term_string"}}],"inLanguage":"it-IT"},{"@type":"Person","@id":"https:\/\/www.isaitaly.com\/it\/#\/schema\/person\/a037a937bb57eff6090f0fb3a141652f","name":"Chiara Ragni","image":{"@type":"ImageObject","inLanguage":"it-IT","@id":"https:\/\/www.isaitaly.com\/it\/#\/schema\/person\/image\/","url":"https:\/\/secure.gravatar.com\/avatar\/beac86d476d522474ef1f9de9fb8dc49?s=96&d=mm&r=g","contentUrl":"https:\/\/secure.gravatar.com\/avatar\/beac86d476d522474ef1f9de9fb8dc49?s=96&d=mm&r=g","caption":"Chiara Ragni"},"url":"https:\/\/www.isaitaly.com\/it\/author\/chiara-ragni\/"}]}},"_links":{"self":[{"href":"https:\/\/www.isaitaly.com\/it\/wp-json\/wp\/v2\/posts\/26224","targetHints":{"allow":["GET"]}}],"collection":[{"href":"https:\/\/www.isaitaly.com\/it\/wp-json\/wp\/v2\/posts"}],"about":[{"href":"https:\/\/www.isaitaly.com\/it\/wp-json\/wp\/v2\/types\/post"}],"author":[{"embeddable":true,"href":"https:\/\/www.isaitaly.com\/it\/wp-json\/wp\/v2\/users\/3"}],"replies":[{"embeddable":true,"href":"https:\/\/www.isaitaly.com\/it\/wp-json\/wp\/v2\/comments?post=26224"}],"version-history":[{"count":8,"href":"https:\/\/www.isaitaly.com\/it\/wp-json\/wp\/v2\/posts\/26224\/revisions"}],"predecessor-version":[{"id":26257,"href":"https:\/\/www.isaitaly.com\/it\/wp-json\/wp\/v2\/posts\/26224\/revisions\/26257"}],"wp:featuredmedia":[{"embeddable":true,"href":"https:\/\/www.isaitaly.com\/it\/wp-json\/wp\/v2\/media\/26736"}],"wp:attachment":[{"href":"https:\/\/www.isaitaly.com\/it\/wp-json\/wp\/v2\/media?parent=26224"}],"wp:term":[{"taxonomy":"category","embeddable":true,"href":"https:\/\/www.isaitaly.com\/it\/wp-json\/wp\/v2\/categories?post=26224"},{"taxonomy":"post_tag","embeddable":true,"href":"https:\/\/www.isaitaly.com\/it\/wp-json\/wp\/v2\/tags?post=26224"}],"curies":[{"name":"wp","href":"https:\/\/api.w.org\/{rel}","templated":true}]}}