{"id":127136,"date":"2025-11-14T14:53:28","date_gmt":"2025-11-14T13:53:28","guid":{"rendered":"https:\/\/www.isaitaly.com\/?p=127136"},"modified":"2026-02-06T15:45:25","modified_gmt":"2026-02-06T14:45:25","slug":"isa-apre-uno-showroom-a-milano-spazioisa-luogo-esperienziale-non-solo-espositivo-2","status":"publish","type":"post","link":"https:\/\/www.isaitaly.com\/it\/isa-apre-uno-showroom-a-milano-spazioisa-luogo-esperienziale-non-solo-espositivo-2\/","title":{"rendered":"ISA Apre uno Showroom a Milano: SpazioISA, luogo esperienziale non solo espositivo"},"content":{"rendered":"<p style=\"text-align: left;\"><img loading=\"lazy\" decoding=\"async\" class=\"alignnone size-full wp-image-127142\" src=\"https:\/\/www.isaitaly.com\/wp-content\/uploads\/2025\/11\/Giuseppe_Tortato_morimondo23_04.jpg\" alt=\"\" width=\"1024\" height=\"683\" srcset=\"https:\/\/www.isaitaly.com\/wp-content\/uploads\/2025\/11\/Giuseppe_Tortato_morimondo23_04.jpg 1024w, https:\/\/www.isaitaly.com\/wp-content\/uploads\/2025\/11\/Giuseppe_Tortato_morimondo23_04-980x654.jpg 980w, https:\/\/www.isaitaly.com\/wp-content\/uploads\/2025\/11\/Giuseppe_Tortato_morimondo23_04-480x320.jpg 480w\" sizes=\"auto, (min-width: 0px) and (max-width: 480px) 480px, (min-width: 481px) and (max-width: 980px) 980px, (min-width: 981px) 1024px, 100vw\" \/><\/p>\n<p style=\"text-align: left;\">Milano, capitale indiscussa del design, si prepara ad accogliere un significativo punto di riferimento per il mondo dell&#8217;architettura e dell&#8217;interior design, specificamente per il settore Ho.Re.Ca. (Hotellerie, Ristorazione, Bar, Gelaterie, Pasticcerie, ecc.\u2026).<\/p>\n<p style=\"text-align: left;\">ISA, azienda leader nel campo della <strong>refrigerazione professionale e dell&#8217;arredamento di locali pubblici<\/strong>, decide di accreditare la sua presenza a Milano, con l\u2019apertura del suo showroom situato nella nuova zona dei navigli, recentemente rivisitata in tono contemporaneo: precisamente in Via Morimondo 23.<\/p>\n<p style=\"text-align: left;\">L\u2019area \u00e8 risultato dell\u2019importante progetto di rigenerazione per preservare il patrimonio architettonico industriale della zona. Un tempo occupata da un impianto industriale della Richard Ginori, ospita ora <strong>un villaggio creativo di tendenza<\/strong> dedicato al mondo del fashion, design, advertising, arte e media.<\/p>\n<p><img loading=\"lazy\" decoding=\"async\" class=\"mobile alignnone wp-image-127146 size-full\" src=\"https:\/\/www.isaitaly.com\/wp-content\/uploads\/2025\/11\/Giuseppe_Tortato_morimondo23_22.jpg\" alt=\"\" width=\"1010\" height=\"542\" srcset=\"https:\/\/www.isaitaly.com\/wp-content\/uploads\/2025\/11\/Giuseppe_Tortato_morimondo23_22.jpg 1010w, https:\/\/www.isaitaly.com\/wp-content\/uploads\/2025\/11\/Giuseppe_Tortato_morimondo23_22-980x526.jpg 980w, https:\/\/www.isaitaly.com\/wp-content\/uploads\/2025\/11\/Giuseppe_Tortato_morimondo23_22-480x258.jpg 480w\" sizes=\"auto, (min-width: 0px) and (max-width: 480px) 480px, (min-width: 481px) and (max-width: 980px) 980px, (min-width: 981px) 1010px, 100vw\" \/><\/p>\n<p style=\"text-align: left;\">La scelta di Milano non \u00e8 casuale. La citt\u00e0, con la sua dinamicit\u00e0 e la sua innata vocazione all&#8217;innovazione e al design, rappresenta il palcoscenico ideale per presentare le soluzioni all&#8217;avanguardia di ISA. Non sar\u00e0 un semplice spazio espositivo, ma <strong>un vero e proprio hub dinamico<\/strong>, pensato per diventare un punto di incontro e di scambio tra l\u2019azienda, i suoi clienti e il poliedrico mondo degli architetti e dei professionisti della refrigerazione professionale.<\/p>\n<p style=\"text-align: left;\">Questo nuovo spazio milanese si affiancher\u00e0 allo storico showroom di Bastia Umbra, alle porte di Assisi, dove ISA mantiene il suo quartier generale e la sede produttiva. Una dualit\u00e0 che sottolinea la duplice anima dell&#8217;azienda: radicata nella tradizione e nell&#8217;eccellenza manifatturiera italiana, ma proiettata verso le nuove sfide e le dinamiche del mercato globale.<\/p>\n<p><img loading=\"lazy\" decoding=\"async\" class=\"mobile alignnone wp-image-127150 size-full\" src=\"https:\/\/www.isaitaly.com\/wp-content\/uploads\/2025\/11\/Giuseppe_Tortato_morimondo23_29.jpg\" alt=\"\" width=\"1000\" height=\"689\" srcset=\"https:\/\/www.isaitaly.com\/wp-content\/uploads\/2025\/11\/Giuseppe_Tortato_morimondo23_29.jpg 1000w, https:\/\/www.isaitaly.com\/wp-content\/uploads\/2025\/11\/Giuseppe_Tortato_morimondo23_29-980x675.jpg 980w, https:\/\/www.isaitaly.com\/wp-content\/uploads\/2025\/11\/Giuseppe_Tortato_morimondo23_29-480x331.jpg 480w\" sizes=\"auto, (min-width: 0px) and (max-width: 480px) 480px, (min-width: 481px) and (max-width: 980px) 980px, (min-width: 981px) 1000px, 100vw\" \/><\/p>\n<h3>Pi\u00f9 di uno Showroom. Un Punto di Riferimento<\/h3>\n<p style=\"text-align: left;\">Il nuovo<strong> spazio multifunzionale<\/strong> di ISA sar\u00e0 un ambiente stimolante, progettato per favorire la nascita di nuove sinergie e per offrire un supporto concreto ai professionisti del settore. Qui i nostri ospiti potranno visionare le proposte ISA, toccare con mano l\u2019innovazione tecnologica, la qualit\u00e0 dei materiali ed apprezzare l&#8217;eccellenza del design che da sempre contraddistingue l&#8217;azienda. Ma non solo, lo showroom ospiter\u00e0 regolarmente <strong>eventi esclusivi<\/strong>: workshop, seminari, presentazioni di nuovi prodotti e incontri con esperti del settore, trasformandosi in un vivace centro di formazione e aggiornamento professionale. Sar\u00e0, inoltre, un luogo ideale per eventi di networking, permettendo ai professionisti di connettersi, condividere esperienze e creare nuove opportunit\u00e0.<\/p>\n<p style=\"text-align: left;\">Un\u2019importante presenza su Milano conferma la visione strategica di ISA, da sempre proiettata ad investire in ricerca e sviluppo, in sostenibilit\u00e0 (ISA \u00e8 stata pioniera nell\u2019utilizzo di refrigeranti naturali) e al rafforzamento delle relazioni con i propri partner professionali. Un altro passo avanti significativo per l&#8217;azienda, che si propone di consolidare la propria leadership nel settore, offrendo soluzioni tecnologiche sempre pi\u00f9 innovative e personalizzate per la creazione di ambienti pubblici unici e funzionali.<\/p>\n<p><img loading=\"lazy\" decoding=\"async\" class=\"mobile alignnone wp-image-127138 size-large\" src=\"https:\/\/www.isaitaly.com\/wp-content\/uploads\/2025\/11\/BLT3425-1024x683.jpg\" alt=\"\" width=\"1024\" height=\"683\" srcset=\"https:\/\/www.isaitaly.com\/wp-content\/uploads\/2025\/11\/BLT3425-980x654.jpg 980w, https:\/\/www.isaitaly.com\/wp-content\/uploads\/2025\/11\/BLT3425-480x320.jpg 480w\" sizes=\"auto, (min-width: 0px) and (max-width: 480px) 480px, (min-width: 481px) and (max-width: 980px) 980px, (min-width: 981px) 1024px, 100vw\" \/><\/p>\n<h3>Le parole del Designer Sergio Brioschi<\/h3>\n<p style=\"text-align: left;\">Il progetto per lo showroom di Milano \u00e8 parte di un percorso di collaborazione iniziato diversi anni fa con ISA. Una collaborazione che si fonda sull\u2019idea di <strong>coniugare la grande esperienza tecnica e produttiva di ISA con una nuova estetica di prodotto e espositiva<\/strong>.<\/p>\n<p style=\"text-align: left;\">Il concetto, che viene ribadito in questo spazio, cerca di <strong>dare visione sia all\u2019anima tecnologica che al design innovativo<\/strong>. L\u2019ambiente \u00e8 articolato in zone che ruotano intorno alla scala centrale, fulcro dello spazio, e si articolano con le due grandi vetrate che danno luminosit\u00e0 allo spazio. Tre composizioni frontali mostrano prodotti con funzioni specifiche, mentre due grandi pedane espositive poste sotto la vetrata principale, espongono gli innovativi prodotti freestanding dedicati alla refrigerazione per hotel e domestica.<\/p>\n<p><img loading=\"lazy\" decoding=\"async\" class=\"mobile alignnone wp-image-127228 size-large\" src=\"https:\/\/www.isaitaly.com\/wp-content\/uploads\/2025\/11\/BLT2609-t.alto_-1024x684.jpg\" alt=\"\" width=\"1024\" height=\"684\" srcset=\"https:\/\/www.isaitaly.com\/wp-content\/uploads\/2025\/11\/BLT2609-t.alto_-980x654.jpg 980w, https:\/\/www.isaitaly.com\/wp-content\/uploads\/2025\/11\/BLT2609-t.alto_-480x321.jpg 480w\" sizes=\"auto, (min-width: 0px) and (max-width: 480px) 480px, (min-width: 481px) and (max-width: 980px) 980px, (min-width: 981px) 1024px, 100vw\" \/><\/p>\n<p style=\"text-align: left;\">All\u2019 ingresso, con affaccio sul giardino interno, \u00e8 stato pensato un bar funzionante per l\u2019accoglienza degli ospiti e una zona colloquiale di incontri. La zona superiore, con affaccio sull\u2019esposizione, \u00e8 stata pensata come ambiente operativo con due uffici e una zona corsi\/meeting. Molta importanza \u00e8 stata data anche all\u2019esposizione dei materiali, un grande mobile archivio permette di riassumere e organizzare centinaia di campioni di finiture, mostrando il <strong>potenziale creativo che ISA propone ai professionisti per sviluppare i loro progetti<\/strong>.<\/p>\n<p><img loading=\"lazy\" decoding=\"async\" class=\"mobile alignnone wp-image-127219 size-large\" src=\"https:\/\/www.isaitaly.com\/wp-content\/uploads\/2025\/11\/BLT3240_materiale-isaweb-1024x683.jpg\" alt=\"\" width=\"1024\" height=\"683\" srcset=\"https:\/\/www.isaitaly.com\/wp-content\/uploads\/2025\/11\/BLT3240_materiale-isaweb-980x654.jpg 980w, https:\/\/www.isaitaly.com\/wp-content\/uploads\/2025\/11\/BLT3240_materiale-isaweb-480x320.jpg 480w\" sizes=\"auto, (min-width: 0px) and (max-width: 480px) 480px, (min-width: 481px) and (max-width: 980px) 980px, (min-width: 981px) 1024px, 100vw\" \/><\/p>\n<h3>Un invito a vivere SpazioISA<\/h3>\n<p><a href=\"https:\/\/spazioisa.com\/\" target=\"_blank\" rel=\"noopener\"><span style=\"color: #5aa1d8;\"><strong>SpazioISA<\/strong><\/span><\/a>\u00a0non \u00e8 solo un luogo da vedere, ma da vivere. Ogni dettaglio \u00e8 pensato per raccontare l\u2019eccellenza italiana e l\u2019innovazione che da sempre contraddistinguono ISA. Qui design, tecnologia e creativit\u00e0 si incontrano per ispirare nuove idee e progetti. <strong>Vi aspettiamo in Via Morimondo 23<\/strong>, nel cuore dei Navigli, per scoprire da vicino le nostre soluzioni e condividere insieme un\u2019esperienza unica. Veniteci a trovare per lasciarvi sorprendere: <strong>SpazioISA \u00e8 il punto di partenza per immaginare il futuro dei vostri spazi<\/strong>.<\/p>\n<p><img loading=\"lazy\" decoding=\"async\" class=\"mobile alignnone wp-image-127160 size-large\" src=\"https:\/\/www.isaitaly.com\/wp-content\/uploads\/2025\/11\/people.00_00_00_17.Immagine001-1024x576.jpg\" alt=\"\" width=\"1024\" height=\"576\" srcset=\"https:\/\/www.isaitaly.com\/wp-content\/uploads\/2025\/11\/people.00_00_00_17.Immagine001-980x551.jpg 980w, https:\/\/www.isaitaly.com\/wp-content\/uploads\/2025\/11\/people.00_00_00_17.Immagine001-480x270.jpg 480w\" sizes=\"auto, (min-width: 0px) and (max-width: 480px) 480px, (min-width: 481px) and (max-width: 980px) 980px, (min-width: 981px) 1024px, 100vw\" \/><\/p>\n<blockquote><p><strong>SpazioISA<\/strong><br \/>\n+39 02810210 | +39 3355244972<br \/>\n<strong>spazioisa@isaitaly.com<\/strong><br \/>\nVia Morimondo, 23 &#8211; 20143 Milano (Italia)<\/p>\n<p><strong>Si riceve su appuntamento, dal lunedi al venerd\u00ec dalle 9:30 alle 18:30<span style=\"color: #5aa1d8;\"> \u00a0<\/span><\/strong><\/p><\/blockquote>\n<p>&nbsp;<\/p>\n","protected":false},"excerpt":{"rendered":"<p> Milano, capitale indiscussa del design, si prepara ad accogliere un significativo punto di riferimento per il mondo dell&#8217;architettura e dell&#8217;interior design, specificamente per il settore Ho.Re.Ca.. ISA decide di accreditare la sua presenza a Milano, con l\u2019apertura del suo showroom situato nella nuova zona dei navigli, in Via Morimondo 23.<\/p>\n","protected":false},"author":15,"featured_media":127142,"comment_status":"open","ping_status":"open","sticky":false,"template":"","format":"standard","meta":{"_et_pb_use_builder":"","_et_pb_old_content":"","_et_gb_content_width":"","footnotes":""},"categories":[117],"tags":[1336,1330,1334,1335],"class_list":["post-127136","post","type-post","status-publish","format-standard","has-post-thumbnail","hentry","category-news","tag-design","tag-horeca","tag-showroom-milano","tag-spazioisa"],"acf":[],"yoast_head":"<!-- This site is optimized with the Yoast SEO plugin v26.8 - https:\/\/yoast.com\/product\/yoast-seo-wordpress\/ -->\n<title>Showroom Milano SpazioISA | ISA<\/title>\n<meta name=\"description\" content=\"Milano, capitale indiscussa del design, si prepara ad accogliere un significativo punto di riferimento per il mondo dell&#039;architettura e dell&#039;interior design, specificamente per il settore Ho.Re.Ca. ISA, azienda leader nel campo della refrigerazione professionale e dell&#039;arredamento di locali pubblici, decide di accreditare la sua presenza a Milano, con l\u2019apertura del suo showroom situato nella nuova zona dei navigli, in Via Morimondo 23.\" \/>\n<meta name=\"robots\" content=\"index, follow, max-snippet:-1, max-image-preview:large, max-video-preview:-1\" \/>\n<link rel=\"canonical\" href=\"https:\/\/www.isaitaly.com\/it\/isa-apre-uno-showroom-a-milano-spazioisa-luogo-esperienziale-non-solo-espositivo-2\/\" \/>\n<meta property=\"og:locale\" content=\"it_IT\" \/>\n<meta property=\"og:type\" content=\"article\" \/>\n<meta property=\"og:title\" content=\"Showroom Milano SpazioISA | ISA\" \/>\n<meta property=\"og:description\" content=\"Milano, capitale indiscussa del design, si prepara ad accogliere un significativo punto di riferimento per il mondo dell&#039;architettura e dell&#039;interior design, specificamente per il settore Ho.Re.Ca. ISA, azienda leader nel campo della refrigerazione professionale e dell&#039;arredamento di locali pubblici, decide di accreditare la sua presenza a Milano, con l\u2019apertura del suo showroom situato nella nuova zona dei navigli, in Via Morimondo 23.\" \/>\n<meta property=\"og:url\" content=\"https:\/\/www.isaitaly.com\/it\/isa-apre-uno-showroom-a-milano-spazioisa-luogo-esperienziale-non-solo-espositivo-2\/\" \/>\n<meta property=\"og:site_name\" content=\"ISA\" \/>\n<meta property=\"article:published_time\" content=\"2025-11-14T13:53:28+00:00\" \/>\n<meta property=\"article:modified_time\" content=\"2026-02-06T14:45:25+00:00\" \/>\n<meta property=\"og:image\" content=\"https:\/\/www.isaitaly.com\/wp-content\/uploads\/2025\/11\/Giuseppe_Tortato_morimondo23_04.jpg\" \/>\n\t<meta property=\"og:image:width\" content=\"1024\" \/>\n\t<meta property=\"og:image:height\" content=\"683\" \/>\n\t<meta property=\"og:image:type\" content=\"image\/jpeg\" \/>\n<meta name=\"author\" content=\"Andrea Fisac\" \/>\n<meta name=\"twitter:card\" content=\"summary_large_image\" \/>\n<meta name=\"twitter:label1\" content=\"Scritto da\" \/>\n\t<meta name=\"twitter:data1\" content=\"Andrea Fisac\" \/>\n\t<meta name=\"twitter:label2\" content=\"Tempo di lettura stimato\" \/>\n\t<meta name=\"twitter:data2\" content=\"6 minuti\" \/>\n<script type=\"application\/ld+json\" class=\"yoast-schema-graph\">{\"@context\":\"https:\/\/schema.org\",\"@graph\":[{\"@type\":\"Article\",\"@id\":\"https:\/\/www.isaitaly.com\/it\/isa-apre-uno-showroom-a-milano-spazioisa-luogo-esperienziale-non-solo-espositivo-2\/#article\",\"isPartOf\":{\"@id\":\"https:\/\/www.isaitaly.com\/it\/isa-apre-uno-showroom-a-milano-spazioisa-luogo-esperienziale-non-solo-espositivo-2\/\"},\"author\":{\"name\":\"Andrea Fisac\",\"@id\":\"https:\/\/www.isaitaly.com\/it\/#\/schema\/person\/c45f541832ad9ab38e509ada3288abf7\"},\"headline\":\"ISA Apre uno Showroom a Milano: SpazioISA, luogo esperienziale non solo espositivo\",\"datePublished\":\"2025-11-14T13:53:28+00:00\",\"dateModified\":\"2026-02-06T14:45:25+00:00\",\"mainEntityOfPage\":{\"@id\":\"https:\/\/www.isaitaly.com\/it\/isa-apre-uno-showroom-a-milano-spazioisa-luogo-esperienziale-non-solo-espositivo-2\/\"},\"wordCount\":769,\"commentCount\":0,\"image\":{\"@id\":\"https:\/\/www.isaitaly.com\/it\/isa-apre-uno-showroom-a-milano-spazioisa-luogo-esperienziale-non-solo-espositivo-2\/#primaryimage\"},\"thumbnailUrl\":\"https:\/\/www.isaitaly.com\/wp-content\/uploads\/2025\/11\/Giuseppe_Tortato_morimondo23_04.jpg\",\"keywords\":[\"design\",\"horeca\",\"showroom milano\",\"spazioisa\"],\"articleSection\":[\"News\"],\"inLanguage\":\"it-IT\",\"potentialAction\":[{\"@type\":\"CommentAction\",\"name\":\"Comment\",\"target\":[\"https:\/\/www.isaitaly.com\/it\/isa-apre-uno-showroom-a-milano-spazioisa-luogo-esperienziale-non-solo-espositivo-2\/#respond\"]}]},{\"@type\":\"WebPage\",\"@id\":\"https:\/\/www.isaitaly.com\/it\/isa-apre-uno-showroom-a-milano-spazioisa-luogo-esperienziale-non-solo-espositivo-2\/\",\"url\":\"https:\/\/www.isaitaly.com\/it\/isa-apre-uno-showroom-a-milano-spazioisa-luogo-esperienziale-non-solo-espositivo-2\/\",\"name\":\"Showroom Milano SpazioISA | ISA\",\"isPartOf\":{\"@id\":\"https:\/\/www.isaitaly.com\/it\/#website\"},\"primaryImageOfPage\":{\"@id\":\"https:\/\/www.isaitaly.com\/it\/isa-apre-uno-showroom-a-milano-spazioisa-luogo-esperienziale-non-solo-espositivo-2\/#primaryimage\"},\"image\":{\"@id\":\"https:\/\/www.isaitaly.com\/it\/isa-apre-uno-showroom-a-milano-spazioisa-luogo-esperienziale-non-solo-espositivo-2\/#primaryimage\"},\"thumbnailUrl\":\"https:\/\/www.isaitaly.com\/wp-content\/uploads\/2025\/11\/Giuseppe_Tortato_morimondo23_04.jpg\",\"datePublished\":\"2025-11-14T13:53:28+00:00\",\"dateModified\":\"2026-02-06T14:45:25+00:00\",\"author\":{\"@id\":\"https:\/\/www.isaitaly.com\/it\/#\/schema\/person\/c45f541832ad9ab38e509ada3288abf7\"},\"description\":\"Milano, capitale indiscussa del design, si prepara ad accogliere un significativo punto di riferimento per il mondo dell'architettura e dell'interior design, specificamente per il settore Ho.Re.Ca. ISA, azienda leader nel campo della refrigerazione professionale e dell'arredamento di locali pubblici, decide di accreditare la sua presenza a Milano, con l\u2019apertura del suo showroom situato nella nuova zona dei navigli, in Via Morimondo 23.\",\"breadcrumb\":{\"@id\":\"https:\/\/www.isaitaly.com\/it\/isa-apre-uno-showroom-a-milano-spazioisa-luogo-esperienziale-non-solo-espositivo-2\/#breadcrumb\"},\"inLanguage\":\"it-IT\",\"potentialAction\":[{\"@type\":\"ReadAction\",\"target\":[\"https:\/\/www.isaitaly.com\/it\/isa-apre-uno-showroom-a-milano-spazioisa-luogo-esperienziale-non-solo-espositivo-2\/\"]}]},{\"@type\":\"ImageObject\",\"inLanguage\":\"it-IT\",\"@id\":\"https:\/\/www.isaitaly.com\/it\/isa-apre-uno-showroom-a-milano-spazioisa-luogo-esperienziale-non-solo-espositivo-2\/#primaryimage\",\"url\":\"https:\/\/www.isaitaly.com\/wp-content\/uploads\/2025\/11\/Giuseppe_Tortato_morimondo23_04.jpg\",\"contentUrl\":\"https:\/\/www.isaitaly.com\/wp-content\/uploads\/2025\/11\/Giuseppe_Tortato_morimondo23_04.jpg\",\"width\":1024,\"height\":683},{\"@type\":\"BreadcrumbList\",\"@id\":\"https:\/\/www.isaitaly.com\/it\/isa-apre-uno-showroom-a-milano-spazioisa-luogo-esperienziale-non-solo-espositivo-2\/#breadcrumb\",\"itemListElement\":[{\"@type\":\"ListItem\",\"position\":1,\"name\":\"Home\",\"item\":\"https:\/\/www.isaitaly.com\/it\/\"},{\"@type\":\"ListItem\",\"position\":2,\"name\":\"ISA Apre uno Showroom a Milano: SpazioISA, luogo esperienziale non solo espositivo\"}]},{\"@type\":\"WebSite\",\"@id\":\"https:\/\/www.isaitaly.com\/it\/#website\",\"url\":\"https:\/\/www.isaitaly.com\/it\/\",\"name\":\"ISA\",\"description\":\"\",\"potentialAction\":[{\"@type\":\"SearchAction\",\"target\":{\"@type\":\"EntryPoint\",\"urlTemplate\":\"https:\/\/www.isaitaly.com\/it\/?s={search_term_string}\"},\"query-input\":{\"@type\":\"PropertyValueSpecification\",\"valueRequired\":true,\"valueName\":\"search_term_string\"}}],\"inLanguage\":\"it-IT\"},{\"@type\":\"Person\",\"@id\":\"https:\/\/www.isaitaly.com\/it\/#\/schema\/person\/c45f541832ad9ab38e509ada3288abf7\",\"name\":\"Andrea Fisac\",\"image\":{\"@type\":\"ImageObject\",\"inLanguage\":\"it-IT\",\"@id\":\"https:\/\/www.isaitaly.com\/it\/#\/schema\/person\/image\/\",\"url\":\"https:\/\/secure.gravatar.com\/avatar\/3c5ce59e38df9222055d958e8a0253f6?s=96&d=mm&r=g\",\"contentUrl\":\"https:\/\/secure.gravatar.com\/avatar\/3c5ce59e38df9222055d958e8a0253f6?s=96&d=mm&r=g\",\"caption\":\"Andrea Fisac\"},\"url\":\"https:\/\/www.isaitaly.com\/it\/author\/andrea-fisac\/\"}]}<\/script>\n<!-- \/ Yoast SEO plugin. -->","yoast_head_json":{"title":"Showroom Milano SpazioISA | ISA","description":"Milano, capitale indiscussa del design, si prepara ad accogliere un significativo punto di riferimento per il mondo dell'architettura e dell'interior design, specificamente per il settore Ho.Re.Ca. ISA, azienda leader nel campo della refrigerazione professionale e dell'arredamento di locali pubblici, decide di accreditare la sua presenza a Milano, con l\u2019apertura del suo showroom situato nella nuova zona dei navigli, in Via Morimondo 23.","robots":{"index":"index","follow":"follow","max-snippet":"max-snippet:-1","max-image-preview":"max-image-preview:large","max-video-preview":"max-video-preview:-1"},"canonical":"https:\/\/www.isaitaly.com\/it\/isa-apre-uno-showroom-a-milano-spazioisa-luogo-esperienziale-non-solo-espositivo-2\/","og_locale":"it_IT","og_type":"article","og_title":"Showroom Milano SpazioISA | ISA","og_description":"Milano, capitale indiscussa del design, si prepara ad accogliere un significativo punto di riferimento per il mondo dell'architettura e dell'interior design, specificamente per il settore Ho.Re.Ca. ISA, azienda leader nel campo della refrigerazione professionale e dell'arredamento di locali pubblici, decide di accreditare la sua presenza a Milano, con l\u2019apertura del suo showroom situato nella nuova zona dei navigli, in Via Morimondo 23.","og_url":"https:\/\/www.isaitaly.com\/it\/isa-apre-uno-showroom-a-milano-spazioisa-luogo-esperienziale-non-solo-espositivo-2\/","og_site_name":"ISA","article_published_time":"2025-11-14T13:53:28+00:00","article_modified_time":"2026-02-06T14:45:25+00:00","og_image":[{"width":1024,"height":683,"url":"https:\/\/www.isaitaly.com\/wp-content\/uploads\/2025\/11\/Giuseppe_Tortato_morimondo23_04.jpg","type":"image\/jpeg"}],"author":"Andrea Fisac","twitter_card":"summary_large_image","twitter_misc":{"Scritto da":"Andrea Fisac","Tempo di lettura stimato":"6 minuti"},"schema":{"@context":"https:\/\/schema.org","@graph":[{"@type":"Article","@id":"https:\/\/www.isaitaly.com\/it\/isa-apre-uno-showroom-a-milano-spazioisa-luogo-esperienziale-non-solo-espositivo-2\/#article","isPartOf":{"@id":"https:\/\/www.isaitaly.com\/it\/isa-apre-uno-showroom-a-milano-spazioisa-luogo-esperienziale-non-solo-espositivo-2\/"},"author":{"name":"Andrea Fisac","@id":"https:\/\/www.isaitaly.com\/it\/#\/schema\/person\/c45f541832ad9ab38e509ada3288abf7"},"headline":"ISA Apre uno Showroom a Milano: SpazioISA, luogo esperienziale non solo espositivo","datePublished":"2025-11-14T13:53:28+00:00","dateModified":"2026-02-06T14:45:25+00:00","mainEntityOfPage":{"@id":"https:\/\/www.isaitaly.com\/it\/isa-apre-uno-showroom-a-milano-spazioisa-luogo-esperienziale-non-solo-espositivo-2\/"},"wordCount":769,"commentCount":0,"image":{"@id":"https:\/\/www.isaitaly.com\/it\/isa-apre-uno-showroom-a-milano-spazioisa-luogo-esperienziale-non-solo-espositivo-2\/#primaryimage"},"thumbnailUrl":"https:\/\/www.isaitaly.com\/wp-content\/uploads\/2025\/11\/Giuseppe_Tortato_morimondo23_04.jpg","keywords":["design","horeca","showroom milano","spazioisa"],"articleSection":["News"],"inLanguage":"it-IT","potentialAction":[{"@type":"CommentAction","name":"Comment","target":["https:\/\/www.isaitaly.com\/it\/isa-apre-uno-showroom-a-milano-spazioisa-luogo-esperienziale-non-solo-espositivo-2\/#respond"]}]},{"@type":"WebPage","@id":"https:\/\/www.isaitaly.com\/it\/isa-apre-uno-showroom-a-milano-spazioisa-luogo-esperienziale-non-solo-espositivo-2\/","url":"https:\/\/www.isaitaly.com\/it\/isa-apre-uno-showroom-a-milano-spazioisa-luogo-esperienziale-non-solo-espositivo-2\/","name":"Showroom Milano SpazioISA | ISA","isPartOf":{"@id":"https:\/\/www.isaitaly.com\/it\/#website"},"primaryImageOfPage":{"@id":"https:\/\/www.isaitaly.com\/it\/isa-apre-uno-showroom-a-milano-spazioisa-luogo-esperienziale-non-solo-espositivo-2\/#primaryimage"},"image":{"@id":"https:\/\/www.isaitaly.com\/it\/isa-apre-uno-showroom-a-milano-spazioisa-luogo-esperienziale-non-solo-espositivo-2\/#primaryimage"},"thumbnailUrl":"https:\/\/www.isaitaly.com\/wp-content\/uploads\/2025\/11\/Giuseppe_Tortato_morimondo23_04.jpg","datePublished":"2025-11-14T13:53:28+00:00","dateModified":"2026-02-06T14:45:25+00:00","author":{"@id":"https:\/\/www.isaitaly.com\/it\/#\/schema\/person\/c45f541832ad9ab38e509ada3288abf7"},"description":"Milano, capitale indiscussa del design, si prepara ad accogliere un significativo punto di riferimento per il mondo dell'architettura e dell'interior design, specificamente per il settore Ho.Re.Ca. ISA, azienda leader nel campo della refrigerazione professionale e dell'arredamento di locali pubblici, decide di accreditare la sua presenza a Milano, con l\u2019apertura del suo showroom situato nella nuova zona dei navigli, in Via Morimondo 23.","breadcrumb":{"@id":"https:\/\/www.isaitaly.com\/it\/isa-apre-uno-showroom-a-milano-spazioisa-luogo-esperienziale-non-solo-espositivo-2\/#breadcrumb"},"inLanguage":"it-IT","potentialAction":[{"@type":"ReadAction","target":["https:\/\/www.isaitaly.com\/it\/isa-apre-uno-showroom-a-milano-spazioisa-luogo-esperienziale-non-solo-espositivo-2\/"]}]},{"@type":"ImageObject","inLanguage":"it-IT","@id":"https:\/\/www.isaitaly.com\/it\/isa-apre-uno-showroom-a-milano-spazioisa-luogo-esperienziale-non-solo-espositivo-2\/#primaryimage","url":"https:\/\/www.isaitaly.com\/wp-content\/uploads\/2025\/11\/Giuseppe_Tortato_morimondo23_04.jpg","contentUrl":"https:\/\/www.isaitaly.com\/wp-content\/uploads\/2025\/11\/Giuseppe_Tortato_morimondo23_04.jpg","width":1024,"height":683},{"@type":"BreadcrumbList","@id":"https:\/\/www.isaitaly.com\/it\/isa-apre-uno-showroom-a-milano-spazioisa-luogo-esperienziale-non-solo-espositivo-2\/#breadcrumb","itemListElement":[{"@type":"ListItem","position":1,"name":"Home","item":"https:\/\/www.isaitaly.com\/it\/"},{"@type":"ListItem","position":2,"name":"ISA Apre uno Showroom a Milano: SpazioISA, luogo esperienziale non solo espositivo"}]},{"@type":"WebSite","@id":"https:\/\/www.isaitaly.com\/it\/#website","url":"https:\/\/www.isaitaly.com\/it\/","name":"ISA","description":"","potentialAction":[{"@type":"SearchAction","target":{"@type":"EntryPoint","urlTemplate":"https:\/\/www.isaitaly.com\/it\/?s={search_term_string}"},"query-input":{"@type":"PropertyValueSpecification","valueRequired":true,"valueName":"search_term_string"}}],"inLanguage":"it-IT"},{"@type":"Person","@id":"https:\/\/www.isaitaly.com\/it\/#\/schema\/person\/c45f541832ad9ab38e509ada3288abf7","name":"Andrea Fisac","image":{"@type":"ImageObject","inLanguage":"it-IT","@id":"https:\/\/www.isaitaly.com\/it\/#\/schema\/person\/image\/","url":"https:\/\/secure.gravatar.com\/avatar\/3c5ce59e38df9222055d958e8a0253f6?s=96&d=mm&r=g","contentUrl":"https:\/\/secure.gravatar.com\/avatar\/3c5ce59e38df9222055d958e8a0253f6?s=96&d=mm&r=g","caption":"Andrea Fisac"},"url":"https:\/\/www.isaitaly.com\/it\/author\/andrea-fisac\/"}]}},"_links":{"self":[{"href":"https:\/\/www.isaitaly.com\/it\/wp-json\/wp\/v2\/posts\/127136","targetHints":{"allow":["GET"]}}],"collection":[{"href":"https:\/\/www.isaitaly.com\/it\/wp-json\/wp\/v2\/posts"}],"about":[{"href":"https:\/\/www.isaitaly.com\/it\/wp-json\/wp\/v2\/types\/post"}],"author":[{"embeddable":true,"href":"https:\/\/www.isaitaly.com\/it\/wp-json\/wp\/v2\/users\/15"}],"replies":[{"embeddable":true,"href":"https:\/\/www.isaitaly.com\/it\/wp-json\/wp\/v2\/comments?post=127136"}],"version-history":[{"count":26,"href":"https:\/\/www.isaitaly.com\/it\/wp-json\/wp\/v2\/posts\/127136\/revisions"}],"predecessor-version":[{"id":127754,"href":"https:\/\/www.isaitaly.com\/it\/wp-json\/wp\/v2\/posts\/127136\/revisions\/127754"}],"wp:featuredmedia":[{"embeddable":true,"href":"https:\/\/www.isaitaly.com\/it\/wp-json\/wp\/v2\/media\/127142"}],"wp:attachment":[{"href":"https:\/\/www.isaitaly.com\/it\/wp-json\/wp\/v2\/media?parent=127136"}],"wp:term":[{"taxonomy":"category","embeddable":true,"href":"https:\/\/www.isaitaly.com\/it\/wp-json\/wp\/v2\/categories?post=127136"},{"taxonomy":"post_tag","embeddable":true,"href":"https:\/\/www.isaitaly.com\/it\/wp-json\/wp\/v2\/tags?post=127136"}],"curies":[{"name":"wp","href":"https:\/\/api.w.org\/{rel}","templated":true}]}}