{"id":126998,"date":"2025-10-28T16:21:09","date_gmt":"2025-10-28T15:21:09","guid":{"rendered":"https:\/\/www.isaitaly.com\/?p=126998"},"modified":"2025-10-29T12:53:09","modified_gmt":"2025-10-29T11:53:09","slug":"isa-il-futuro-del-design-professionale-in-mostra-a-host-milano-2025","status":"publish","type":"post","link":"https:\/\/www.isaitaly.com\/it\/isa-il-futuro-del-design-professionale-in-mostra-a-host-milano-2025\/","title":{"rendered":"ISA, il futuro del design professionale in mostra a Host Milano 2025"},"content":{"rendered":"<p>ISA ha lasciato il segno alla 44esima edizione di <strong>Host Milano 2025<\/strong>, la vetrina globale per la ristorazione e l&#8217;ospitalit\u00e0, tenutasi dal 17 al 21 ottobre. L&#8217;azienda ha presentato uno stand ambizioso, concepito per mostrare una visione avanguardistica dell&#8217;arredamento professionale, ponendo l&#8217;accento sulla <strong>personalizzazione sartoriale<\/strong> (<strong>tailor-made<\/strong>) e la <strong>massima flessibilit\u00e0<\/strong> delle soluzioni proposte. Questa partecipazione ha segnato anche un altro capitolo nell&#8217;affermata collaborazione tra l&#8217;architetto designer Sergio Brioschi e ISA, un sodalizio basato sulla fusione di eccellenza ingegneristica e creativit\u00e0 progettuale.<\/p>\n<p>Lo stand si \u00e8 distinto gi\u00e0 dall&#8217;esterno per la sua <strong>identit\u00e0 visiva immediata e incisiva<\/strong>: le doghe orizzontali in rilievo color celeste su sfondo blu non lasciavano dubbi sull&#8217;identit\u00e0 aziendale, richiamando l&#8217;iconico marchio di ISA. Quattro accessi simmetrici, aperti su tutti i lati, invitavano il pubblico ad immergersi in un ambiente che bilanciava estetica e funzionalit\u00e0. Una volta all&#8217;interno, i visitatori erano guidati attraverso<strong> diverse aree tematiche<\/strong>. Ogni <em>corner<\/em> rappresentava la sintesi tra l&#8217;alta tecnologia firmata ISA e una selezione attenta di materiali di pregio, elementi studiati per valorizzare l&#8217;unicit\u00e0 di ogni progetto. L&#8217;allestimento intero \u00e8 stato concepito per narrare un percorso di innovazione, estetica e su misura, con supporti visivi moderni e fortemente evocativi, in piena coerenza con la missione aziendale. Pi\u00f9 che un semplice spazio espositivo, \u00e8 stato un vero e proprio <strong>viaggio immersivo<\/strong> dove l&#8217;eccellenza del design incontra la frontiera della tecnologia, e dove ogni minimo dettaglio \u00e8 una promessa sul futuro dell&#8217;arredamento professionale.<\/p>\n<p><img loading=\"lazy\" decoding=\"async\" class=\"alignnone wp-image-127037 size-full\" src=\"https:\/\/www.isaitaly.com\/wp-content\/uploads\/2025\/10\/Host2025_foto-6.jpg\" alt=\"\" width=\"950\" height=\"634\" srcset=\"https:\/\/www.isaitaly.com\/wp-content\/uploads\/2025\/10\/Host2025_foto-6.jpg 950w, https:\/\/www.isaitaly.com\/wp-content\/uploads\/2025\/10\/Host2025_foto-6-480x320.jpg 480w\" sizes=\"auto, (min-width: 0px) and (max-width: 480px) 480px, (min-width: 481px) 950px, 100vw\" \/><\/p>\n<h2>I corner tematici di ISA<\/h2>\n<h3>Area pasticceria<\/h3>\n<p><img loading=\"lazy\" decoding=\"async\" class=\"alignnone wp-image-127015 size-full\" src=\"https:\/\/www.isaitaly.com\/wp-content\/uploads\/2025\/10\/Host2025_foto-2.jpg\" alt=\"\" width=\"950\" height=\"634\" srcset=\"https:\/\/www.isaitaly.com\/wp-content\/uploads\/2025\/10\/Host2025_foto-2.jpg 950w, https:\/\/www.isaitaly.com\/wp-content\/uploads\/2025\/10\/Host2025_foto-2-480x320.jpg 480w\" sizes=\"auto, (min-width: 0px) and (max-width: 480px) 480px, (min-width: 481px) 950px, 100vw\" \/><\/p>\n<p>All&#8217;interno dell&#8217;area pasticceria le protagoniste assolute sono state le<strong> vetrine da centro stanza<\/strong> <strong>Metro Vision<\/strong> e Flat P80 con <strong>teca vetri Gliss<\/strong> allestite ad arte dalle creazioni del <strong>Maestro Ernst Knam<\/strong>, che ci ha omaggiato della sua presenza nel nostro stand.<br \/>\n<strong>Metro Vision<\/strong> \u00e8 la proposta espositiva innovativa che amplia la gamma Metro di ISA. Questa soluzione \u00e8 integrata con i sistemi Metro ST e Metro Self. Progettata per pasticceria, gastronomia e altri ambiti, unisce tecnologia, versatilit\u00e0 e design. Metro Vision offre una <strong>duplice funzionalit\u00e0<\/strong>: pu\u00f2 operare come <strong>grab &amp; go<\/strong>, ideale per ambienti dinamici, oppure come <strong>vetrina servita<\/strong> per un servizio pi\u00f9 tradizionale. Per quanto riguarda l&#8217;installazione, pu\u00f2 essere a parete, per ottimizzare lo spazio, o in configurazione freestanding (presentata a Host 2025) per offrire visibilit\u00e0 completa e accesso immediato ai prodotti. Il design \u00e8 elegante e completamente personalizzabile in finiture e materiali, consentendo un perfetto adattamento allo stile e all\u2019identit\u00e0 di ogni locale.<\/p>\n<p><img loading=\"lazy\" decoding=\"async\" class=\"alignnone wp-image-127031 size-full\" src=\"https:\/\/www.isaitaly.com\/wp-content\/uploads\/2025\/10\/Host2025_metro-vision-foto-6.jpg\" alt=\"\" width=\"950\" height=\"634\" srcset=\"https:\/\/www.isaitaly.com\/wp-content\/uploads\/2025\/10\/Host2025_metro-vision-foto-6.jpg 950w, https:\/\/www.isaitaly.com\/wp-content\/uploads\/2025\/10\/Host2025_metro-vision-foto-6-480x320.jpg 480w\" sizes=\"auto, (min-width: 0px) and (max-width: 480px) 480px, (min-width: 481px) 950px, 100vw\" \/><\/p>\n<p><strong>Gliss<\/strong> \u00e8, invece, un innovativo <strong>castello vetri<\/strong> di ISA progettato per la massima versatilit\u00e0 e l&#8217;integrazione con i modelli <strong>Flat P80<\/strong> e <strong>Drop-in P80<\/strong>. Ideale anche per installazioni a <strong>centro stanza<\/strong>, la sua struttura esalta la visibilit\u00e0 e l&#8217;accessibilit\u00e0 dei prodotti. Il tratto distintivo \u00e8 il sistema di apertura con vetri sovrapponibili a scorrimento, un dettaglio elegante ispirato alle vetrine delle gioiellerie che assicura un accesso pratico e agevole. Grazie alla sua totale trasparenza e al design snello, Gliss valorizza i prodotti eliminando gli ostacoli visivi e rendendo l&#8217;esposizione un elemento distintivo.<\/p>\n<p><img loading=\"lazy\" decoding=\"async\" class=\"alignnone wp-image-127026 size-full\" src=\"https:\/\/www.isaitaly.com\/wp-content\/uploads\/2025\/10\/Host2025_gliss-foto-5.jpg\" alt=\"\" width=\"950\" height=\"634\" srcset=\"https:\/\/www.isaitaly.com\/wp-content\/uploads\/2025\/10\/Host2025_gliss-foto-5.jpg 950w, https:\/\/www.isaitaly.com\/wp-content\/uploads\/2025\/10\/Host2025_gliss-foto-5-480x320.jpg 480w\" sizes=\"auto, (min-width: 0px) and (max-width: 480px) 480px, (min-width: 481px) 950px, 100vw\" \/><\/p>\n<h3>Area panetteria<\/h3>\n<p>Un viaggio sensoriale nell&#8217;autenticit\u00e0: il corner Panetteria, ispirata alla raffinata eleganza delle <strong>boulangerie francesi<\/strong> unisce il design elegante e personalizzabile della <strong>vetrina Elite P90<\/strong> con la modularit\u00e0 dell&#8217;elemento d&#8217;arredo <strong>Le Panier<\/strong> per celebrare il gusto e la tradizione artigianale.<br \/>\nLa <strong>Elite P90<\/strong> \u00e8 la vetrina che combina design elegante e funzionalit\u00e0 avanzata per valorizzare al meglio ogni prodotto. Ogni elemento contribuisce a una scenografia raffinata: i montanti, verniciabili in diversi colori per rispondere alle esigenze del cliente, incorniciano con stile il castello vetri, esaltando la presenza scenica della vetrina e conferendole un&#8217;identit\u00e0 forte e distintiva. La vasca \u00e8 completamente personalizzabile e rialzata, assicurando una visibilit\u00e0 ottimale dei prodotti.<\/p>\n<p><img loading=\"lazy\" decoding=\"async\" class=\"alignnone wp-image-127043 size-full\" src=\"https:\/\/www.isaitaly.com\/wp-content\/uploads\/2025\/10\/Host2025_le-panier-foto-8.jpg\" alt=\"\" width=\"950\" height=\"634\" srcset=\"https:\/\/www.isaitaly.com\/wp-content\/uploads\/2025\/10\/Host2025_le-panier-foto-8.jpg 950w, https:\/\/www.isaitaly.com\/wp-content\/uploads\/2025\/10\/Host2025_le-panier-foto-8-480x320.jpg 480w\" sizes=\"auto, (min-width: 0px) and (max-width: 480px) 480px, (min-width: 481px) 950px, 100vw\" \/><\/p>\n<p>Ispirato all&#8217;eleganza raffinata delle boulangerie, il mobile<strong> retropane Le Panier<\/strong> \u00e8 stato concepito per celebrare il gusto autentico e la tradizione artigianale. Il suo design \u00e8 curato con linee morbide e dettagli che concorrono a creare un&#8217;atmosfera intrinsecamente calda e accogliente, adatta sia ad ambienti dallo stile vintage che a quelli contemporanei. La sua principale forza risiede nella <strong>modularit\u00e0<\/strong> della struttura, garantendo un adattamento flessibile a qualsiasi spazio. In sintesi, Le Panier \u00e8 pi\u00f9 di una semplice struttura espositiva: \u00e8 un elemento d&#8217;arredo che trasforma ogni locale in un autentico angolo di gusto, dove l&#8217;attenzione al dettaglio esprime cura artigianale e autenticit\u00e0.<\/p>\n<h3>Area Genesis<\/h3>\n<p>La famiglia <strong>Genesis<\/strong> di ISA si allarga e, in occasione di Host, insieme all\u2019innovativo mobile frigo-bar <strong>Bridge<\/strong>, sono state presentate anche le cantine vini <strong>Place<\/strong>. Lo stesso architetto Sergio Brioschi, che ha disegnato e progettato la collezione Genesis, \u00e8 stato presente in prima persona allo stand di ISA per parlare di questo progetto rivolto al mondo dell\u2019Hotellerie, a sale riunioni, uffici presidenziali e salotti business ma anche spazi living del mondo domestico.<\/p>\n<p><img loading=\"lazy\" decoding=\"async\" class=\"alignnone wp-image-127054 size-full\" src=\"https:\/\/www.isaitaly.com\/wp-content\/uploads\/2025\/10\/Host2025_foto-10.jpg\" alt=\"\" width=\"950\" height=\"634\" srcset=\"https:\/\/www.isaitaly.com\/wp-content\/uploads\/2025\/10\/Host2025_foto-10.jpg 950w, https:\/\/www.isaitaly.com\/wp-content\/uploads\/2025\/10\/Host2025_foto-10-480x320.jpg 480w\" sizes=\"auto, (min-width: 0px) and (max-width: 480px) 480px, (min-width: 481px) 950px, 100vw\" \/><\/p>\n<p><strong>Genesis Place<\/strong> \u00e8 una linea di cantine che combina design ricercato e innovazione, fungendo da vero e proprio elemento d&#8217;arredo adattabile a diversi spazi. Offre, infatti, ampia personalizzazione di finiture esterne in HPL, laminato, gres, ecc., e finiture interne in acciaio satinato o verniciato nero. \u00c8 disponibile per installazione <strong>freestanding<\/strong> o <strong>a incasso<\/strong>, in versioni <strong>mono<\/strong> o <strong>bitemperatura<\/strong> per la conservazione ideale di vini rossi e bianchi.<\/p>\n<p><img loading=\"lazy\" decoding=\"async\" class=\"alignnone wp-image-127049 size-full\" src=\"https:\/\/www.isaitaly.com\/wp-content\/uploads\/2025\/10\/Host2025_foto-9.jpg\" alt=\"\" width=\"950\" height=\"634\" srcset=\"https:\/\/www.isaitaly.com\/wp-content\/uploads\/2025\/10\/Host2025_foto-9.jpg 950w, https:\/\/www.isaitaly.com\/wp-content\/uploads\/2025\/10\/Host2025_foto-9-480x320.jpg 480w\" sizes=\"auto, (min-width: 0px) and (max-width: 480px) 480px, (min-width: 481px) 950px, 100vw\" \/><\/p>\n<h3>Area Gastronomia<\/h3>\n<p>Il corner dedicato al concept della gastronomia \u00e8 stato allestito con le linea <strong>Deluxe P100<\/strong>, un sistema modulare di vetrine che garantisce la possibilit\u00e0 di diversificare la proposta dei servizi &#8211; dalla gelateria alla pasticceria, dalla gastronomia fino al modulo esposizioni carni fresche &#8211; con una soluzione espositiva continua, funzionale ed esteticamente uniforme. La gamma Deluxe P100 pu\u00f2 rispondere ad ogni esigenza di layout del locale e di personalizzazione per rispondere alle esigenze specifiche di esposizione, conservazione e stile.<\/p>\n<p><img loading=\"lazy\" decoding=\"async\" class=\"alignnone wp-image-127060 size-full\" src=\"https:\/\/www.isaitaly.com\/wp-content\/uploads\/2025\/10\/Host2025_foto-11.jpg\" alt=\"\" width=\"950\" height=\"634\" srcset=\"https:\/\/www.isaitaly.com\/wp-content\/uploads\/2025\/10\/Host2025_foto-11.jpg 950w, https:\/\/www.isaitaly.com\/wp-content\/uploads\/2025\/10\/Host2025_foto-11-480x320.jpg 480w\" sizes=\"auto, (min-width: 0px) and (max-width: 480px) 480px, (min-width: 481px) 950px, 100vw\" \/><\/p>\n<p>In occasione di Host i<strong> fratelli Cerea<\/strong> &#8211; Enrico Cerea, executive chef 3 stelle Michelin e Rossella Cerea, general manager dell\u2019azienda &#8211; proprietari del rinomato <strong>ristorante tristellato Da Vittorio<\/strong>, sono stati ospiti allo stand <strong>ISA<\/strong> che, in collaborazione con lo studio di <strong>architettura Joseph Di Pasquale<\/strong>, \u00e8 stata scelta per la realizzazione del progetto <strong>DaV Cantalupa di Brusaporto<\/strong>, mettendo a disposizione il proprio savoir faire e la competenza manifatturiera.<\/p>\n<p><img loading=\"lazy\" decoding=\"async\" class=\"alignnone wp-image-127065 size-full\" src=\"https:\/\/www.isaitaly.com\/wp-content\/uploads\/2025\/10\/Host2025_foto-12.jpg\" alt=\"\" width=\"950\" height=\"634\" srcset=\"https:\/\/www.isaitaly.com\/wp-content\/uploads\/2025\/10\/Host2025_foto-12.jpg 950w, https:\/\/www.isaitaly.com\/wp-content\/uploads\/2025\/10\/Host2025_foto-12-480x320.jpg 480w\" sizes=\"auto, (min-width: 0px) and (max-width: 480px) 480px, (min-width: 481px) 950px, 100vw\" \/><\/p>\n<h3>Cristal Tower Wine<\/h3>\n<p><strong>Cristal Tower Wine<\/strong> amplia la gamma di vetrine verticali ISA, affermandosi come soluzione elegante e versatile per l&#8217;esposizione del vino. Evoluzione del precedente modello Cristal Tower, \u00e8 stata presentata in occasione di Host 2025. Il suo design \u00e8 caratterizzato da una <strong>visibilit\u00e0 totale sui quattro lati<\/strong>, unita a materiali di pregio, che conferiscono al prodotto solidit\u00e0 e uno stile contemporaneo, ideale per gli ambienti pi\u00f9 ricercati.<\/p>\n<p><img loading=\"lazy\" decoding=\"async\" class=\"alignnone wp-image-127108\" src=\"https:\/\/www.isaitaly.com\/wp-content\/uploads\/2025\/10\/Host2025_foto-15-460x300.jpg\" alt=\"\" width=\"400\" height=\"267\" \/> \u00a0<img loading=\"lazy\" decoding=\"async\" class=\"alignnone wp-image-127113\" src=\"https:\/\/www.isaitaly.com\/wp-content\/uploads\/2025\/10\/Host2025_foto-16-460x300.jpg\" alt=\"\" width=\"400\" height=\"267\" \/><\/p>\n<h3>Spazio ISA, luogo esperienziale non solo espositivo<\/h3>\n<p>Host \u00e8 stata anche l\u2019occasione per aprire per la prima volta le porte di <strong>Spazio ISA<\/strong>, il nuovo showroom di ISA a Milano in Via Morimondo 23, nel cuore della zona dei Navigli, simbolo storico e culturale della citt\u00e0, uno dei quartieri pi\u00f9 affascinanti e vivaci situato a sud-ovest del centro storico.<br \/>\nSpazio ISA non \u00e8 un semplice spazio espositivo, ma \u00e8 stato concepito come un vero e proprio <strong>hub dinamico di eccellenza<\/strong>, pensato per andare oltre i confini della presentazione di prodotto. L&#8217;obiettivo \u00e8 essere un polo di incontro, scambio e dialogo costante tra l&#8217;azienda, i suoi clienti, il poliedrico mondo degli architetti e i professionisti del settore Ho.Re.Ca. e non solo.<br \/>\nProprio in occasione di Host, abbiamo avuto il piacere di accogliere i primi ospiti in questo contesto unico, offrendo loro una prospettiva privilegiata sul futuro dell&#8217;arredamento professionale e della tecnologia del freddo. Spazio ISA \u00e8 destinato a diventare un <strong>punto di riferimento<\/strong> <strong>permanente a Milano<\/strong>, un indirizzo esclusivo dove l&#8217;innovazione si unisce al design per anticipare le tendenze del mercato.<\/p>\n<p><img loading=\"lazy\" decoding=\"async\" class=\"alignnone wp-image-127102 size-full\" src=\"https:\/\/www.isaitaly.com\/wp-content\/uploads\/2025\/10\/Spazio-ISA_host-2025-1.jpg\" alt=\"\" width=\"950\" height=\"634\" srcset=\"https:\/\/www.isaitaly.com\/wp-content\/uploads\/2025\/10\/Spazio-ISA_host-2025-1.jpg 950w, https:\/\/www.isaitaly.com\/wp-content\/uploads\/2025\/10\/Spazio-ISA_host-2025-1-480x320.jpg 480w\" sizes=\"auto, (min-width: 0px) and (max-width: 480px) 480px, (min-width: 481px) 950px, 100vw\" \/><\/p>\n<p><strong>Grazie a tutti i nostri visitatori e ai nostri collaboratori per l\u2019energia condivisa.<\/strong><br \/>\n<strong>Grazie alla grande famiglia ISA! \u00c8 stato un fantastico Host!!!<\/strong><\/p>\n<p><iframe loading=\"lazy\" title=\"ISA, the future of professional design on display at Host Milano 2025\" width=\"1080\" height=\"608\" src=\"https:\/\/www.youtube.com\/embed\/8INh34UAvpE?feature=oembed\"  allow=\"accelerometer; autoplay; clipboard-write; encrypted-media; gyroscope; picture-in-picture; web-share\" referrerpolicy=\"strict-origin-when-cross-origin\" allowfullscreen><\/iframe><\/p>\n<p>&nbsp;<\/p>\n<blockquote>\n<h6>Scopri tutte le novit\u00e0 ISA presentate a Host e scarica il catalogo <strong><span style=\"color: #5aa1d8;\"><a href=\"https:\/\/www.isaitaly.com\/it\/host2025\/\" target=\"_blank\" rel=\"noopener\">QUI<\/a>.\u00a0\u00a0<\/span><\/strong><\/h6>\n<\/blockquote>\n<p>&nbsp;<\/p>\n","protected":false},"excerpt":{"rendered":"<p>ISA ha lasciato il segno alla 44esima edizione di Host Milano 2025, tenutasi dal 17 al 21 ottobre. L&#8217;azienda ha presentato uno stand ambizioso, concepito per mostrare una visione avanguardistica dell&#8217;arredamento professionale, ponendo l&#8217;accento sulla personalizzazione sartoriale e la massima flessibilit\u00e0 delle soluzioni proposte.<\/p>\n","protected":false},"author":3,"featured_media":127003,"comment_status":"open","ping_status":"open","sticky":false,"template":"","format":"standard","meta":{"_et_pb_use_builder":"","_et_pb_old_content":"","_et_gb_content_width":"","footnotes":""},"categories":[95,117,108,1],"tags":[1330,1328,1329],"class_list":["post-126998","post","type-post","status-publish","format-standard","has-post-thumbnail","hentry","category-eventi","category-news","category-gelato-pastry","category-non-categorizzato","tag-horeca","tag-host-2025","tag-host-milano"],"acf":[],"yoast_head":"<!-- This site is optimized with the Yoast SEO plugin v26.8 - https:\/\/yoast.com\/product\/yoast-seo-wordpress\/ -->\n<title>ISA, il futuro del design professionale in mostra a Host Milano 2025 | ISA<\/title>\n<meta name=\"description\" content=\"ISA ha lasciato il segno alla 44esima edizione di Host Milano 2025. L&#039;azienda ha presentato uno stand ambizioso, concepito per mostrare una visione avanguardistica dell&#039;arredamento professionale, ponendo l&#039;accento sulla personalizzazione sartoriale e la massima flessibilit\u00e0 delle soluzioni proposte.\" \/>\n<meta name=\"robots\" content=\"index, follow, max-snippet:-1, max-image-preview:large, max-video-preview:-1\" \/>\n<link rel=\"canonical\" href=\"https:\/\/www.isaitaly.com\/it\/isa-il-futuro-del-design-professionale-in-mostra-a-host-milano-2025\/\" \/>\n<meta property=\"og:locale\" content=\"it_IT\" \/>\n<meta property=\"og:type\" content=\"article\" \/>\n<meta property=\"og:title\" content=\"ISA, il futuro del design professionale in mostra a Host Milano 2025 | ISA\" \/>\n<meta property=\"og:description\" content=\"ISA ha lasciato il segno alla 44esima edizione di Host Milano 2025. L&#039;azienda ha presentato uno stand ambizioso, concepito per mostrare una visione avanguardistica dell&#039;arredamento professionale, ponendo l&#039;accento sulla personalizzazione sartoriale e la massima flessibilit\u00e0 delle soluzioni proposte.\" \/>\n<meta property=\"og:url\" content=\"https:\/\/www.isaitaly.com\/it\/isa-il-futuro-del-design-professionale-in-mostra-a-host-milano-2025\/\" \/>\n<meta property=\"og:site_name\" content=\"ISA\" \/>\n<meta property=\"article:published_time\" content=\"2025-10-28T15:21:09+00:00\" \/>\n<meta property=\"article:modified_time\" content=\"2025-10-29T11:53:09+00:00\" \/>\n<meta property=\"og:image\" content=\"https:\/\/www.isaitaly.com\/wp-content\/uploads\/2025\/10\/Host2025_foto-1.jpg\" \/>\n\t<meta property=\"og:image:width\" content=\"950\" \/>\n\t<meta property=\"og:image:height\" content=\"634\" \/>\n\t<meta property=\"og:image:type\" content=\"image\/jpeg\" \/>\n<meta name=\"author\" content=\"Chiara Ragni\" \/>\n<meta name=\"twitter:card\" content=\"summary_large_image\" \/>\n<meta name=\"twitter:label1\" content=\"Scritto da\" \/>\n\t<meta name=\"twitter:data1\" content=\"Chiara Ragni\" \/>\n\t<meta name=\"twitter:label2\" content=\"Tempo di lettura stimato\" \/>\n\t<meta name=\"twitter:data2\" content=\"10 minuti\" \/>\n<script type=\"application\/ld+json\" class=\"yoast-schema-graph\">{\"@context\":\"https:\/\/schema.org\",\"@graph\":[{\"@type\":\"Article\",\"@id\":\"https:\/\/www.isaitaly.com\/it\/isa-il-futuro-del-design-professionale-in-mostra-a-host-milano-2025\/#article\",\"isPartOf\":{\"@id\":\"https:\/\/www.isaitaly.com\/it\/isa-il-futuro-del-design-professionale-in-mostra-a-host-milano-2025\/\"},\"author\":{\"name\":\"Chiara Ragni\",\"@id\":\"https:\/\/www.isaitaly.com\/it\/#\/schema\/person\/a037a937bb57eff6090f0fb3a141652f\"},\"headline\":\"ISA, il futuro del design professionale in mostra a Host Milano 2025\",\"datePublished\":\"2025-10-28T15:21:09+00:00\",\"dateModified\":\"2025-10-29T11:53:09+00:00\",\"mainEntityOfPage\":{\"@id\":\"https:\/\/www.isaitaly.com\/it\/isa-il-futuro-del-design-professionale-in-mostra-a-host-milano-2025\/\"},\"wordCount\":1314,\"commentCount\":0,\"image\":{\"@id\":\"https:\/\/www.isaitaly.com\/it\/isa-il-futuro-del-design-professionale-in-mostra-a-host-milano-2025\/#primaryimage\"},\"thumbnailUrl\":\"https:\/\/www.isaitaly.com\/wp-content\/uploads\/2025\/10\/Host2025_foto-1.jpg\",\"keywords\":[\"horeca\",\"host 2025\",\"host milano\"],\"articleSection\":[\"Eventi\",\"News\",\"Gelato &amp; Pastry\",\"Non categorizzato\"],\"inLanguage\":\"it-IT\",\"potentialAction\":[{\"@type\":\"CommentAction\",\"name\":\"Comment\",\"target\":[\"https:\/\/www.isaitaly.com\/it\/isa-il-futuro-del-design-professionale-in-mostra-a-host-milano-2025\/#respond\"]}]},{\"@type\":\"WebPage\",\"@id\":\"https:\/\/www.isaitaly.com\/it\/isa-il-futuro-del-design-professionale-in-mostra-a-host-milano-2025\/\",\"url\":\"https:\/\/www.isaitaly.com\/it\/isa-il-futuro-del-design-professionale-in-mostra-a-host-milano-2025\/\",\"name\":\"ISA, il futuro del design professionale in mostra a Host Milano 2025 | ISA\",\"isPartOf\":{\"@id\":\"https:\/\/www.isaitaly.com\/it\/#website\"},\"primaryImageOfPage\":{\"@id\":\"https:\/\/www.isaitaly.com\/it\/isa-il-futuro-del-design-professionale-in-mostra-a-host-milano-2025\/#primaryimage\"},\"image\":{\"@id\":\"https:\/\/www.isaitaly.com\/it\/isa-il-futuro-del-design-professionale-in-mostra-a-host-milano-2025\/#primaryimage\"},\"thumbnailUrl\":\"https:\/\/www.isaitaly.com\/wp-content\/uploads\/2025\/10\/Host2025_foto-1.jpg\",\"datePublished\":\"2025-10-28T15:21:09+00:00\",\"dateModified\":\"2025-10-29T11:53:09+00:00\",\"author\":{\"@id\":\"https:\/\/www.isaitaly.com\/it\/#\/schema\/person\/a037a937bb57eff6090f0fb3a141652f\"},\"description\":\"ISA ha lasciato il segno alla 44esima edizione di Host Milano 2025. L'azienda ha presentato uno stand ambizioso, concepito per mostrare una visione avanguardistica dell'arredamento professionale, ponendo l'accento sulla personalizzazione sartoriale e la massima flessibilit\u00e0 delle soluzioni proposte.\",\"breadcrumb\":{\"@id\":\"https:\/\/www.isaitaly.com\/it\/isa-il-futuro-del-design-professionale-in-mostra-a-host-milano-2025\/#breadcrumb\"},\"inLanguage\":\"it-IT\",\"potentialAction\":[{\"@type\":\"ReadAction\",\"target\":[\"https:\/\/www.isaitaly.com\/it\/isa-il-futuro-del-design-professionale-in-mostra-a-host-milano-2025\/\"]}]},{\"@type\":\"ImageObject\",\"inLanguage\":\"it-IT\",\"@id\":\"https:\/\/www.isaitaly.com\/it\/isa-il-futuro-del-design-professionale-in-mostra-a-host-milano-2025\/#primaryimage\",\"url\":\"https:\/\/www.isaitaly.com\/wp-content\/uploads\/2025\/10\/Host2025_foto-1.jpg\",\"contentUrl\":\"https:\/\/www.isaitaly.com\/wp-content\/uploads\/2025\/10\/Host2025_foto-1.jpg\",\"width\":950,\"height\":634},{\"@type\":\"BreadcrumbList\",\"@id\":\"https:\/\/www.isaitaly.com\/it\/isa-il-futuro-del-design-professionale-in-mostra-a-host-milano-2025\/#breadcrumb\",\"itemListElement\":[{\"@type\":\"ListItem\",\"position\":1,\"name\":\"Home\",\"item\":\"https:\/\/www.isaitaly.com\/it\/\"},{\"@type\":\"ListItem\",\"position\":2,\"name\":\"ISA, il futuro del design professionale in mostra a Host Milano 2025\"}]},{\"@type\":\"WebSite\",\"@id\":\"https:\/\/www.isaitaly.com\/it\/#website\",\"url\":\"https:\/\/www.isaitaly.com\/it\/\",\"name\":\"ISA\",\"description\":\"\",\"potentialAction\":[{\"@type\":\"SearchAction\",\"target\":{\"@type\":\"EntryPoint\",\"urlTemplate\":\"https:\/\/www.isaitaly.com\/it\/?s={search_term_string}\"},\"query-input\":{\"@type\":\"PropertyValueSpecification\",\"valueRequired\":true,\"valueName\":\"search_term_string\"}}],\"inLanguage\":\"it-IT\"},{\"@type\":\"Person\",\"@id\":\"https:\/\/www.isaitaly.com\/it\/#\/schema\/person\/a037a937bb57eff6090f0fb3a141652f\",\"name\":\"Chiara Ragni\",\"image\":{\"@type\":\"ImageObject\",\"inLanguage\":\"it-IT\",\"@id\":\"https:\/\/www.isaitaly.com\/it\/#\/schema\/person\/image\/\",\"url\":\"https:\/\/secure.gravatar.com\/avatar\/beac86d476d522474ef1f9de9fb8dc49?s=96&d=mm&r=g\",\"contentUrl\":\"https:\/\/secure.gravatar.com\/avatar\/beac86d476d522474ef1f9de9fb8dc49?s=96&d=mm&r=g\",\"caption\":\"Chiara Ragni\"},\"url\":\"https:\/\/www.isaitaly.com\/it\/author\/chiara-ragni\/\"}]}<\/script>\n<!-- \/ Yoast SEO plugin. -->","yoast_head_json":{"title":"ISA, il futuro del design professionale in mostra a Host Milano 2025 | ISA","description":"ISA ha lasciato il segno alla 44esima edizione di Host Milano 2025. L'azienda ha presentato uno stand ambizioso, concepito per mostrare una visione avanguardistica dell'arredamento professionale, ponendo l'accento sulla personalizzazione sartoriale e la massima flessibilit\u00e0 delle soluzioni proposte.","robots":{"index":"index","follow":"follow","max-snippet":"max-snippet:-1","max-image-preview":"max-image-preview:large","max-video-preview":"max-video-preview:-1"},"canonical":"https:\/\/www.isaitaly.com\/it\/isa-il-futuro-del-design-professionale-in-mostra-a-host-milano-2025\/","og_locale":"it_IT","og_type":"article","og_title":"ISA, il futuro del design professionale in mostra a Host Milano 2025 | ISA","og_description":"ISA ha lasciato il segno alla 44esima edizione di Host Milano 2025. L'azienda ha presentato uno stand ambizioso, concepito per mostrare una visione avanguardistica dell'arredamento professionale, ponendo l'accento sulla personalizzazione sartoriale e la massima flessibilit\u00e0 delle soluzioni proposte.","og_url":"https:\/\/www.isaitaly.com\/it\/isa-il-futuro-del-design-professionale-in-mostra-a-host-milano-2025\/","og_site_name":"ISA","article_published_time":"2025-10-28T15:21:09+00:00","article_modified_time":"2025-10-29T11:53:09+00:00","og_image":[{"width":950,"height":634,"url":"https:\/\/www.isaitaly.com\/wp-content\/uploads\/2025\/10\/Host2025_foto-1.jpg","type":"image\/jpeg"}],"author":"Chiara Ragni","twitter_card":"summary_large_image","twitter_misc":{"Scritto da":"Chiara Ragni","Tempo di lettura stimato":"10 minuti"},"schema":{"@context":"https:\/\/schema.org","@graph":[{"@type":"Article","@id":"https:\/\/www.isaitaly.com\/it\/isa-il-futuro-del-design-professionale-in-mostra-a-host-milano-2025\/#article","isPartOf":{"@id":"https:\/\/www.isaitaly.com\/it\/isa-il-futuro-del-design-professionale-in-mostra-a-host-milano-2025\/"},"author":{"name":"Chiara Ragni","@id":"https:\/\/www.isaitaly.com\/it\/#\/schema\/person\/a037a937bb57eff6090f0fb3a141652f"},"headline":"ISA, il futuro del design professionale in mostra a Host Milano 2025","datePublished":"2025-10-28T15:21:09+00:00","dateModified":"2025-10-29T11:53:09+00:00","mainEntityOfPage":{"@id":"https:\/\/www.isaitaly.com\/it\/isa-il-futuro-del-design-professionale-in-mostra-a-host-milano-2025\/"},"wordCount":1314,"commentCount":0,"image":{"@id":"https:\/\/www.isaitaly.com\/it\/isa-il-futuro-del-design-professionale-in-mostra-a-host-milano-2025\/#primaryimage"},"thumbnailUrl":"https:\/\/www.isaitaly.com\/wp-content\/uploads\/2025\/10\/Host2025_foto-1.jpg","keywords":["horeca","host 2025","host milano"],"articleSection":["Eventi","News","Gelato &amp; Pastry","Non categorizzato"],"inLanguage":"it-IT","potentialAction":[{"@type":"CommentAction","name":"Comment","target":["https:\/\/www.isaitaly.com\/it\/isa-il-futuro-del-design-professionale-in-mostra-a-host-milano-2025\/#respond"]}]},{"@type":"WebPage","@id":"https:\/\/www.isaitaly.com\/it\/isa-il-futuro-del-design-professionale-in-mostra-a-host-milano-2025\/","url":"https:\/\/www.isaitaly.com\/it\/isa-il-futuro-del-design-professionale-in-mostra-a-host-milano-2025\/","name":"ISA, il futuro del design professionale in mostra a Host Milano 2025 | ISA","isPartOf":{"@id":"https:\/\/www.isaitaly.com\/it\/#website"},"primaryImageOfPage":{"@id":"https:\/\/www.isaitaly.com\/it\/isa-il-futuro-del-design-professionale-in-mostra-a-host-milano-2025\/#primaryimage"},"image":{"@id":"https:\/\/www.isaitaly.com\/it\/isa-il-futuro-del-design-professionale-in-mostra-a-host-milano-2025\/#primaryimage"},"thumbnailUrl":"https:\/\/www.isaitaly.com\/wp-content\/uploads\/2025\/10\/Host2025_foto-1.jpg","datePublished":"2025-10-28T15:21:09+00:00","dateModified":"2025-10-29T11:53:09+00:00","author":{"@id":"https:\/\/www.isaitaly.com\/it\/#\/schema\/person\/a037a937bb57eff6090f0fb3a141652f"},"description":"ISA ha lasciato il segno alla 44esima edizione di Host Milano 2025. L'azienda ha presentato uno stand ambizioso, concepito per mostrare una visione avanguardistica dell'arredamento professionale, ponendo l'accento sulla personalizzazione sartoriale e la massima flessibilit\u00e0 delle soluzioni proposte.","breadcrumb":{"@id":"https:\/\/www.isaitaly.com\/it\/isa-il-futuro-del-design-professionale-in-mostra-a-host-milano-2025\/#breadcrumb"},"inLanguage":"it-IT","potentialAction":[{"@type":"ReadAction","target":["https:\/\/www.isaitaly.com\/it\/isa-il-futuro-del-design-professionale-in-mostra-a-host-milano-2025\/"]}]},{"@type":"ImageObject","inLanguage":"it-IT","@id":"https:\/\/www.isaitaly.com\/it\/isa-il-futuro-del-design-professionale-in-mostra-a-host-milano-2025\/#primaryimage","url":"https:\/\/www.isaitaly.com\/wp-content\/uploads\/2025\/10\/Host2025_foto-1.jpg","contentUrl":"https:\/\/www.isaitaly.com\/wp-content\/uploads\/2025\/10\/Host2025_foto-1.jpg","width":950,"height":634},{"@type":"BreadcrumbList","@id":"https:\/\/www.isaitaly.com\/it\/isa-il-futuro-del-design-professionale-in-mostra-a-host-milano-2025\/#breadcrumb","itemListElement":[{"@type":"ListItem","position":1,"name":"Home","item":"https:\/\/www.isaitaly.com\/it\/"},{"@type":"ListItem","position":2,"name":"ISA, il futuro del design professionale in mostra a Host Milano 2025"}]},{"@type":"WebSite","@id":"https:\/\/www.isaitaly.com\/it\/#website","url":"https:\/\/www.isaitaly.com\/it\/","name":"ISA","description":"","potentialAction":[{"@type":"SearchAction","target":{"@type":"EntryPoint","urlTemplate":"https:\/\/www.isaitaly.com\/it\/?s={search_term_string}"},"query-input":{"@type":"PropertyValueSpecification","valueRequired":true,"valueName":"search_term_string"}}],"inLanguage":"it-IT"},{"@type":"Person","@id":"https:\/\/www.isaitaly.com\/it\/#\/schema\/person\/a037a937bb57eff6090f0fb3a141652f","name":"Chiara Ragni","image":{"@type":"ImageObject","inLanguage":"it-IT","@id":"https:\/\/www.isaitaly.com\/it\/#\/schema\/person\/image\/","url":"https:\/\/secure.gravatar.com\/avatar\/beac86d476d522474ef1f9de9fb8dc49?s=96&d=mm&r=g","contentUrl":"https:\/\/secure.gravatar.com\/avatar\/beac86d476d522474ef1f9de9fb8dc49?s=96&d=mm&r=g","caption":"Chiara Ragni"},"url":"https:\/\/www.isaitaly.com\/it\/author\/chiara-ragni\/"}]}},"_links":{"self":[{"href":"https:\/\/www.isaitaly.com\/it\/wp-json\/wp\/v2\/posts\/126998","targetHints":{"allow":["GET"]}}],"collection":[{"href":"https:\/\/www.isaitaly.com\/it\/wp-json\/wp\/v2\/posts"}],"about":[{"href":"https:\/\/www.isaitaly.com\/it\/wp-json\/wp\/v2\/types\/post"}],"author":[{"embeddable":true,"href":"https:\/\/www.isaitaly.com\/it\/wp-json\/wp\/v2\/users\/3"}],"replies":[{"embeddable":true,"href":"https:\/\/www.isaitaly.com\/it\/wp-json\/wp\/v2\/comments?post=126998"}],"version-history":[{"count":35,"href":"https:\/\/www.isaitaly.com\/it\/wp-json\/wp\/v2\/posts\/126998\/revisions"}],"predecessor-version":[{"id":127127,"href":"https:\/\/www.isaitaly.com\/it\/wp-json\/wp\/v2\/posts\/126998\/revisions\/127127"}],"wp:featuredmedia":[{"embeddable":true,"href":"https:\/\/www.isaitaly.com\/it\/wp-json\/wp\/v2\/media\/127003"}],"wp:attachment":[{"href":"https:\/\/www.isaitaly.com\/it\/wp-json\/wp\/v2\/media?parent=126998"}],"wp:term":[{"taxonomy":"category","embeddable":true,"href":"https:\/\/www.isaitaly.com\/it\/wp-json\/wp\/v2\/categories?post=126998"},{"taxonomy":"post_tag","embeddable":true,"href":"https:\/\/www.isaitaly.com\/it\/wp-json\/wp\/v2\/tags?post=126998"}],"curies":[{"name":"wp","href":"https:\/\/api.w.org\/{rel}","templated":true}]}}