{"id":83099,"date":"2022-08-10T16:30:56","date_gmt":"2022-08-10T14:30:56","guid":{"rendered":"https:\/\/www.isaitaly.com\/?p=83099"},"modified":"2022-11-21T16:29:58","modified_gmt":"2022-11-21T15:29:58","slug":"vente-de-glaces-lequipement-professionnel-necessaire","status":"publish","type":"post","link":"https:\/\/www.isaitaly.com\/fr\/vente-de-glaces-lequipement-professionnel-necessaire\/","title":{"rendered":"Vente de glaces : l&rsquo;\u00e9quipement professionnel n\u00e9cessaire"},"content":{"rendered":"<p>[et_pb_section][et_pb_row][et_pb_column type=\u00a0\u00bb4_4&Prime;][et_pb_text]<\/p>\n<p><span data-contrast=\"auto\">La vente de glaces a trois objectifs principaux: garantir une visibilit\u00e9 parfaite du produit, un stockage parfait et un niveau de service <\/span><span data-contrast=\"auto\">\u00e9lev\u00e9<\/span><span data-contrast=\"auto\">. Quels sont les <\/span><span data-contrast=\"auto\">\u00e9quipements<\/span><span data-contrast=\"auto\"> indispensables<\/span><span data-contrast=\"auto\"> \u00e0 la <\/span><span data-contrast=\"auto\">pr\u00e9paration et au stockage des glaces artisanales et de quoi d\u00e9pend le co\u00fbt de l&rsquo;<\/span><span data-contrast=\"auto\">\u00e9quipement<\/span><span data-contrast=\"auto\"> d&rsquo;un glacier?<\/span><span data-ccp-props=\"{&quot;201341983&quot;:0,&quot;335559739&quot;:0,&quot;335559740&quot;:240}\">\u00a0<\/span><\/p>\n<h2>Vitrines professionnelles pour la vente de glaces<\/h2>\n<p><span data-contrast=\"auto\">\u00c9tablir<\/span><span data-contrast=\"auto\"> un budget pour le glacier artisanal n&rsquo;est pas une t\u00e2che facile. Le niveau d&rsquo;<\/span><span data-contrast=\"auto\">\u00e9quipement<\/span><span data-contrast=\"auto\">, ainsi que les volumes de production et de vente, influencent in\u00e9vitablement les co\u00fbts, surtout si l&rsquo;objectif est d&rsquo;offrir la meilleure qualit\u00e9 de produit et de service. Le premier aspect<\/span><span data-contrast=\"auto\"> \u00e0 <\/span><span data-contrast=\"auto\">prendre en compte est <\/span><b><span data-contrast=\"auto\">l&rsquo;am\u00e9nagement du point de vente <\/span><\/b><span data-contrast=\"auto\">et, par cons\u00e9quent, le choix des <a href=\"https:\/\/www.isaitaly.com\/fr\/glaces-et-patisseries\/vitrines-professionnelles-pour-cremes-glaceesali\/\" target=\"_blank\" rel=\"noopener\"><span style=\"text-decoration: underline;\"><strong>vitrines pour cr\u00e8mes glac\u00e9es<\/strong><\/span><\/a> professionnels. L&rsquo;id\u00e9al est de combiner des performances techniques <\/span><span data-contrast=\"auto\">\u00e9lev\u00e9es<\/span><span data-contrast=\"auto\"> et un design de haut niveau pour mettre en valeur l&rsquo;attrait du produit. La ligne <\/span><span style=\"text-decoration: underline;\"><strong><a href=\"https:\/\/www.isaitaly.com\/fr\/prodotto\/glaces-et-patisseries-fr\/vitrines-glace-professionnelles\/stratos\/\" target=\"_blank\" rel=\"noopener\">Stratos<\/a><\/strong><\/span><span data-contrast=\"auto\"> d&rsquo;ISA en est un exemple. Il s&rsquo;agit d&rsquo;une vitrine professionnelle haut de gamme qui allie style et performances techniques avanc\u00e9es. Ils comprennent trois types de ventilation permettant de maintenir une <\/span><b><span data-contrast=\"auto\">temp\u00e9rature <\/span><\/b><span data-contrast=\"auto\">et un taux <\/span>d&rsquo;<b><span data-contrast=\"auto\">humidit\u00e9 <\/span><\/b><span data-contrast=\"auto\">parfaits.<\/span><span data-ccp-props=\"{&quot;201341983&quot;:0,&quot;335559739&quot;:0,&quot;335559740&quot;:240}\">\u00a0<\/span><\/p>\n<p><span data-ccp-props=\"{&quot;201341983&quot;:0,&quot;335559739&quot;:0,&quot;335559740&quot;:240}\">\u00a0<\/span><\/p>\n<p><img loading=\"lazy\" decoding=\"async\" class=\"alignnone size-full wp-image-83094\" src=\"https:\/\/www.isaitaly.com\/wp-content\/uploads\/2022\/08\/ISA-STRATOS-72-RGB-7.jpg\" alt=\"isa stratos\" width=\"2000\" height=\"1414\" srcset=\"https:\/\/www.isaitaly.com\/wp-content\/uploads\/2022\/08\/ISA-STRATOS-72-RGB-7.jpg 2000w, https:\/\/www.isaitaly.com\/wp-content\/uploads\/2022\/08\/ISA-STRATOS-72-RGB-7-1280x905.jpg 1280w, https:\/\/www.isaitaly.com\/wp-content\/uploads\/2022\/08\/ISA-STRATOS-72-RGB-7-980x693.jpg 980w, https:\/\/www.isaitaly.com\/wp-content\/uploads\/2022\/08\/ISA-STRATOS-72-RGB-7-480x339.jpg 480w\" sizes=\"auto, (min-width: 0px) and (max-width: 480px) 480px, (min-width: 481px) and (max-width: 980px) 980px, (min-width: 981px) and (max-width: 1280px) 1280px, (min-width: 1281px) 2000px, 100vw\" \/><\/p>\n<p><span class=\"TextRun SCXW159330540 BCX0\" lang=\"IT-IT\" xml:lang=\"IT-IT\" data-contrast=\"auto\"><span class=\"NormalTextRun SCXW159330540 BCX0\">\u00a0<\/span><\/span><\/p>\n<p><span data-contrast=\"auto\">La qualit\u00e9 technique et esth\u00e9tique des pr\u00e9sentoirs est essentielle pour la vente des glaces et la mise en valeur de tous les aspects du produit: un objectif qui est <\/span><span data-contrast=\"auto\">\u00e9galement<\/span><span data-contrast=\"auto\"> parfaitement atteint par les <\/span><strong><a href=\"https:\/\/www.isaitaly.com\/fr\/produit\/glaces-et-patisseries-fr\/vitrines-glace-professionnelles\/supercapri\/\" target=\"_blank\" rel=\"noopener\"><span style=\"text-decoration: underline;\">vitrines Supercapri<\/span><\/a><\/strong><span data-contrast=\"auto\">, <\/span><span data-contrast=\"auto\">\u00e9quip\u00e9es<\/span><span data-contrast=\"auto\"> de <\/span><b><span data-contrast=\"auto\">vitres chauffantes <\/span><\/b><span data-contrast=\"auto\">pour g\u00e9rer toutes les conditions climatiques et r\u00e9soudre facilement le probl\u00e8me de la <\/span><b><span data-contrast=\"auto\">condensation<\/span><\/b><span data-contrast=\"auto\">. Une grande efficacit\u00e9 est <\/span><span data-contrast=\"auto\">\u00e9galement<\/span><span data-contrast=\"auto\"> garantie par les syst\u00e8mes de r\u00e9frig\u00e9ration des <\/span><strong><span style=\"text-decoration: underline;\"><a href=\"https:\/\/www.isaitaly.com\/fr\/produit\/glaces-et-patisseries-fr\/vitrines-glace-professionnelles\/millenium-lx\/\" target=\"_blank\" rel=\"noopener\">vitrines Millennium<\/a><\/span><\/strong><span data-contrast=\"auto\">, avec <\/span><b><span data-contrast=\"auto\">d\u00e9givrage automatique<\/span><\/b><b><span data-contrast=\"auto\"> \u00e0 <\/span><\/b><b><span data-contrast=\"auto\">cycle invers\u00e9<\/span><\/b><span data-contrast=\"auto\"> et ventilateurs <\/span><span data-contrast=\"auto\">\u00e9lectroniques<\/span> <span data-contrast=\"auto\">\u00e9conomes<\/span><span data-contrast=\"auto\"> en <\/span><span data-contrast=\"auto\">\u00e9nergie<\/span><span data-contrast=\"auto\">. Outre la grande qualit\u00e9 technique, l&rsquo;<\/span><span data-contrast=\"auto\">\u00e9l\u00e9gance<\/span><span data-contrast=\"auto\"> des lignes est exprim\u00e9e au maximum par les pr\u00e9sentoirs <\/span><span style=\"text-decoration: underline;\"><strong><a href=\"https:\/\/www.isaitaly.com\/fr\/produit\/glaces-et-patisseries-fr\/vitrines-glace-professionnelles\/diva-fr\/\" target=\"_blank\" rel=\"noopener\">Diva<\/a><\/strong><\/span><span data-contrast=\"auto\"> et les vitrines Oneshow, dont surtout la <\/span><span style=\"text-decoration: underline;\"><a href=\"https:\/\/www.isaitaly.com\/fr\/produit\/glaces-et-patisseries-fr\/vitrines-chocolat-professionnelles\/oneshow-stand\/\" target=\"_blank\" rel=\"noopener\"><strong>version Stand<\/strong><\/a><\/span><span data-contrast=\"auto\"> avec pi\u00e9destal. La version <\/span><span style=\"text-decoration: underline;\"><a href=\"https:\/\/www.isaitaly.com\/fr\/produit\/glaces-et-patisseries-fr\/vitrines-chocolat-professionnelles\/oneshow-base\/\" target=\"_blank\" rel=\"noopener\"><b>Oneshow Base<\/b><\/a><\/span><span data-contrast=\"auto\"> n&rsquo;est pas moins s\u00e9duisante, avec son look r\u00e9solument contemporain qui partage avec le mod\u00e8le pr\u00e9c\u00e9dent une visibilit\u00e9 exceptionnelle du produit et un encombrement minimal. Il existe <\/span><span data-contrast=\"auto\">\u00e9galement<\/span><span data-contrast=\"auto\"> un mod\u00e8le plus \u00ab\u00a0basique\u00a0\u00bb avec des roues pivotantes, la vitrine <\/span><a href=\"https:\/\/www.isaitaly.com\/fr\/prodotto\/glaces-et-patisseries-fr\/vitrines-chocolat-professionnelles\/oneshow-free\/\" target=\"_blank\" rel=\"noopener\"><b><span data-contrast=\"none\"><span style=\"text-decoration: underline;\">Oneshow Free<\/span><\/span><\/b><\/a><span data-contrast=\"auto\">, avec installation par branchement ou<\/span><span data-contrast=\"auto\"> \u00e0 <\/span><span data-contrast=\"auto\">distance, disponible en option. Toutes les variantes ci-dessus peuvent <\/span><span data-contrast=\"auto\">\u00eatre<\/span> <span data-contrast=\"auto\">\u00e9quip\u00e9es<\/span><span data-contrast=\"auto\"> d&rsquo;une configuration<\/span><span data-contrast=\"auto\"> \u00e0 <\/span><b><span data-contrast=\"auto\">double temp\u00e9rature <\/span><\/b><span data-contrast=\"auto\">pour transformer facilement le pr\u00e9sentoir d&rsquo;une vitrine<\/span><span data-contrast=\"auto\"> \u00e0 <\/span><span data-contrast=\"auto\">glaces en vitrine<\/span><span data-contrast=\"auto\"> \u00e0 <\/span><span data-contrast=\"auto\">p\u00e2tisseries. L&rsquo;am\u00e9nagement peut <\/span><span data-contrast=\"auto\">\u00e9galement<\/span> <span data-contrast=\"auto\">\u00eatre<\/span><span data-contrast=\"auto\"> personnalis\u00e9 avec un large <\/span><span data-contrast=\"auto\">\u00e9ventail<\/span><span data-contrast=\"auto\"> de finitions et de mat\u00e9riaux.<\/span><span data-ccp-props=\"{&quot;201341983&quot;:0,&quot;335559739&quot;:0,&quot;335559740&quot;:240}\">\u00a0<\/span><\/p>\n<h2>\u00c9quipement pour le glacier<\/h2>\n<p><span data-contrast=\"auto\">Les \u00ab\u00a0coulisses\u00a0\u00bb sont tout aussi importantes : le choix des machines pour l&rsquo;<\/span><b><span data-contrast=\"auto\">atelier de production<\/span><\/b><span data-contrast=\"auto\"> est crucial et a un impact important sur le co\u00fbt de l&rsquo;<\/span><span data-contrast=\"auto\">\u00e9quipement<\/span><span data-contrast=\"auto\"> d&rsquo;un glacier. Outre les cong\u00e9lateurs de lots, les pasteurisateurs et autres machines sp\u00e9ciales telles que les <\/span><span data-contrast=\"auto\">\u00e9mulsifieurs<\/span><span data-contrast=\"auto\"> et les cuiseurs de cr\u00e8me, la plus grande attention doit <\/span><span data-contrast=\"auto\">\u00eatre<\/span><span data-contrast=\"auto\"> accord\u00e9e<\/span><span data-contrast=\"auto\"> \u00e0 la <\/span><span data-contrast=\"auto\">s\u00e9lection des <\/span><b><span data-contrast=\"auto\">armoires frigorifiques<\/span><\/b><span data-contrast=\"auto\"> et des <\/span><b><span data-contrast=\"auto\">refroidisseurs<\/span><\/b><b><span data-contrast=\"auto\"> \u00e0 air<\/span><\/b><span data-contrast=\"auto\">. Le catalogue Lab d&rsquo;ISA est une garantie, gr\u00e2ce<\/span><span data-contrast=\"auto\"> \u00e0 une gamme <\/span><span data-contrast=\"auto\">compl\u00e8te d&rsquo;<\/span><span data-contrast=\"auto\">\u00e9quipements<\/span><span data-contrast=\"auto\"> pour la manipulation et le stockage des glaces et des produits de p\u00e2tisserie, <\/span><span data-contrast=\"auto\">\u00e9quip\u00e9s<\/span><span data-contrast=\"auto\"> de syst\u00e8mes de r\u00e9frig\u00e9ration statique ou ventil\u00e9e. Les armoires de laboratoire et les refroidisseurs<\/span><span data-contrast=\"auto\"> \u00e0 air, <\/span><span data-contrast=\"auto\">comme <\/span><span style=\"text-decoration: underline;\"><strong><a href=\"https:\/\/www.isaitaly.com\/en\/product\/lab\/blast-chillers\/zero\/\" target=\"_blank\" rel=\"noopener\">les refroidisseurs \u00e0 air Zero<\/a><\/strong><\/span><span data-contrast=\"auto\">, repr\u00e9sentent la synth\u00e8se parfaite entre puissance, ergonomie et durabilit\u00e9 environnementale au service des glaciers (et plus encore).\u00a0\u00a0<\/span><span data-ccp-props=\"{&quot;201341983&quot;:0,&quot;335559739&quot;:0,&quot;335559740&quot;:240}\">\u00a0<\/span><span data-ccp-props=\"{&quot;201341983&quot;:0,&quot;335559739&quot;:0,&quot;335559740&quot;:240}\">\u00a0<\/span><\/p>\n<p><span data-contrast=\"auto\">Pour la conservation et le stockage des glaces artisanales, les produits des marques <\/span><span style=\"text-decoration: underline;\"><strong><a href=\"https:\/\/www.isaitaly.com\/en\/product\/lab\/commercial-refrigerators\/labor-plus\/\" target=\"_blank\" rel=\"noopener\">Labor Plus<\/a><\/strong><\/span><span data-contrast=\"auto\"> et <a href=\"https:\/\/www.isaitaly.com\/en\/product\/lab\/commercial-refrigerators\/magnum-plus\/\" target=\"_blank\" rel=\"noopener\"><span style=\"text-decoration: underline;\"><strong>Magnum Plus<\/strong><\/span><\/a> sont la r\u00e9f\u00e9rence. Faciles<\/span><span data-contrast=\"auto\"> \u00e0 <\/span><span data-contrast=\"auto\">nettoyer et ergonomiques, <\/span><b><span data-contrast=\"auto\">les armoires de rangement<\/span><\/b><span data-contrast=\"auto\"> GE Evo, GE Plus et<\/span><b><span data-contrast=\"auto\"> Labor Plus<\/span><\/b><span data-contrast=\"auto\"> sont parfaites pour une utilisation quotidienne et un entretien simplifi\u00e9. Con\u00e7us pour la conservation des glaces, b\u00e2tonnets, parfaits, g\u00e2teaux glac\u00e9s et mousses, ils sont <\/span><span data-contrast=\"auto\">\u00e9quip\u00e9s<\/span><span data-contrast=\"auto\">, selon le mod\u00e8le, d&rsquo;un syst\u00e8me de r\u00e9frig\u00e9ration ventil\u00e9 ou statique avec agitateur. Parmi toutes ces machines, la<\/span><b><span data-contrast=\"auto\"> Magnum Plus<\/span><\/b><span data-contrast=\"auto\"> se distingue par sa capacit\u00e9 de charge <\/span><span data-contrast=\"auto\">\u00e9lev\u00e9e<\/span><span data-contrast=\"auto\"> et sa polyvalence.<\/span><\/p>\n<p>[\/et_pb_text][\/et_pb_column][\/et_pb_row][\/et_pb_section]<\/p>\n","protected":false},"excerpt":{"rendered":"<p>La vente de glaces a trois objectifs principaux: garantir une visibilit\u00e9 parfaite du produit, un stockage parfait et un niveau de service \u00e9lev\u00e9. Quels sont les \u00e9quipements indispensables \u00e0 la pr\u00e9paration et au stockage des glaces artisanales et de quoi d\u00e9pend le co\u00fbt de l&rsquo;\u00e9quipement d&rsquo;un glacier?\u00a0<\/p>\n","protected":false},"author":3,"featured_media":83089,"comment_status":"open","ping_status":"open","sticky":false,"template":"","format":"standard","meta":{"_et_pb_use_builder":"","_et_pb_old_content":"<p><span data-contrast=\"auto\">La vente de glaces a trois objectifs principaux: garantir une visibilit\u00e9 parfaite du produit, un stockage parfait et un niveau de service <\/span><span data-contrast=\"auto\">\u00e9lev\u00e9<\/span><span data-contrast=\"auto\">. Quels sont les <\/span><span data-contrast=\"auto\">\u00e9quipements<\/span><span data-contrast=\"auto\"> indispensables<\/span><span data-contrast=\"auto\"> \u00e0 la <\/span><span data-contrast=\"auto\">pr\u00e9paration et au stockage des glaces artisanales et de quoi d\u00e9pend le co\u00fbt de l'<\/span><span data-contrast=\"auto\">\u00e9quipement<\/span><span data-contrast=\"auto\"> d'un glacier?<\/span><span data-ccp-props=\"{&quot;201341983&quot;:0,&quot;335559739&quot;:0,&quot;335559740&quot;:240}\">\u00a0<\/span><\/p><h2>Vitrines professionnelles pour la vente de glaces<\/h2><p><span data-contrast=\"auto\">\u00c9tablir<\/span><span data-contrast=\"auto\"> un budget pour le glacier artisanal n'est pas une t\u00e2che facile. Le niveau d'<\/span><span data-contrast=\"auto\">\u00e9quipement<\/span><span data-contrast=\"auto\">, ainsi que les volumes de production et de vente, influencent in\u00e9vitablement les co\u00fbts, surtout si l'objectif est d'offrir la meilleure qualit\u00e9 de produit et de service. Le premier aspect<\/span><span data-contrast=\"auto\"> \u00e0 <\/span><span data-contrast=\"auto\">prendre en compte est <\/span><b><span data-contrast=\"auto\">l'am\u00e9nagement du point de vente <\/span><\/b><span data-contrast=\"auto\">et, par cons\u00e9quent, le choix des <a href=\"https:\/\/www.isaitaly.com\/fr\/glaces-et-patisseries\/vitrines-professionnelles-pour-cremes-glaceesali\/\" target=\"_blank\" rel=\"noopener\"><span style=\"text-decoration: underline;\"><strong>vitrines pour cr\u00e8mes glac\u00e9es<\/strong><\/span><\/a> professionnels. L'id\u00e9al est de combiner des performances techniques <\/span><span data-contrast=\"auto\">\u00e9lev\u00e9es<\/span><span data-contrast=\"auto\"> et un design de haut niveau pour mettre en valeur l'attrait du produit. La ligne <\/span><span style=\"text-decoration: underline;\"><strong><a href=\"https:\/\/www.isaitaly.com\/fr\/prodotto\/glaces-et-patisseries-fr\/vitrines-glace-professionnelles\/stratos\/\" target=\"_blank\" rel=\"noopener\">Stratos<\/a><\/strong><\/span><span data-contrast=\"auto\"> d'ISA en est un exemple. Il s'agit d'une vitrine professionnelle haut de gamme qui allie style et performances techniques avanc\u00e9es. Ils comprennent trois types de ventilation permettant de maintenir une <\/span><b><span data-contrast=\"auto\">temp\u00e9rature <\/span><\/b><span data-contrast=\"auto\">et un taux <\/span>d'<b><span data-contrast=\"auto\">humidit\u00e9 <\/span><\/b><span data-contrast=\"auto\">parfaits.<\/span><span data-ccp-props=\"{&quot;201341983&quot;:0,&quot;335559739&quot;:0,&quot;335559740&quot;:240}\">\u00a0<\/span><\/p><p><span data-ccp-props=\"{&quot;201341983&quot;:0,&quot;335559739&quot;:0,&quot;335559740&quot;:240}\">\u00a0<\/span><\/p><p><img class=\"alignnone size-full wp-image-83094\" src=\"https:\/\/www.isaitaly.com\/wp-content\/uploads\/2022\/08\/ISA-STRATOS-72-RGB-7.jpg\" alt=\"isa stratos\" width=\"2000\" height=\"1414\" \/><\/p><p><span class=\"TextRun SCXW159330540 BCX0\" lang=\"IT-IT\" xml:lang=\"IT-IT\" data-contrast=\"auto\"><span class=\"NormalTextRun SCXW159330540 BCX0\">\u00a0<\/span><\/span><\/p><p><span data-contrast=\"auto\">La qualit\u00e9 technique et esth\u00e9tique des pr\u00e9sentoirs est essentielle pour la vente des glaces et la mise en valeur de tous les aspects du produit: un objectif qui est <\/span><span data-contrast=\"auto\">\u00e9galement<\/span><span data-contrast=\"auto\"> parfaitement atteint par les <\/span><strong><a href=\"https:\/\/www.isaitaly.com\/fr\/produit\/glaces-et-patisseries-fr\/vitrines-glace-professionnelles\/supercapri\/\" target=\"_blank\" rel=\"noopener\"><span style=\"text-decoration: underline;\">vitrines Supercapri<\/span><\/a><\/strong><span data-contrast=\"auto\">, <\/span><span data-contrast=\"auto\">\u00e9quip\u00e9es<\/span><span data-contrast=\"auto\"> de <\/span><b><span data-contrast=\"auto\">vitres chauffantes <\/span><\/b><span data-contrast=\"auto\">pour g\u00e9rer toutes les conditions climatiques et r\u00e9soudre facilement le probl\u00e8me de la <\/span><b><span data-contrast=\"auto\">condensation<\/span><\/b><span data-contrast=\"auto\">. Une grande efficacit\u00e9 est <\/span><span data-contrast=\"auto\">\u00e9galement<\/span><span data-contrast=\"auto\"> garantie par les syst\u00e8mes de r\u00e9frig\u00e9ration des <\/span><strong><span style=\"text-decoration: underline;\"><a href=\"https:\/\/www.isaitaly.com\/fr\/produit\/glaces-et-patisseries-fr\/vitrines-glace-professionnelles\/millenium-lx\/\" target=\"_blank\" rel=\"noopener\">vitrines Millennium<\/a><\/span><\/strong><span data-contrast=\"auto\">, avec <\/span><b><span data-contrast=\"auto\">d\u00e9givrage automatique<\/span><\/b><b><span data-contrast=\"auto\"> \u00e0 <\/span><\/b><b><span data-contrast=\"auto\">cycle invers\u00e9<\/span><\/b><span data-contrast=\"auto\"> et ventilateurs <\/span><span data-contrast=\"auto\">\u00e9lectroniques<\/span> <span data-contrast=\"auto\">\u00e9conomes<\/span><span data-contrast=\"auto\"> en <\/span><span data-contrast=\"auto\">\u00e9nergie<\/span><span data-contrast=\"auto\">. Outre la grande qualit\u00e9 technique, l'<\/span><span data-contrast=\"auto\">\u00e9l\u00e9gance<\/span><span data-contrast=\"auto\"> des lignes est exprim\u00e9e au maximum par les pr\u00e9sentoirs <\/span><span style=\"text-decoration: underline;\"><strong><a href=\"https:\/\/www.isaitaly.com\/fr\/produit\/glaces-et-patisseries-fr\/vitrines-glace-professionnelles\/diva-fr\/\" target=\"_blank\" rel=\"noopener\">Diva<\/a><\/strong><\/span><span data-contrast=\"auto\"> et les vitrines Oneshow, dont surtout la <\/span><span style=\"text-decoration: underline;\"><a href=\"https:\/\/www.isaitaly.com\/fr\/produit\/glaces-et-patisseries-fr\/vitrines-chocolat-professionnelles\/oneshow-stand\/\" target=\"_blank\" rel=\"noopener\"><strong>version Stand<\/strong><\/a><\/span><span data-contrast=\"auto\"> avec pi\u00e9destal. La version <\/span><span style=\"text-decoration: underline;\"><a href=\"https:\/\/www.isaitaly.com\/fr\/produit\/glaces-et-patisseries-fr\/vitrines-chocolat-professionnelles\/oneshow-base\/\" target=\"_blank\" rel=\"noopener\"><b>Oneshow Base<\/b><\/a><\/span><span data-contrast=\"auto\"> n'est pas moins s\u00e9duisante, avec son look r\u00e9solument contemporain qui partage avec le mod\u00e8le pr\u00e9c\u00e9dent une visibilit\u00e9 exceptionnelle du produit et un encombrement minimal. Il existe <\/span><span data-contrast=\"auto\">\u00e9galement<\/span><span data-contrast=\"auto\"> un mod\u00e8le plus \"basique\" avec des roues pivotantes, la vitrine <\/span><a href=\"https:\/\/www.isaitaly.com\/fr\/prodotto\/glaces-et-patisseries-fr\/vitrines-chocolat-professionnelles\/oneshow-free\/\" target=\"_blank\" rel=\"noopener\"><b><span data-contrast=\"none\"><span style=\"text-decoration: underline;\">Oneshow Free<\/span><\/span><\/b><\/a><span data-contrast=\"auto\">, avec installation par branchement ou<\/span><span data-contrast=\"auto\"> \u00e0 <\/span><span data-contrast=\"auto\">distance, disponible en option. Toutes les variantes ci-dessus peuvent <\/span><span data-contrast=\"auto\">\u00eatre<\/span> <span data-contrast=\"auto\">\u00e9quip\u00e9es<\/span><span data-contrast=\"auto\"> d'une configuration<\/span><span data-contrast=\"auto\"> \u00e0 <\/span><b><span data-contrast=\"auto\">double temp\u00e9rature <\/span><\/b><span data-contrast=\"auto\">pour transformer facilement le pr\u00e9sentoir d'une vitrine<\/span><span data-contrast=\"auto\"> \u00e0 <\/span><span data-contrast=\"auto\">glaces en vitrine<\/span><span data-contrast=\"auto\"> \u00e0 <\/span><span data-contrast=\"auto\">p\u00e2tisseries. L'am\u00e9nagement peut <\/span><span data-contrast=\"auto\">\u00e9galement<\/span> <span data-contrast=\"auto\">\u00eatre<\/span><span data-contrast=\"auto\"> personnalis\u00e9 avec un large <\/span><span data-contrast=\"auto\">\u00e9ventail<\/span><span data-contrast=\"auto\"> de finitions et de mat\u00e9riaux.<\/span><span data-ccp-props=\"{&quot;201341983&quot;:0,&quot;335559739&quot;:0,&quot;335559740&quot;:240}\">\u00a0<\/span><\/p><h2>\u00c9quipement pour le glacier<\/h2><p><span data-contrast=\"auto\">Les \"coulisses\" sont tout aussi importantes : le choix des machines pour l'<\/span><b><span data-contrast=\"auto\">atelier de production<\/span><\/b><span data-contrast=\"auto\"> est crucial et a un impact important sur le co\u00fbt de l'<\/span><span data-contrast=\"auto\">\u00e9quipement<\/span><span data-contrast=\"auto\"> d'un glacier. Outre les cong\u00e9lateurs de lots, les pasteurisateurs et autres machines sp\u00e9ciales telles que les <\/span><span data-contrast=\"auto\">\u00e9mulsifieurs<\/span><span data-contrast=\"auto\"> et les cuiseurs de cr\u00e8me, la plus grande attention doit <\/span><span data-contrast=\"auto\">\u00eatre<\/span><span data-contrast=\"auto\"> accord\u00e9e<\/span><span data-contrast=\"auto\"> \u00e0 la <\/span><span data-contrast=\"auto\">s\u00e9lection des <\/span><b><span data-contrast=\"auto\">armoires frigorifiques<\/span><\/b><span data-contrast=\"auto\"> et des <\/span><b><span data-contrast=\"auto\">refroidisseurs<\/span><\/b><b><span data-contrast=\"auto\"> \u00e0 air<\/span><\/b><span data-contrast=\"auto\">. Le catalogue Lab d'ISA est une garantie, gr\u00e2ce<\/span><span data-contrast=\"auto\"> \u00e0 une gamme <\/span><span data-contrast=\"auto\">compl\u00e8te d'<\/span><span data-contrast=\"auto\">\u00e9quipements<\/span><span data-contrast=\"auto\"> pour la manipulation et le stockage des glaces et des produits de p\u00e2tisserie, <\/span><span data-contrast=\"auto\">\u00e9quip\u00e9s<\/span><span data-contrast=\"auto\"> de syst\u00e8mes de r\u00e9frig\u00e9ration statique ou ventil\u00e9e. Les armoires de laboratoire et les refroidisseurs<\/span><span data-contrast=\"auto\"> \u00e0 air, <\/span><span data-contrast=\"auto\">comme <\/span><span style=\"text-decoration: underline;\"><strong><a href=\"https:\/\/www.isaitaly.com\/en\/product\/lab\/blast-chillers\/zero\/\" target=\"_blank\" rel=\"noopener\">les refroidisseurs \u00e0 air Zero<\/a><\/strong><\/span><span data-contrast=\"auto\">, repr\u00e9sentent la synth\u00e8se parfaite entre puissance, ergonomie et durabilit\u00e9 environnementale au service des glaciers (et plus encore).\u00a0\u00a0<\/span><span data-ccp-props=\"{&quot;201341983&quot;:0,&quot;335559739&quot;:0,&quot;335559740&quot;:240}\">\u00a0<\/span><span data-ccp-props=\"{&quot;201341983&quot;:0,&quot;335559739&quot;:0,&quot;335559740&quot;:240}\">\u00a0<\/span><\/p><p><span data-contrast=\"auto\">Pour la conservation et le stockage des glaces artisanales, les produits des marques <\/span><span style=\"text-decoration: underline;\"><strong><a href=\"https:\/\/www.isaitaly.com\/en\/product\/lab\/commercial-refrigerators\/labor-plus\/\" target=\"_blank\" rel=\"noopener\">Labor Plus<\/a><\/strong><\/span><span data-contrast=\"auto\"> et <a href=\"https:\/\/www.isaitaly.com\/en\/product\/lab\/commercial-refrigerators\/magnum-plus\/\" target=\"_blank\" rel=\"noopener\"><span style=\"text-decoration: underline;\"><strong>Magnum Plus<\/strong><\/span><\/a> sont la r\u00e9f\u00e9rence. Faciles<\/span><span data-contrast=\"auto\"> \u00e0 <\/span><span data-contrast=\"auto\">nettoyer et ergonomiques, <\/span><b><span data-contrast=\"auto\">les armoires de rangement<\/span><\/b><span data-contrast=\"auto\"> GE Evo, GE Plus et<\/span><b><span data-contrast=\"auto\"> Labor Plus<\/span><\/b><span data-contrast=\"auto\"> sont parfaites pour une utilisation quotidienne et un entretien simplifi\u00e9. Con\u00e7us pour la conservation des glaces, b\u00e2tonnets, parfaits, g\u00e2teaux glac\u00e9s et mousses, ils sont <\/span><span data-contrast=\"auto\">\u00e9quip\u00e9s<\/span><span data-contrast=\"auto\">, selon le mod\u00e8le, d'un syst\u00e8me de r\u00e9frig\u00e9ration ventil\u00e9 ou statique avec agitateur. Parmi toutes ces machines, la<\/span><b><span data-contrast=\"auto\"> Magnum Plus<\/span><\/b><span data-contrast=\"auto\"> se distingue par sa capacit\u00e9 de charge <\/span><span data-contrast=\"auto\">\u00e9lev\u00e9e<\/span><span data-contrast=\"auto\"> et sa polyvalence.<\/span><\/p>","_et_gb_content_width":"","footnotes":""},"categories":[936,878],"tags":[],"class_list":["post-83099","post","type-post","status-publish","format-standard","has-post-thumbnail","hentry","category-nouvelles","category-glaces-et-patisseries"],"acf":[],"yoast_head":"<!-- This site is optimized with the Yoast SEO plugin v26.8 - https:\/\/yoast.com\/product\/yoast-seo-wordpress\/ -->\n<title>\u00c9quipement pour glaciers : ce que les professionnels ont besoin | ISA<\/title>\n<meta name=\"description\" content=\"Quels sont les \u00e9l\u00e9ments indispensables pour stocker et vendre des glaces et quel est le co\u00fbt de l&#039;\u00e9quipement d&#039;un glacier ? Choisissez ISA pour obtenir le meilleur.\" \/>\n<meta name=\"robots\" content=\"index, follow, max-snippet:-1, max-image-preview:large, max-video-preview:-1\" \/>\n<link rel=\"canonical\" href=\"https:\/\/www.isaitaly.com\/fr\/vente-de-glaces-lequipement-professionnel-necessaire\/\" \/>\n<meta property=\"og:locale\" content=\"fr_FR\" \/>\n<meta property=\"og:type\" content=\"article\" \/>\n<meta property=\"og:title\" content=\"\u00c9quipement pour glaciers : ce que les professionnels ont besoin | ISA\" \/>\n<meta property=\"og:description\" content=\"Quels sont les \u00e9l\u00e9ments indispensables pour stocker et vendre des glaces et quel est le co\u00fbt de l&#039;\u00e9quipement d&#039;un glacier ? Choisissez ISA pour obtenir le meilleur.\" \/>\n<meta property=\"og:url\" content=\"https:\/\/www.isaitaly.com\/fr\/vente-de-glaces-lequipement-professionnel-necessaire\/\" \/>\n<meta property=\"og:site_name\" content=\"ISA\" \/>\n<meta property=\"article:published_time\" content=\"2022-08-10T14:30:56+00:00\" \/>\n<meta property=\"article:modified_time\" content=\"2022-11-21T15:29:58+00:00\" \/>\n<meta property=\"og:image\" content=\"https:\/\/www.isaitaly.com\/wp-content\/uploads\/2022\/08\/ISA-ONESHOW-FREE-72-RGB-1-1024x724.jpg\" \/>\n\t<meta property=\"og:image:width\" content=\"1024\" \/>\n\t<meta property=\"og:image:height\" content=\"724\" \/>\n\t<meta property=\"og:image:type\" content=\"image\/jpeg\" \/>\n<meta name=\"author\" content=\"Chiara Ragni\" \/>\n<meta name=\"twitter:card\" content=\"summary_large_image\" \/>\n<meta name=\"twitter:label1\" content=\"\u00c9crit par\" \/>\n\t<meta name=\"twitter:data1\" content=\"Chiara Ragni\" \/>\n\t<meta name=\"twitter:label2\" content=\"Dur\u00e9e de lecture estim\u00e9e\" \/>\n\t<meta name=\"twitter:data2\" content=\"4 minutes\" \/>\n<script type=\"application\/ld+json\" class=\"yoast-schema-graph\">{\"@context\":\"https:\/\/schema.org\",\"@graph\":[{\"@type\":\"Article\",\"@id\":\"https:\/\/www.isaitaly.com\/fr\/vente-de-glaces-lequipement-professionnel-necessaire\/#article\",\"isPartOf\":{\"@id\":\"https:\/\/www.isaitaly.com\/fr\/vente-de-glaces-lequipement-professionnel-necessaire\/\"},\"author\":{\"name\":\"Chiara Ragni\",\"@id\":\"https:\/\/www.isaitaly.com\/it\/#\/schema\/person\/a037a937bb57eff6090f0fb3a141652f\"},\"headline\":\"Vente de glaces : l&rsquo;\u00e9quipement professionnel n\u00e9cessaire\",\"datePublished\":\"2022-08-10T14:30:56+00:00\",\"dateModified\":\"2022-11-21T15:29:58+00:00\",\"mainEntityOfPage\":{\"@id\":\"https:\/\/www.isaitaly.com\/fr\/vente-de-glaces-lequipement-professionnel-necessaire\/\"},\"wordCount\":718,\"commentCount\":0,\"image\":{\"@id\":\"https:\/\/www.isaitaly.com\/fr\/vente-de-glaces-lequipement-professionnel-necessaire\/#primaryimage\"},\"thumbnailUrl\":\"https:\/\/www.isaitaly.com\/wp-content\/uploads\/2022\/08\/ISA-ONESHOW-FREE-72-RGB-1.jpg\",\"articleSection\":[\"Nouvelles\",\"Glaces et p\u00e2tisseries\"],\"inLanguage\":\"fr-FR\",\"potentialAction\":[{\"@type\":\"CommentAction\",\"name\":\"Comment\",\"target\":[\"https:\/\/www.isaitaly.com\/fr\/vente-de-glaces-lequipement-professionnel-necessaire\/#respond\"]}]},{\"@type\":\"WebPage\",\"@id\":\"https:\/\/www.isaitaly.com\/fr\/vente-de-glaces-lequipement-professionnel-necessaire\/\",\"url\":\"https:\/\/www.isaitaly.com\/fr\/vente-de-glaces-lequipement-professionnel-necessaire\/\",\"name\":\"\u00c9quipement pour glaciers : ce que les professionnels ont besoin | ISA\",\"isPartOf\":{\"@id\":\"https:\/\/www.isaitaly.com\/it\/#website\"},\"primaryImageOfPage\":{\"@id\":\"https:\/\/www.isaitaly.com\/fr\/vente-de-glaces-lequipement-professionnel-necessaire\/#primaryimage\"},\"image\":{\"@id\":\"https:\/\/www.isaitaly.com\/fr\/vente-de-glaces-lequipement-professionnel-necessaire\/#primaryimage\"},\"thumbnailUrl\":\"https:\/\/www.isaitaly.com\/wp-content\/uploads\/2022\/08\/ISA-ONESHOW-FREE-72-RGB-1.jpg\",\"datePublished\":\"2022-08-10T14:30:56+00:00\",\"dateModified\":\"2022-11-21T15:29:58+00:00\",\"author\":{\"@id\":\"https:\/\/www.isaitaly.com\/it\/#\/schema\/person\/a037a937bb57eff6090f0fb3a141652f\"},\"description\":\"Quels sont les \u00e9l\u00e9ments indispensables pour stocker et vendre des glaces et quel est le co\u00fbt de l'\u00e9quipement d'un glacier ? Choisissez ISA pour obtenir le meilleur.\",\"breadcrumb\":{\"@id\":\"https:\/\/www.isaitaly.com\/fr\/vente-de-glaces-lequipement-professionnel-necessaire\/#breadcrumb\"},\"inLanguage\":\"fr-FR\",\"potentialAction\":[{\"@type\":\"ReadAction\",\"target\":[\"https:\/\/www.isaitaly.com\/fr\/vente-de-glaces-lequipement-professionnel-necessaire\/\"]}]},{\"@type\":\"ImageObject\",\"inLanguage\":\"fr-FR\",\"@id\":\"https:\/\/www.isaitaly.com\/fr\/vente-de-glaces-lequipement-professionnel-necessaire\/#primaryimage\",\"url\":\"https:\/\/www.isaitaly.com\/wp-content\/uploads\/2022\/08\/ISA-ONESHOW-FREE-72-RGB-1.jpg\",\"contentUrl\":\"https:\/\/www.isaitaly.com\/wp-content\/uploads\/2022\/08\/ISA-ONESHOW-FREE-72-RGB-1.jpg\",\"width\":2000,\"height\":1414,\"caption\":\"Isa oneshow free\"},{\"@type\":\"BreadcrumbList\",\"@id\":\"https:\/\/www.isaitaly.com\/fr\/vente-de-glaces-lequipement-professionnel-necessaire\/#breadcrumb\",\"itemListElement\":[{\"@type\":\"ListItem\",\"position\":1,\"name\":\"Home\",\"item\":\"https:\/\/www.isaitaly.com\/it\/\"},{\"@type\":\"ListItem\",\"position\":2,\"name\":\"Vente de glaces : l&#8217;\u00e9quipement professionnel n\u00e9cessaire\"}]},{\"@type\":\"WebSite\",\"@id\":\"https:\/\/www.isaitaly.com\/it\/#website\",\"url\":\"https:\/\/www.isaitaly.com\/it\/\",\"name\":\"ISA\",\"description\":\"\",\"potentialAction\":[{\"@type\":\"SearchAction\",\"target\":{\"@type\":\"EntryPoint\",\"urlTemplate\":\"https:\/\/www.isaitaly.com\/it\/?s={search_term_string}\"},\"query-input\":{\"@type\":\"PropertyValueSpecification\",\"valueRequired\":true,\"valueName\":\"search_term_string\"}}],\"inLanguage\":\"fr-FR\"},{\"@type\":\"Person\",\"@id\":\"https:\/\/www.isaitaly.com\/it\/#\/schema\/person\/a037a937bb57eff6090f0fb3a141652f\",\"name\":\"Chiara Ragni\",\"image\":{\"@type\":\"ImageObject\",\"inLanguage\":\"fr-FR\",\"@id\":\"https:\/\/www.isaitaly.com\/it\/#\/schema\/person\/image\/\",\"url\":\"https:\/\/secure.gravatar.com\/avatar\/beac86d476d522474ef1f9de9fb8dc49?s=96&d=mm&r=g\",\"contentUrl\":\"https:\/\/secure.gravatar.com\/avatar\/beac86d476d522474ef1f9de9fb8dc49?s=96&d=mm&r=g\",\"caption\":\"Chiara Ragni\"},\"url\":\"https:\/\/www.isaitaly.com\/fr\/author\/chiara-ragni\/\"}]}<\/script>\n<!-- \/ Yoast SEO plugin. -->","yoast_head_json":{"title":"\u00c9quipement pour glaciers : ce que les professionnels ont besoin | ISA","description":"Quels sont les \u00e9l\u00e9ments indispensables pour stocker et vendre des glaces et quel est le co\u00fbt de l'\u00e9quipement d'un glacier ? Choisissez ISA pour obtenir le meilleur.","robots":{"index":"index","follow":"follow","max-snippet":"max-snippet:-1","max-image-preview":"max-image-preview:large","max-video-preview":"max-video-preview:-1"},"canonical":"https:\/\/www.isaitaly.com\/fr\/vente-de-glaces-lequipement-professionnel-necessaire\/","og_locale":"fr_FR","og_type":"article","og_title":"\u00c9quipement pour glaciers : ce que les professionnels ont besoin | ISA","og_description":"Quels sont les \u00e9l\u00e9ments indispensables pour stocker et vendre des glaces et quel est le co\u00fbt de l'\u00e9quipement d'un glacier ? Choisissez ISA pour obtenir le meilleur.","og_url":"https:\/\/www.isaitaly.com\/fr\/vente-de-glaces-lequipement-professionnel-necessaire\/","og_site_name":"ISA","article_published_time":"2022-08-10T14:30:56+00:00","article_modified_time":"2022-11-21T15:29:58+00:00","og_image":[{"width":1024,"height":724,"url":"https:\/\/www.isaitaly.com\/wp-content\/uploads\/2022\/08\/ISA-ONESHOW-FREE-72-RGB-1-1024x724.jpg","type":"image\/jpeg"}],"author":"Chiara Ragni","twitter_card":"summary_large_image","twitter_misc":{"\u00c9crit par":"Chiara Ragni","Dur\u00e9e de lecture estim\u00e9e":"4 minutes"},"schema":{"@context":"https:\/\/schema.org","@graph":[{"@type":"Article","@id":"https:\/\/www.isaitaly.com\/fr\/vente-de-glaces-lequipement-professionnel-necessaire\/#article","isPartOf":{"@id":"https:\/\/www.isaitaly.com\/fr\/vente-de-glaces-lequipement-professionnel-necessaire\/"},"author":{"name":"Chiara Ragni","@id":"https:\/\/www.isaitaly.com\/it\/#\/schema\/person\/a037a937bb57eff6090f0fb3a141652f"},"headline":"Vente de glaces : l&rsquo;\u00e9quipement professionnel n\u00e9cessaire","datePublished":"2022-08-10T14:30:56+00:00","dateModified":"2022-11-21T15:29:58+00:00","mainEntityOfPage":{"@id":"https:\/\/www.isaitaly.com\/fr\/vente-de-glaces-lequipement-professionnel-necessaire\/"},"wordCount":718,"commentCount":0,"image":{"@id":"https:\/\/www.isaitaly.com\/fr\/vente-de-glaces-lequipement-professionnel-necessaire\/#primaryimage"},"thumbnailUrl":"https:\/\/www.isaitaly.com\/wp-content\/uploads\/2022\/08\/ISA-ONESHOW-FREE-72-RGB-1.jpg","articleSection":["Nouvelles","Glaces et p\u00e2tisseries"],"inLanguage":"fr-FR","potentialAction":[{"@type":"CommentAction","name":"Comment","target":["https:\/\/www.isaitaly.com\/fr\/vente-de-glaces-lequipement-professionnel-necessaire\/#respond"]}]},{"@type":"WebPage","@id":"https:\/\/www.isaitaly.com\/fr\/vente-de-glaces-lequipement-professionnel-necessaire\/","url":"https:\/\/www.isaitaly.com\/fr\/vente-de-glaces-lequipement-professionnel-necessaire\/","name":"\u00c9quipement pour glaciers : ce que les professionnels ont besoin | ISA","isPartOf":{"@id":"https:\/\/www.isaitaly.com\/it\/#website"},"primaryImageOfPage":{"@id":"https:\/\/www.isaitaly.com\/fr\/vente-de-glaces-lequipement-professionnel-necessaire\/#primaryimage"},"image":{"@id":"https:\/\/www.isaitaly.com\/fr\/vente-de-glaces-lequipement-professionnel-necessaire\/#primaryimage"},"thumbnailUrl":"https:\/\/www.isaitaly.com\/wp-content\/uploads\/2022\/08\/ISA-ONESHOW-FREE-72-RGB-1.jpg","datePublished":"2022-08-10T14:30:56+00:00","dateModified":"2022-11-21T15:29:58+00:00","author":{"@id":"https:\/\/www.isaitaly.com\/it\/#\/schema\/person\/a037a937bb57eff6090f0fb3a141652f"},"description":"Quels sont les \u00e9l\u00e9ments indispensables pour stocker et vendre des glaces et quel est le co\u00fbt de l'\u00e9quipement d'un glacier ? Choisissez ISA pour obtenir le meilleur.","breadcrumb":{"@id":"https:\/\/www.isaitaly.com\/fr\/vente-de-glaces-lequipement-professionnel-necessaire\/#breadcrumb"},"inLanguage":"fr-FR","potentialAction":[{"@type":"ReadAction","target":["https:\/\/www.isaitaly.com\/fr\/vente-de-glaces-lequipement-professionnel-necessaire\/"]}]},{"@type":"ImageObject","inLanguage":"fr-FR","@id":"https:\/\/www.isaitaly.com\/fr\/vente-de-glaces-lequipement-professionnel-necessaire\/#primaryimage","url":"https:\/\/www.isaitaly.com\/wp-content\/uploads\/2022\/08\/ISA-ONESHOW-FREE-72-RGB-1.jpg","contentUrl":"https:\/\/www.isaitaly.com\/wp-content\/uploads\/2022\/08\/ISA-ONESHOW-FREE-72-RGB-1.jpg","width":2000,"height":1414,"caption":"Isa oneshow free"},{"@type":"BreadcrumbList","@id":"https:\/\/www.isaitaly.com\/fr\/vente-de-glaces-lequipement-professionnel-necessaire\/#breadcrumb","itemListElement":[{"@type":"ListItem","position":1,"name":"Home","item":"https:\/\/www.isaitaly.com\/it\/"},{"@type":"ListItem","position":2,"name":"Vente de glaces : l&#8217;\u00e9quipement professionnel n\u00e9cessaire"}]},{"@type":"WebSite","@id":"https:\/\/www.isaitaly.com\/it\/#website","url":"https:\/\/www.isaitaly.com\/it\/","name":"ISA","description":"","potentialAction":[{"@type":"SearchAction","target":{"@type":"EntryPoint","urlTemplate":"https:\/\/www.isaitaly.com\/it\/?s={search_term_string}"},"query-input":{"@type":"PropertyValueSpecification","valueRequired":true,"valueName":"search_term_string"}}],"inLanguage":"fr-FR"},{"@type":"Person","@id":"https:\/\/www.isaitaly.com\/it\/#\/schema\/person\/a037a937bb57eff6090f0fb3a141652f","name":"Chiara Ragni","image":{"@type":"ImageObject","inLanguage":"fr-FR","@id":"https:\/\/www.isaitaly.com\/it\/#\/schema\/person\/image\/","url":"https:\/\/secure.gravatar.com\/avatar\/beac86d476d522474ef1f9de9fb8dc49?s=96&d=mm&r=g","contentUrl":"https:\/\/secure.gravatar.com\/avatar\/beac86d476d522474ef1f9de9fb8dc49?s=96&d=mm&r=g","caption":"Chiara Ragni"},"url":"https:\/\/www.isaitaly.com\/fr\/author\/chiara-ragni\/"}]}},"_links":{"self":[{"href":"https:\/\/www.isaitaly.com\/fr\/wp-json\/wp\/v2\/posts\/83099","targetHints":{"allow":["GET"]}}],"collection":[{"href":"https:\/\/www.isaitaly.com\/fr\/wp-json\/wp\/v2\/posts"}],"about":[{"href":"https:\/\/www.isaitaly.com\/fr\/wp-json\/wp\/v2\/types\/post"}],"author":[{"embeddable":true,"href":"https:\/\/www.isaitaly.com\/fr\/wp-json\/wp\/v2\/users\/3"}],"replies":[{"embeddable":true,"href":"https:\/\/www.isaitaly.com\/fr\/wp-json\/wp\/v2\/comments?post=83099"}],"version-history":[{"count":5,"href":"https:\/\/www.isaitaly.com\/fr\/wp-json\/wp\/v2\/posts\/83099\/revisions"}],"predecessor-version":[{"id":86786,"href":"https:\/\/www.isaitaly.com\/fr\/wp-json\/wp\/v2\/posts\/83099\/revisions\/86786"}],"wp:featuredmedia":[{"embeddable":true,"href":"https:\/\/www.isaitaly.com\/fr\/wp-json\/wp\/v2\/media\/83089"}],"wp:attachment":[{"href":"https:\/\/www.isaitaly.com\/fr\/wp-json\/wp\/v2\/media?parent=83099"}],"wp:term":[{"taxonomy":"category","embeddable":true,"href":"https:\/\/www.isaitaly.com\/fr\/wp-json\/wp\/v2\/categories?post=83099"},{"taxonomy":"post_tag","embeddable":true,"href":"https:\/\/www.isaitaly.com\/fr\/wp-json\/wp\/v2\/tags?post=83099"}],"curies":[{"name":"wp","href":"https:\/\/api.w.org\/{rel}","templated":true}]}}