{"id":81744,"date":"2022-07-21T11:42:23","date_gmt":"2022-07-21T09:42:23","guid":{"rendered":"https:\/\/www.isaitaly.com\/?p=81744"},"modified":"2022-07-21T11:51:46","modified_gmt":"2022-07-21T09:51:46","slug":"vente-mobile-de-glaces-tout-ce-que-vous-devez-savoir","status":"publish","type":"post","link":"https:\/\/www.isaitaly.com\/fr\/vente-mobile-de-glaces-tout-ce-que-vous-devez-savoir\/","title":{"rendered":"Vente mobile de glaces : tout ce que vous devez savoir"},"content":{"rendered":"<p><span data-contrast=\"auto\">La <\/span><b><span data-contrast=\"auto\">vente de glaces en plein air <\/span><\/b><span data-contrast=\"auto\">est un art ancien qui se perp\u00e9tue aujourd&rsquo;hui gr\u00e2ce \u00e0 des \u00e9quipements de pointe. Les stands de glaces en plein air \u00e9voquent le charme des temps pass\u00e9s : le chariot \u00e0 glaces savait faire le bonheur des petits et des grands, en appelant tout le monde \u00e0 c\u00e9l\u00e9brer un rite estival typiquement italien. Aujourd&rsquo;hui comme hier, l&rsquo;\u00e9t\u00e9 &#8211; et pas seulement \u00e0 cette \u00e9poque &#8211; rime avec glaces faites maison : les <\/span><span data-contrast=\"auto\">comptoirs r\u00e9frig\u00e9r\u00e9s<\/span><span data-contrast=\"auto\"> modernes, quant \u00e0 eux, ont connu une forte \u00e9volution du point de vue technique, se transformant en petits bijoux de technologie et de design. L&rsquo;attrait qu&rsquo;ils exercent reste cependant le m\u00eame, comme le montrent les <\/span><b><span data-contrast=\"auto\">pr\u00e9sentoirs ISA<\/span><\/b><span data-contrast=\"auto\"> con\u00e7us pour les installations ext\u00e9rieures autoportantes.\u00a0\u00a0<\/span><span data-ccp-props=\"{&quot;201341983&quot;:0,&quot;335559739&quot;:0,&quot;335559740&quot;:240}\">\u00a0<\/span><\/p>\n<h3>Comptoirs avec syst\u00e8me de r\u00e9frig\u00e9ration statique<\/h3>\n<p><span data-contrast=\"auto\">La caract\u00e9ristique la plus importante d&rsquo;une vitrine \u00e0 glaces mobile est sa capacit\u00e9 \u00e0 garantir l&rsquo;efficacit\u00e9 et la flexibilit\u00e9 op\u00e9rationnelle. Cette exigence, selon les cas, peut \u00eatre satisfaite par des \u00e9quipements \u00e9quip\u00e9s de r\u00e9frig\u00e9ration ventil\u00e9e ou statique, \u00e0 condition de choisir un produit de haut niveau. La vitrine <\/span><span data-contrast=\"auto\">Il Gelataio<\/span><span data-contrast=\"auto\"> d&rsquo;ISA &#8211; r\u00e9interpr\u00e9tation contemporaine du comptoir r\u00e9frig\u00e9r\u00e9 traditionnel des puits &#8211; est dot\u00e9e d&rsquo;un syst\u00e8me exclusif de <\/span><b><span data-contrast=\"auto\">r\u00e9frig\u00e9ration par induction statique<\/span><\/b><span data-contrast=\"auto\"> bas\u00e9 sur la technologie \u00ab\u00a0<\/span><span style=\"text-decoration: underline;\"><strong><a href=\"https:\/\/www.isaitaly.com\/fr\/prodotto\/glaces-et-patisseries-fr\/vitrines-glace-professionnelles\/multiplo-fr\/\" target=\"_blank\" rel=\"noopener\">Multiplo<\/a><\/strong><\/span><span data-contrast=\"auto\">\u00ab\u00a0. Ce syst\u00e8me est tr\u00e8s pratique, car il r\u00e9duit la fr\u00e9quence des activit\u00e9s de d\u00e9givrage et d&rsquo;entretien. Quant \u00e0 la flexibilit\u00e9, il est possible de g\u00e9rer jusqu&rsquo;\u00e0 3 <\/span><b><span data-contrast=\"auto\">temp\u00e9ratures de fonctionnement<\/span><\/b><span data-contrast=\"auto\"> diff\u00e9rentes, selon la version choisie, avec 4 ou 8 carapins. En classe climatique 7, le pr\u00e9sentoir mobile garantit une excellente conservation des glaces \u00e0 des temp\u00e9ratures comprises entre &#8211; 16 \u00b0C et &#8211; 14 \u00b0C.\u00a0\u00a0<\/span><span data-ccp-props=\"{&quot;201341983&quot;:0,&quot;335559739&quot;:0,&quot;335559740&quot;:240}\">\u00a0<\/span><span data-ccp-props=\"{&quot;201341983&quot;:0,&quot;335559739&quot;:0,&quot;335559740&quot;:240}\">\u00a0<\/span><\/p>\n<h3>Pr\u00e9sentoirs avec syst\u00e8me de r\u00e9frig\u00e9ration ventil\u00e9<\/h3>\n<p><span class=\"EOP SCXW240017334 BCX0\" data-ccp-props=\"{&quot;201341983&quot;:0,&quot;335559739&quot;:0,&quot;335559740&quot;:240}\"><span class=\"TextRun SCXW97858667 BCX2\" lang=\"IT-IT\" xml:lang=\"IT-IT\" data-contrast=\"auto\"><span class=\"NormalTextRun SpellingErrorV2Themed SCXW97858667 BCX2\">Dans<\/span><span class=\"NormalTextRun SCXW97858667 BCX2\"> le <\/span><span class=\"NormalTextRun SpellingErrorV2Themed SCXW97858667 BCX2\">cas<\/span> <span class=\"NormalTextRun SpellingErrorV2Themed SCXW97858667 BCX2\">du<\/span> <\/span><span style=\"text-decoration: underline;\"><a href=\"https:\/\/www.isaitaly.com\/fr\/prodotto\/glaces-et-patisseries-fr\/vitrines-glace-professionnelles\/carrettino-classique\/\" target=\"_blank\" rel=\"noopener\"><strong><span class=\"TextRun Underlined SCXW97858667 BCX2\" lang=\"IT-IT\" xml:lang=\"IT-IT\" data-contrast=\"auto\"><span class=\"NormalTextRun SCXW97858667 BCX2\">Carrettino<\/span><\/span><\/strong><\/a><\/span><span class=\"TextRun SCXW97858667 BCX2\" lang=\"IT-IT\" xml:lang=\"IT-IT\" data-contrast=\"auto\"><span class=\"NormalTextRun SCXW97858667 BCX2\"><span style=\"text-decoration: underline;\">,<\/span> le charme vintage se double d&rsquo;une haute <\/span><span class=\"NormalTextRun SpellingErrorV2Themed SCXW97858667 BCX2\">qualit\u00e9<\/span><span class=\"NormalTextRun SCXW97858667 BCX2\"> technique. Le <\/span><span class=\"NormalTextRun SpellingErrorV2Themed SCXW97858667 BCX2\">corps<\/span> <span class=\"NormalTextRun SpellingErrorV2Themed SCXW97858667 BCX2\">monolithique<\/span><span class=\"NormalTextRun SCXW97858667 BCX2\"> de l&rsquo;<\/span><span class=\"NormalTextRun SpellingErrorV2Themed SCXW97858667 BCX2\">\u00e9cran<\/span><span class=\"NormalTextRun SCXW97858667 BCX2\"> est <\/span><span class=\"NormalTextRun SpellingErrorV2Themed SCXW97858667 BCX2\">isol\u00e9<\/span><span class=\"NormalTextRun SCXW97858667 BCX2\"> par <\/span><span class=\"NormalTextRun SpellingErrorV2Themed SCXW97858667 BCX2\">du<\/span> <span class=\"NormalTextRun SpellingErrorV2Themed SCXW97858667 BCX2\">polyur\u00e9thane<\/span> <span class=\"NormalTextRun SpellingErrorV2Themed SCXW97858667 BCX2\">expans\u00e9<\/span> <span class=\"NormalTextRun SpellingErrorV2Themed SCXW97858667 BCX2\">au<\/span><span class=\"NormalTextRun SCXW97858667 BCX2\"> CO2 <\/span><span class=\"NormalTextRun SpellingErrorV2Themed SCXW97858667 BCX2\">respectueux<\/span><span class=\"NormalTextRun SCXW97858667 BCX2\"> de l&rsquo;environnement (sans HCFC ni HFC), <\/span><span class=\"NormalTextRun SpellingErrorV2Themed SCXW97858667 BCX2\">tandis<\/span> <span class=\"NormalTextRun SpellingErrorV2Themed SCXW97858667 BCX2\">que<\/span><span class=\"NormalTextRun SCXW97858667 BCX2\"> l&rsquo;<\/span><span class=\"NormalTextRun SpellingErrorV2Themed SCXW97858667 BCX2\">unit\u00e9<\/span><span class=\"NormalTextRun SCXW97858667 BCX2\"> de <\/span><span class=\"NormalTextRun SpellingErrorV2Themed SCXW97858667 BCX2\">condensation<\/span> <span class=\"NormalTextRun SpellingErrorV2Themed SCXW97858667 BCX2\">embarqu\u00e9e<\/span><span class=\"NormalTextRun SCXW97858667 BCX2\"> est <\/span><span class=\"NormalTextRun SpellingErrorV2Themed SCXW97858667 BCX2\">dot\u00e9e<\/span><span class=\"NormalTextRun SCXW97858667 BCX2\"> d&rsquo;un <\/span><span class=\"NormalTextRun SpellingErrorV2Themed SCXW97858667 BCX2\">syst\u00e8me<\/span><span class=\"NormalTextRun SCXW97858667 BCX2\"> efficace de <\/span><\/span><span class=\"TextRun SCXW97858667 BCX2\" lang=\"IT-IT\" xml:lang=\"IT-IT\" data-contrast=\"auto\"><span class=\"NormalTextRun SpellingErrorV2Themed SCXW97858667 BCX2\">r\u00e9frig\u00e9ration<\/span> <span class=\"NormalTextRun SpellingErrorV2Themed SCXW97858667 BCX2\">ventil\u00e9e<\/span><\/span><span class=\"TextRun SCXW97858667 BCX2\" lang=\"IT-IT\" xml:lang=\"IT-IT\" data-contrast=\"auto\"><span class=\"NormalTextRun SCXW97858667 BCX2\">. La <\/span><span class=\"NormalTextRun SpellingErrorV2Themed SCXW97858667 BCX2\">stabilit\u00e9<\/span><span class=\"NormalTextRun SCXW97858667 BCX2\"> de la <\/span><span class=\"NormalTextRun SpellingErrorV2Themed SCXW97858667 BCX2\">temp\u00e9rature<\/span><span class=\"NormalTextRun SCXW97858667 BCX2\"> et la <\/span><span class=\"NormalTextRun SpellingErrorV2Themed SCXW97858667 BCX2\">conservation<\/span> <span class=\"NormalTextRun SpellingErrorV2Themed SCXW97858667 BCX2\">des<\/span> <span class=\"NormalTextRun SpellingErrorV2Themed SCXW97858667 BCX2\">glaces<\/span> <span class=\"NormalTextRun SpellingErrorV2Themed SCXW97858667 BCX2\">sont<\/span> <span class=\"NormalTextRun SpellingErrorV2Themed SCXW97858667 BCX2\">optimis\u00e9es<\/span><span class=\"NormalTextRun SCXW97858667 BCX2\"> par le <\/span><\/span><span style=\"text-decoration: underline;\"><a href=\"https:\/\/www.isaitaly.com\/fr\/prodotto\/glaces-et-patisseries-fr\/vitrines-glace-professionnelles\/carrettino-carapine\/\" target=\"_blank\" rel=\"noopener\"><strong><span class=\"TextRun Underlined SCXW97858667 BCX2\" lang=\"IT-IT\" xml:lang=\"IT-IT\" data-contrast=\"auto\"><span class=\"NormalTextRun SCXW97858667 BCX2\">Carrettino <\/span><span class=\"NormalTextRun SpellingErrorV2Themed SCXW97858667 BCX2\">Carapine<\/span><\/span><\/strong><\/a><\/span><span class=\"TextRun SCXW97858667 BCX2\" lang=\"IT-IT\" xml:lang=\"IT-IT\" data-contrast=\"auto\"><span class=\"NormalTextRun SCXW97858667 BCX2\">, une <\/span><span class=\"NormalTextRun SpellingErrorV2Themed SCXW97858667 BCX2\">r\u00e9interpr\u00e9tation<\/span> <span class=\"NormalTextRun SpellingErrorV2Themed SCXW97858667 BCX2\">du<\/span> <\/span><span class=\"TextRun SCXW97858667 BCX2\" lang=\"IT-IT\" xml:lang=\"IT-IT\" data-contrast=\"auto\"><span class=\"NormalTextRun SpellingErrorV2Themed SCXW97858667 BCX2\">chariot<\/span> <span class=\"NormalTextRun SpellingErrorV2Themed SCXW97858667 BCX2\">coffre<\/span> <span class=\"NormalTextRun SpellingErrorV2Themed SCXW97858667 BCX2\">r\u00e9frig\u00e9r\u00e9<\/span><\/span><span class=\"TextRun SCXW97858667 BCX2\" lang=\"IT-IT\" xml:lang=\"IT-IT\" data-contrast=\"auto\"><span class=\"NormalTextRun SCXW97858667 BCX2\">. En classe <\/span><span class=\"NormalTextRun SpellingErrorV2Themed SCXW97858667 BCX2\">climatique<\/span><span class=\"NormalTextRun SCXW97858667 BCX2\"> 4, <\/span><span class=\"NormalTextRun ContextualSpellingAndGrammarErrorV2Themed SCXW97858667 BCX2\">il est<\/span> <span class=\"NormalTextRun SpellingErrorV2Themed SCXW97858667 BCX2\">id\u00e9al<\/span><span class=\"NormalTextRun SCXW97858667 BCX2\"> pour <\/span><span class=\"NormalTextRun SpellingErrorV2Themed SCXW97858667 BCX2\">les<\/span> <span class=\"NormalTextRun SpellingErrorV2Themed SCXW97858667 BCX2\">installations<\/span> <span class=\"NormalTextRun SpellingErrorV2Themed SCXW97858667 BCX2\">autoportantes<\/span><span class=\"NormalTextRun SCXW97858667 BCX2\"> et <\/span><span class=\"NormalTextRun SpellingErrorV2Themed SCXW97858667 BCX2\">promotionnelles<\/span><span class=\"NormalTextRun SCXW97858667 BCX2\">, <\/span><span class=\"NormalTextRun SpellingErrorV2Themed SCXW97858667 BCX2\">m\u00eame<\/span> <span class=\"NormalTextRun SpellingErrorV2Themed SCXW97858667 BCX2\">dans<\/span> <span class=\"NormalTextRun SpellingErrorV2Themed SCXW97858667 BCX2\">des<\/span> <\/span><span class=\"TextRun SCXW97858667 BCX2\" lang=\"IT-IT\" xml:lang=\"IT-IT\" data-contrast=\"auto\"><span class=\"NormalTextRun SpellingErrorV2Themed SCXW97858667 BCX2\">conditions<\/span> <span class=\"NormalTextRun SpellingErrorV2Themed SCXW97858667 BCX2\">ambiantes<\/span><\/span><span class=\"TextRun SCXW97858667 BCX2\" lang=\"IT-IT\" xml:lang=\"IT-IT\" data-contrast=\"auto\"> <span class=\"NormalTextRun SpellingErrorV2Themed SCXW97858667 BCX2\">difficiles<\/span><span class=\"NormalTextRun SCXW97858667 BCX2\"> en <\/span><span class=\"NormalTextRun SpellingErrorV2Themed SCXW97858667 BCX2\">termes<\/span><span class=\"NormalTextRun SCXW97858667 BCX2\"> d&rsquo;<\/span><span class=\"NormalTextRun SpellingErrorV2Themed SCXW97858667 BCX2\">humidit\u00e9<\/span><span class=\"NormalTextRun SCXW97858667 BCX2\"> et de <\/span><span class=\"NormalTextRun SpellingErrorV2Themed SCXW97858667 BCX2\">temp\u00e9rature<\/span><\/span><\/span><\/p>\n<p><img loading=\"lazy\" decoding=\"async\" class=\"wp-image-5813 size-full\" src=\"https:\/\/www.isaitaly.com\/wp-content\/uploads\/2018\/12\/ISA-CARRETTINO-CLAS-72-RGB-2-1.jpg\" alt=\"vetrina-gelato-promozionale-carrettino-classic-2\" width=\"2000\" height=\"2000\" srcset=\"https:\/\/www.isaitaly.com\/wp-content\/uploads\/2018\/12\/ISA-CARRETTINO-CLAS-72-RGB-2-1.jpg 2000w, https:\/\/www.isaitaly.com\/wp-content\/uploads\/2018\/12\/ISA-CARRETTINO-CLAS-72-RGB-2-1-300x300.jpg 300w, https:\/\/www.isaitaly.com\/wp-content\/uploads\/2018\/12\/ISA-CARRETTINO-CLAS-72-RGB-2-1-768x768.jpg 768w, https:\/\/www.isaitaly.com\/wp-content\/uploads\/2018\/12\/ISA-CARRETTINO-CLAS-72-RGB-2-1-1024x1024.jpg 1024w, https:\/\/www.isaitaly.com\/wp-content\/uploads\/2018\/12\/ISA-CARRETTINO-CLAS-72-RGB-2-1-1080x1080.jpg 1080w\" sizes=\"auto, (max-width: 2000px) 100vw, 2000px\" \/><\/p>\n<h3><span class=\"TextRun SCXW92083798 BCX0\" lang=\"IT-IT\" xml:lang=\"IT-IT\" data-contrast=\"auto\"><span class=\"NormalTextRun SCXW92083798 BCX0\"><span class=\"TextRun SCXW119465849 BCX2\" lang=\"IT-IT\" xml:lang=\"IT-IT\" data-contrast=\"auto\"><span class=\"NormalTextRun SCXW119465849 BCX2\">Design e <\/span><span class=\"NormalTextRun SpellingErrorV2Themed SCXW119465849 BCX2\">optionnel<\/span><\/span><\/span><\/span><\/h3>\n<p><span data-contrast=\"auto\">L&rsquo;esth\u00e9tique joue un r\u00f4le tout aussi important dans la vente de glaces dans la rue, tout comme le souci du d\u00e9tail. Les glaces du pr\u00eat-\u00e0-porter \u00e9voquent presque in\u00e9vitablement des atmosph\u00e8res nostalgiques. Le Carrettino Classic et Il Carrettino Carapine sont un hommage explicite au chariot \u00e0 glace traditionnel, une ic\u00f4ne intemporelle, gr\u00e2ce \u00e0 des d\u00e9tails tels que l&rsquo;auvent \u00e0 parasol pliable. Outre l&rsquo;efficacit\u00e9 du syst\u00e8me de r\u00e9frig\u00e9ration, l&rsquo;aspect pratique est assur\u00e9 par des caract\u00e9ristiques telles que le cadre de fen\u00eatre amovible pour un nettoyage optimal, le contr\u00f4le \u00e9lectronique de la temp\u00e9rature et le syst\u00e8me d&rsquo;\u00e9clairage LED. La maniabilit\u00e9 est facilit\u00e9e par la roue avant pivotante avec frein de stationnement.\u00a0\u00a0<\/span><span data-ccp-props=\"{&quot;201341983&quot;:0,&quot;335559739&quot;:0,&quot;335559740&quot;:240}\">\u00a0<\/span><span data-ccp-props=\"{&quot;201341983&quot;:0,&quot;335559739&quot;:0,&quot;335559740&quot;:240}\">\u00a0<\/span><\/p>\n<p><span data-contrast=\"auto\">Parmi les points forts du Gelataio, il y a la possibilit\u00e9 de personnaliser la surface en appliquant des <\/span><b><span data-contrast=\"auto\">graphiques personnalis\u00e9s<\/span><\/b><span data-contrast=\"auto\"> sur toute la hauteur avec les motifs et les logos de votre choix, comme alternative \u00e0 la version neutre en acier inoxydable avec finition miroir. La qualit\u00e9 esth\u00e9tique se manifeste \u00e9galement dans l&rsquo;utilisation de mat\u00e9riaux haut de gamme, comme le Corian qui recouvre le plan de travail. Le design brevet\u00e9 parle de lui-m\u00eame : c&rsquo;est un petit chef-d&rsquo;\u0153uvre d&rsquo;essentialit\u00e9 qui projette le style d&rsquo;antan dans le pr\u00e9sent. Le comptoir r\u00e9frig\u00e9r\u00e9 peut \u00e9galement \u00eatre \u00e9quip\u00e9 d&rsquo;un comptoir et d&rsquo;un plan de travail. Dans tous les cas, le charme r\u00e9tro est garanti, tout comme le grand soin apport\u00e9 au service.<\/span><\/p>\n","protected":false},"excerpt":{"rendered":"<p>La vente de glaces en plein air est un art ancien qui se perp\u00e9tue aujourd&rsquo;hui gr\u00e2ce \u00e0 des \u00e9quipements de pointe. Les stands de glaces en plein air \u00e9voquent le charme des temps pass\u00e9s : le chariot \u00e0 glaces savait faire le bonheur des petits et des grands, en appelant tout le monde \u00e0 c\u00e9l\u00e9brer un rite estival typiquement italien.<\/p>\n","protected":false},"author":3,"featured_media":81739,"comment_status":"open","ping_status":"open","sticky":false,"template":"","format":"standard","meta":{"_et_pb_use_builder":"","_et_pb_old_content":"","_et_gb_content_width":"","footnotes":""},"categories":[936,878],"tags":[],"class_list":["post-81744","post","type-post","status-publish","format-standard","has-post-thumbnail","hentry","category-nouvelles","category-glaces-et-patisseries"],"acf":[],"yoast_head":"<!-- This site is optimized with the Yoast SEO plugin v26.8 - https:\/\/yoast.com\/product\/yoast-seo-wordpress\/ -->\n<title>Vente mobile de glaces : l&#039;\u00e9quipement | ISA Italy<\/title>\n<meta name=\"description\" content=\"Quels sont les \u00e9quipements les plus pratiques et les comptoirs r\u00e9frig\u00e9r\u00e9s les plus innovants pour la vente ambulante de glaces ? D\u00e9couvrez toute la qualit\u00e9 de la signature ISA.\" \/>\n<meta name=\"robots\" content=\"index, follow, max-snippet:-1, max-image-preview:large, max-video-preview:-1\" \/>\n<link rel=\"canonical\" href=\"https:\/\/www.isaitaly.com\/fr\/vente-mobile-de-glaces-tout-ce-que-vous-devez-savoir\/\" \/>\n<meta property=\"og:locale\" content=\"fr_FR\" \/>\n<meta property=\"og:type\" content=\"article\" \/>\n<meta property=\"og:title\" content=\"Vente mobile de glaces : l&#039;\u00e9quipement | ISA Italy\" \/>\n<meta property=\"og:description\" content=\"Quels sont les \u00e9quipements les plus pratiques et les comptoirs r\u00e9frig\u00e9r\u00e9s les plus innovants pour la vente ambulante de glaces ? D\u00e9couvrez toute la qualit\u00e9 de la signature ISA.\" \/>\n<meta property=\"og:url\" content=\"https:\/\/www.isaitaly.com\/fr\/vente-mobile-de-glaces-tout-ce-que-vous-devez-savoir\/\" \/>\n<meta property=\"og:site_name\" content=\"ISA\" \/>\n<meta property=\"article:published_time\" content=\"2022-07-21T09:42:23+00:00\" \/>\n<meta property=\"article:modified_time\" content=\"2022-07-21T09:51:46+00:00\" \/>\n<meta property=\"og:image\" content=\"https:\/\/www.isaitaly.com\/wp-content\/uploads\/2022\/07\/il-carrettino-isa_ambientata.png\" \/>\n\t<meta property=\"og:image:width\" content=\"960\" \/>\n\t<meta property=\"og:image:height\" content=\"720\" \/>\n\t<meta property=\"og:image:type\" content=\"image\/png\" \/>\n<meta name=\"author\" content=\"Chiara Ragni\" \/>\n<meta name=\"twitter:card\" content=\"summary_large_image\" \/>\n<meta name=\"twitter:label1\" content=\"\u00c9crit par\" \/>\n\t<meta name=\"twitter:data1\" content=\"Chiara Ragni\" \/>\n\t<meta name=\"twitter:label2\" content=\"Dur\u00e9e de lecture estim\u00e9e\" \/>\n\t<meta name=\"twitter:data2\" content=\"3 minutes\" \/>\n<script type=\"application\/ld+json\" class=\"yoast-schema-graph\">{\"@context\":\"https:\/\/schema.org\",\"@graph\":[{\"@type\":\"Article\",\"@id\":\"https:\/\/www.isaitaly.com\/fr\/vente-mobile-de-glaces-tout-ce-que-vous-devez-savoir\/#article\",\"isPartOf\":{\"@id\":\"https:\/\/www.isaitaly.com\/fr\/vente-mobile-de-glaces-tout-ce-que-vous-devez-savoir\/\"},\"author\":{\"name\":\"Chiara Ragni\",\"@id\":\"https:\/\/www.isaitaly.com\/it\/#\/schema\/person\/a037a937bb57eff6090f0fb3a141652f\"},\"headline\":\"Vente mobile de glaces : tout ce que vous devez savoir\",\"datePublished\":\"2022-07-21T09:42:23+00:00\",\"dateModified\":\"2022-07-21T09:51:46+00:00\",\"mainEntityOfPage\":{\"@id\":\"https:\/\/www.isaitaly.com\/fr\/vente-mobile-de-glaces-tout-ce-que-vous-devez-savoir\/\"},\"wordCount\":702,\"commentCount\":0,\"image\":{\"@id\":\"https:\/\/www.isaitaly.com\/fr\/vente-mobile-de-glaces-tout-ce-que-vous-devez-savoir\/#primaryimage\"},\"thumbnailUrl\":\"https:\/\/www.isaitaly.com\/wp-content\/uploads\/2022\/07\/il-carrettino-isa_ambientata.png\",\"articleSection\":[\"Nouvelles\",\"Glaces et p\u00e2tisseries\"],\"inLanguage\":\"fr-FR\",\"potentialAction\":[{\"@type\":\"CommentAction\",\"name\":\"Comment\",\"target\":[\"https:\/\/www.isaitaly.com\/fr\/vente-mobile-de-glaces-tout-ce-que-vous-devez-savoir\/#respond\"]}]},{\"@type\":\"WebPage\",\"@id\":\"https:\/\/www.isaitaly.com\/fr\/vente-mobile-de-glaces-tout-ce-que-vous-devez-savoir\/\",\"url\":\"https:\/\/www.isaitaly.com\/fr\/vente-mobile-de-glaces-tout-ce-que-vous-devez-savoir\/\",\"name\":\"Vente mobile de glaces : l'\u00e9quipement | ISA Italy\",\"isPartOf\":{\"@id\":\"https:\/\/www.isaitaly.com\/it\/#website\"},\"primaryImageOfPage\":{\"@id\":\"https:\/\/www.isaitaly.com\/fr\/vente-mobile-de-glaces-tout-ce-que-vous-devez-savoir\/#primaryimage\"},\"image\":{\"@id\":\"https:\/\/www.isaitaly.com\/fr\/vente-mobile-de-glaces-tout-ce-que-vous-devez-savoir\/#primaryimage\"},\"thumbnailUrl\":\"https:\/\/www.isaitaly.com\/wp-content\/uploads\/2022\/07\/il-carrettino-isa_ambientata.png\",\"datePublished\":\"2022-07-21T09:42:23+00:00\",\"dateModified\":\"2022-07-21T09:51:46+00:00\",\"author\":{\"@id\":\"https:\/\/www.isaitaly.com\/it\/#\/schema\/person\/a037a937bb57eff6090f0fb3a141652f\"},\"description\":\"Quels sont les \u00e9quipements les plus pratiques et les comptoirs r\u00e9frig\u00e9r\u00e9s les plus innovants pour la vente ambulante de glaces ? D\u00e9couvrez toute la qualit\u00e9 de la signature ISA.\",\"breadcrumb\":{\"@id\":\"https:\/\/www.isaitaly.com\/fr\/vente-mobile-de-glaces-tout-ce-que-vous-devez-savoir\/#breadcrumb\"},\"inLanguage\":\"fr-FR\",\"potentialAction\":[{\"@type\":\"ReadAction\",\"target\":[\"https:\/\/www.isaitaly.com\/fr\/vente-mobile-de-glaces-tout-ce-que-vous-devez-savoir\/\"]}]},{\"@type\":\"ImageObject\",\"inLanguage\":\"fr-FR\",\"@id\":\"https:\/\/www.isaitaly.com\/fr\/vente-mobile-de-glaces-tout-ce-que-vous-devez-savoir\/#primaryimage\",\"url\":\"https:\/\/www.isaitaly.com\/wp-content\/uploads\/2022\/07\/il-carrettino-isa_ambientata.png\",\"contentUrl\":\"https:\/\/www.isaitaly.com\/wp-content\/uploads\/2022\/07\/il-carrettino-isa_ambientata.png\",\"width\":960,\"height\":720},{\"@type\":\"BreadcrumbList\",\"@id\":\"https:\/\/www.isaitaly.com\/fr\/vente-mobile-de-glaces-tout-ce-que-vous-devez-savoir\/#breadcrumb\",\"itemListElement\":[{\"@type\":\"ListItem\",\"position\":1,\"name\":\"Home\",\"item\":\"https:\/\/www.isaitaly.com\/it\/\"},{\"@type\":\"ListItem\",\"position\":2,\"name\":\"Vente mobile de glaces : tout ce que vous devez savoir\"}]},{\"@type\":\"WebSite\",\"@id\":\"https:\/\/www.isaitaly.com\/it\/#website\",\"url\":\"https:\/\/www.isaitaly.com\/it\/\",\"name\":\"ISA\",\"description\":\"\",\"potentialAction\":[{\"@type\":\"SearchAction\",\"target\":{\"@type\":\"EntryPoint\",\"urlTemplate\":\"https:\/\/www.isaitaly.com\/it\/?s={search_term_string}\"},\"query-input\":{\"@type\":\"PropertyValueSpecification\",\"valueRequired\":true,\"valueName\":\"search_term_string\"}}],\"inLanguage\":\"fr-FR\"},{\"@type\":\"Person\",\"@id\":\"https:\/\/www.isaitaly.com\/it\/#\/schema\/person\/a037a937bb57eff6090f0fb3a141652f\",\"name\":\"Chiara Ragni\",\"image\":{\"@type\":\"ImageObject\",\"inLanguage\":\"fr-FR\",\"@id\":\"https:\/\/www.isaitaly.com\/it\/#\/schema\/person\/image\/\",\"url\":\"https:\/\/secure.gravatar.com\/avatar\/beac86d476d522474ef1f9de9fb8dc49?s=96&d=mm&r=g\",\"contentUrl\":\"https:\/\/secure.gravatar.com\/avatar\/beac86d476d522474ef1f9de9fb8dc49?s=96&d=mm&r=g\",\"caption\":\"Chiara Ragni\"},\"url\":\"https:\/\/www.isaitaly.com\/fr\/author\/chiara-ragni\/\"}]}<\/script>\n<!-- \/ Yoast SEO plugin. -->","yoast_head_json":{"title":"Vente mobile de glaces : l'\u00e9quipement | ISA Italy","description":"Quels sont les \u00e9quipements les plus pratiques et les comptoirs r\u00e9frig\u00e9r\u00e9s les plus innovants pour la vente ambulante de glaces ? D\u00e9couvrez toute la qualit\u00e9 de la signature ISA.","robots":{"index":"index","follow":"follow","max-snippet":"max-snippet:-1","max-image-preview":"max-image-preview:large","max-video-preview":"max-video-preview:-1"},"canonical":"https:\/\/www.isaitaly.com\/fr\/vente-mobile-de-glaces-tout-ce-que-vous-devez-savoir\/","og_locale":"fr_FR","og_type":"article","og_title":"Vente mobile de glaces : l'\u00e9quipement | ISA Italy","og_description":"Quels sont les \u00e9quipements les plus pratiques et les comptoirs r\u00e9frig\u00e9r\u00e9s les plus innovants pour la vente ambulante de glaces ? D\u00e9couvrez toute la qualit\u00e9 de la signature ISA.","og_url":"https:\/\/www.isaitaly.com\/fr\/vente-mobile-de-glaces-tout-ce-que-vous-devez-savoir\/","og_site_name":"ISA","article_published_time":"2022-07-21T09:42:23+00:00","article_modified_time":"2022-07-21T09:51:46+00:00","og_image":[{"width":960,"height":720,"url":"https:\/\/www.isaitaly.com\/wp-content\/uploads\/2022\/07\/il-carrettino-isa_ambientata.png","type":"image\/png"}],"author":"Chiara Ragni","twitter_card":"summary_large_image","twitter_misc":{"\u00c9crit par":"Chiara Ragni","Dur\u00e9e de lecture estim\u00e9e":"3 minutes"},"schema":{"@context":"https:\/\/schema.org","@graph":[{"@type":"Article","@id":"https:\/\/www.isaitaly.com\/fr\/vente-mobile-de-glaces-tout-ce-que-vous-devez-savoir\/#article","isPartOf":{"@id":"https:\/\/www.isaitaly.com\/fr\/vente-mobile-de-glaces-tout-ce-que-vous-devez-savoir\/"},"author":{"name":"Chiara Ragni","@id":"https:\/\/www.isaitaly.com\/it\/#\/schema\/person\/a037a937bb57eff6090f0fb3a141652f"},"headline":"Vente mobile de glaces : tout ce que vous devez savoir","datePublished":"2022-07-21T09:42:23+00:00","dateModified":"2022-07-21T09:51:46+00:00","mainEntityOfPage":{"@id":"https:\/\/www.isaitaly.com\/fr\/vente-mobile-de-glaces-tout-ce-que-vous-devez-savoir\/"},"wordCount":702,"commentCount":0,"image":{"@id":"https:\/\/www.isaitaly.com\/fr\/vente-mobile-de-glaces-tout-ce-que-vous-devez-savoir\/#primaryimage"},"thumbnailUrl":"https:\/\/www.isaitaly.com\/wp-content\/uploads\/2022\/07\/il-carrettino-isa_ambientata.png","articleSection":["Nouvelles","Glaces et p\u00e2tisseries"],"inLanguage":"fr-FR","potentialAction":[{"@type":"CommentAction","name":"Comment","target":["https:\/\/www.isaitaly.com\/fr\/vente-mobile-de-glaces-tout-ce-que-vous-devez-savoir\/#respond"]}]},{"@type":"WebPage","@id":"https:\/\/www.isaitaly.com\/fr\/vente-mobile-de-glaces-tout-ce-que-vous-devez-savoir\/","url":"https:\/\/www.isaitaly.com\/fr\/vente-mobile-de-glaces-tout-ce-que-vous-devez-savoir\/","name":"Vente mobile de glaces : l'\u00e9quipement | ISA Italy","isPartOf":{"@id":"https:\/\/www.isaitaly.com\/it\/#website"},"primaryImageOfPage":{"@id":"https:\/\/www.isaitaly.com\/fr\/vente-mobile-de-glaces-tout-ce-que-vous-devez-savoir\/#primaryimage"},"image":{"@id":"https:\/\/www.isaitaly.com\/fr\/vente-mobile-de-glaces-tout-ce-que-vous-devez-savoir\/#primaryimage"},"thumbnailUrl":"https:\/\/www.isaitaly.com\/wp-content\/uploads\/2022\/07\/il-carrettino-isa_ambientata.png","datePublished":"2022-07-21T09:42:23+00:00","dateModified":"2022-07-21T09:51:46+00:00","author":{"@id":"https:\/\/www.isaitaly.com\/it\/#\/schema\/person\/a037a937bb57eff6090f0fb3a141652f"},"description":"Quels sont les \u00e9quipements les plus pratiques et les comptoirs r\u00e9frig\u00e9r\u00e9s les plus innovants pour la vente ambulante de glaces ? D\u00e9couvrez toute la qualit\u00e9 de la signature ISA.","breadcrumb":{"@id":"https:\/\/www.isaitaly.com\/fr\/vente-mobile-de-glaces-tout-ce-que-vous-devez-savoir\/#breadcrumb"},"inLanguage":"fr-FR","potentialAction":[{"@type":"ReadAction","target":["https:\/\/www.isaitaly.com\/fr\/vente-mobile-de-glaces-tout-ce-que-vous-devez-savoir\/"]}]},{"@type":"ImageObject","inLanguage":"fr-FR","@id":"https:\/\/www.isaitaly.com\/fr\/vente-mobile-de-glaces-tout-ce-que-vous-devez-savoir\/#primaryimage","url":"https:\/\/www.isaitaly.com\/wp-content\/uploads\/2022\/07\/il-carrettino-isa_ambientata.png","contentUrl":"https:\/\/www.isaitaly.com\/wp-content\/uploads\/2022\/07\/il-carrettino-isa_ambientata.png","width":960,"height":720},{"@type":"BreadcrumbList","@id":"https:\/\/www.isaitaly.com\/fr\/vente-mobile-de-glaces-tout-ce-que-vous-devez-savoir\/#breadcrumb","itemListElement":[{"@type":"ListItem","position":1,"name":"Home","item":"https:\/\/www.isaitaly.com\/it\/"},{"@type":"ListItem","position":2,"name":"Vente mobile de glaces : tout ce que vous devez savoir"}]},{"@type":"WebSite","@id":"https:\/\/www.isaitaly.com\/it\/#website","url":"https:\/\/www.isaitaly.com\/it\/","name":"ISA","description":"","potentialAction":[{"@type":"SearchAction","target":{"@type":"EntryPoint","urlTemplate":"https:\/\/www.isaitaly.com\/it\/?s={search_term_string}"},"query-input":{"@type":"PropertyValueSpecification","valueRequired":true,"valueName":"search_term_string"}}],"inLanguage":"fr-FR"},{"@type":"Person","@id":"https:\/\/www.isaitaly.com\/it\/#\/schema\/person\/a037a937bb57eff6090f0fb3a141652f","name":"Chiara Ragni","image":{"@type":"ImageObject","inLanguage":"fr-FR","@id":"https:\/\/www.isaitaly.com\/it\/#\/schema\/person\/image\/","url":"https:\/\/secure.gravatar.com\/avatar\/beac86d476d522474ef1f9de9fb8dc49?s=96&d=mm&r=g","contentUrl":"https:\/\/secure.gravatar.com\/avatar\/beac86d476d522474ef1f9de9fb8dc49?s=96&d=mm&r=g","caption":"Chiara Ragni"},"url":"https:\/\/www.isaitaly.com\/fr\/author\/chiara-ragni\/"}]}},"_links":{"self":[{"href":"https:\/\/www.isaitaly.com\/fr\/wp-json\/wp\/v2\/posts\/81744","targetHints":{"allow":["GET"]}}],"collection":[{"href":"https:\/\/www.isaitaly.com\/fr\/wp-json\/wp\/v2\/posts"}],"about":[{"href":"https:\/\/www.isaitaly.com\/fr\/wp-json\/wp\/v2\/types\/post"}],"author":[{"embeddable":true,"href":"https:\/\/www.isaitaly.com\/fr\/wp-json\/wp\/v2\/users\/3"}],"replies":[{"embeddable":true,"href":"https:\/\/www.isaitaly.com\/fr\/wp-json\/wp\/v2\/comments?post=81744"}],"version-history":[{"count":8,"href":"https:\/\/www.isaitaly.com\/fr\/wp-json\/wp\/v2\/posts\/81744\/revisions"}],"predecessor-version":[{"id":81780,"href":"https:\/\/www.isaitaly.com\/fr\/wp-json\/wp\/v2\/posts\/81744\/revisions\/81780"}],"wp:featuredmedia":[{"embeddable":true,"href":"https:\/\/www.isaitaly.com\/fr\/wp-json\/wp\/v2\/media\/81739"}],"wp:attachment":[{"href":"https:\/\/www.isaitaly.com\/fr\/wp-json\/wp\/v2\/media?parent=81744"}],"wp:term":[{"taxonomy":"category","embeddable":true,"href":"https:\/\/www.isaitaly.com\/fr\/wp-json\/wp\/v2\/categories?post=81744"},{"taxonomy":"post_tag","embeddable":true,"href":"https:\/\/www.isaitaly.com\/fr\/wp-json\/wp\/v2\/tags?post=81744"}],"curies":[{"name":"wp","href":"https:\/\/api.w.org\/{rel}","templated":true}]}}