{"id":76964,"date":"2022-04-11T15:43:59","date_gmt":"2022-04-11T13:43:59","guid":{"rendered":"https:\/\/www.isaitaly.com\/come-conservare-il-gelato-artigianale-e-confezionato\/"},"modified":"2022-04-12T16:05:50","modified_gmt":"2022-04-12T14:05:50","slug":"comment-conserver-les-glaces-artisanales-et-conditionnees","status":"publish","type":"post","link":"https:\/\/www.isaitaly.com\/fr\/comment-conserver-les-glaces-artisanales-et-conditionnees\/","title":{"rendered":"Comment conserver les glaces artisanales et conditionn\u00e9es?"},"content":{"rendered":"<p>La qualit\u00e9 de la cr\u00e8me glac\u00e9e est une cons\u00e9quence directe non seulement de la mati\u00e8re premi\u00e8re, mais aussi de la fa\u00e7on dont elle est conserv\u00e9e. Il est important de suivre les bonnes \u00e9tapes, non seulement pour maintenir la qualit\u00e9 esth\u00e9tique du produit, mais aussi pour pr\u00e9server le plaisir de la d\u00e9gustation. Tant pendant le stockage que pendant la pr\u00e9sentation sur le lieu de vente, il est essentiel de veiller \u00e0 ce que la glace ne perde pas sa fra\u00eecheur, son volume et sa consistance optimale. Quels sont les principaux aspects \u00e0 prendre en compte lors de la conservation des glaces artisanales et emball\u00e9es?<\/p>\n<h2>Cr\u00e8me glac\u00e9e artisanale: stockage<\/h2>\n<p>La temp\u00e9rature de stockage des glaces, comme on le sait, influence leur aspect et leurs caract\u00e9ristiques organoleptiques, tout comme le taux d&rsquo;humidit\u00e9. La plage de temp\u00e9rature est g\u00e9n\u00e9ralement comprise entre <strong>-18\u00b0 C et -11\u00b0 C<\/strong>, en fonction des exigences et de la dur\u00e9e de stockage pr\u00e9vue. Combien de temps une cr\u00e8me glac\u00e9e peut-elle rester dans le cong\u00e9lateur ? Les <span style=\"text-decoration: underline;\"><a href=\"\/?page_id=70391\" target=\"_blank\" rel=\"noopener\"><strong>refroidisseurs professionnels<\/strong><\/a><\/span> utilis\u00e9s dans le laboratoire minimisent la quantit\u00e9 d&rsquo;eau non congel\u00e9e et, par cons\u00e9quent, les changements affectant la structure du produit, garantissant des temps de stockage assez longs. Le cas des <a href=\"\/?page_id=70278\" target=\"_blank\" rel=\"noopener\"><strong>comptoirs r\u00e9frig\u00e9r\u00e9s<\/strong><\/a> et des pr\u00e9sentoirs avec des temp\u00e9ratures n\u00e9gatives plus \u00e9lev\u00e9es est diff\u00e9rent, o\u00f9 la glace artisanale peut r\u00e9sister pendant quelques jours avant de subir l&rsquo;in\u00e9vitable processus d&rsquo;oxydation. Un argument similaire peut \u00eatre avanc\u00e9 pour la temp\u00e9rature de stockage des glaces emball\u00e9es, qui subissent diff\u00e9rentes \u00e9tapes de refroidissement et de cong\u00e9lation avant d&rsquo;\u00eatre stock\u00e9es dans une chambre froide, avec une temp\u00e9rature d&rsquo;environ -18\u00b0C, voire plus dans le cas des <a href=\"https:\/\/www.isaitaly.com\/fr\/glaces-et-patisseries\/vitrines-professionnelles-pour-cremes-glaceesali\/\" target=\"_blank\" rel=\"noopener\"><strong>vitrines de glaces<\/strong><\/a> destin\u00e9es \u00e0 la vente au public.<\/p>\n<h2>Comment conserver au mieux les glaces<\/h2>\n<p>Sur le plan esth\u00e9tique, un stockage inefficace des glaces peut entra\u00eener une perte de volume et d&rsquo;onctuosit\u00e9, la formation de cristaux et d&rsquo;autres d\u00e9fauts dus aux chocs thermiques. L&rsquo;objectif est de garantir l&rsquo;<strong>homog\u00e9n\u00e9it\u00e9 de la temp\u00e9rature<\/strong>, en prot\u00e9geant autant que possible les bacs et les pr\u00e9sentoirs des changements brusques provoqu\u00e9s par l&rsquo;ouverture et la fermeture des compartiments r\u00e9frig\u00e9r\u00e9s. Il est pr\u00e9f\u00e9rable d&rsquo;opter pour des vitrines \u00e0 glaces dot\u00e9es d&rsquo;un <strong>syst\u00e8me ventil\u00e9<\/strong> qui, par rapport au refroidissement statique, garantit une distribution plus uniforme de l&rsquo;air.<\/p>\n<p><img loading=\"lazy\" decoding=\"async\" class=\"size-full wp-image-76880 alignnone\" src=\"https:\/\/www.isaitaly.com\/wp-content\/uploads\/2022\/04\/oneshow-1.png\" alt=\"\" width=\"950\" height=\"634\" srcset=\"https:\/\/www.isaitaly.com\/wp-content\/uploads\/2022\/04\/oneshow-1.png 950w, https:\/\/www.isaitaly.com\/wp-content\/uploads\/2022\/04\/oneshow-1-480x320.png 480w\" sizes=\"auto, (min-width: 0px) and (max-width: 480px) 480px, (min-width: 481px) 950px, 100vw\" \/><\/p>\n<p>Les ventilateurs \u00e0 haut rendement &#8211; tels que ceux utilis\u00e9s dans les vitrines haut de gamme <strong><span style=\"text-decoration: underline;\"><a href=\"https:\/\/www.isaitaly.com\/fr\/prodotto\/glaces-et-patisseries-fr\/vitrines-glace-professionnelles\/stratos\/\" target=\"_blank\" rel=\"noopener\">Stratos<\/a><\/span> d&rsquo;ISA<\/strong> &#8211; assurent une r\u00e9frig\u00e9ration douce et sont, en m\u00eame temps, une garantie d&rsquo;\u00e9conomies d&rsquo;\u00e9nergie. Un autre facteur important \u00e0 prendre en compte est le syst\u00e8me de d\u00e9givrage : la technologie \u00e0 cycle invers\u00e9 permet non seulement de ne pas alt\u00e9rer la surface de la glace, mais aussi de r\u00e9duire la consommation et les temps de <strong>d\u00e9givrage automatique<\/strong>. Bien entendu, le <strong>syst\u00e8me d&rsquo;isolation<\/strong> des vitrines, qui d\u00e9termine la classe \u00e9nerg\u00e9tique de la vitrine, a \u00e9galement une influence. Dans le cas des vitrines<strong> <span style=\"text-decoration: underline;\"><a href=\"https:\/\/www.isaitaly.com\/fr\/prodotto\/glaces-et-patisseries-fr\/vitrines-glace-professionnelles\/millenium-lx\/\" target=\"_blank\" rel=\"noopener\">Millennium<\/a><\/span> d&rsquo;ISA<\/strong>, l&rsquo;avantage r\u00e9side \u00e9galement dans la gestion parfaite de la <strong>condensation<\/strong>, gr\u00e2ce aux vitres chauff\u00e9es de la chambre lat\u00e9rale et \u00e0 l&rsquo;unique vitre frontale chauff\u00e9e. Ceux qui choisissent les vitrines <strong>Stratos<\/strong> ont \u00e9galement la possibilit\u00e9 de d\u00e9sactiver le chauffage du verre sup\u00e9rieur. La r\u00e9frig\u00e9ration ventil\u00e9e, dans ce cas, offre trois possibilit\u00e9s diff\u00e9rentes : \u00e9vaporateur simple avec double flux d&rsquo;air frontal ou, alternativement, \u00e9vaporateur double avec simple ou double flux d&rsquo;air arri\u00e8re. Pour un contr\u00f4le tr\u00e8s flexible de la temp\u00e9rature, la<strong> fonction Dual Temperature<\/strong> est \u00e9galement disponible, facilitant la gestion des cycles saisonniers : id\u00e9al pour les pi\u00e8ces multifonctionnelles.<\/p>\n<p>En plus d&rsquo;offrir des fonctions sophistiqu\u00e9es de gestion de la temp\u00e9rature et de l&rsquo;humidit\u00e9, les vitrines professionnelles ISA offrent \u00e9galement un large \u00e9ventail d&rsquo;options d&rsquo;am\u00e9nagement, allant du design essentiel des vitrines <span style=\"text-decoration: underline;\"><a href=\"https:\/\/www.isaitaly.com\/fr\/prodotto\/glaces-et-patisseries-fr\/vitrines-glace-professionnelles\/supercapri\/\" target=\"_blank\" rel=\"noopener\"><strong>Supercapri<\/strong><\/a><\/span> \u00e0 l&rsquo;\u00e9l\u00e9gance des stands <span style=\"text-decoration: underline;\"><a href=\"https:\/\/www.isaitaly.com\/fr\/prodotto\/glaces-et-patisseries-fr\/vitrines-glace-professionnelles\/diva-fr\/\" target=\"_blank\" rel=\"noopener\"><strong>Diva<\/strong><\/a><\/span> et <span style=\"text-decoration: underline;\"><a href=\"https:\/\/www.isaitaly.com\/fr\/prodotto\/glaces-et-patisseries-fr\/vitrines-chocolat-professionnelles\/oneshow-free\/\" target=\"_blank\" rel=\"noopener\"><strong>Oneshow<\/strong><\/a><\/span>. Dans tous les cas, l&rsquo;attrait alimentaire est exprim\u00e9 au plus haut niveau, afin de satisfaire les amateurs de glaces artisanales et non artisanales.<\/p>\n","protected":false},"excerpt":{"rendered":"<p>La qualit\u00e9 de la cr\u00e8me glac\u00e9e est une cons\u00e9quence directe non seulement de la mati\u00e8re premi\u00e8re, mais aussi de la fa\u00e7on dont elle est conserv\u00e9e. Il est important de suivre les bonnes \u00e9tapes, non seulement pour maintenir la qualit\u00e9 esth\u00e9tique du produit, mais aussi pour pr\u00e9server le plaisir de la d\u00e9gustation.<\/p>\n","protected":false},"author":3,"featured_media":76902,"comment_status":"open","ping_status":"open","sticky":false,"template":"","format":"standard","meta":{"_et_pb_use_builder":"","_et_pb_old_content":"","_et_gb_content_width":"","footnotes":""},"categories":[878],"tags":[],"class_list":["post-76964","post","type-post","status-publish","format-standard","has-post-thumbnail","hentry","category-glaces-et-patisseries"],"acf":[],"yoast_head":"<!-- This site is optimized with the Yoast SEO plugin v26.8 - https:\/\/yoast.com\/product\/yoast-seo-wordpress\/ -->\n<title>Conservazione del gelato artigianale e confezionato| ISA<\/title>\n<meta name=\"description\" content=\"Quali sono le migliori vetrine professionali per la conservazione sia del gelato artigianale che di quello confezionato? Scopri la gamma di espositori ISA.\" \/>\n<meta name=\"robots\" content=\"index, follow, max-snippet:-1, max-image-preview:large, max-video-preview:-1\" \/>\n<link rel=\"canonical\" href=\"https:\/\/www.isaitaly.com\/fr\/comment-conserver-les-glaces-artisanales-et-conditionnees\/\" \/>\n<meta property=\"og:locale\" content=\"fr_FR\" \/>\n<meta property=\"og:type\" content=\"article\" \/>\n<meta property=\"og:title\" content=\"Conservazione del gelato artigianale e confezionato| ISA\" \/>\n<meta property=\"og:description\" content=\"Quali sono le migliori vetrine professionali per la conservazione sia del gelato artigianale che di quello confezionato? Scopri la gamma di espositori ISA.\" \/>\n<meta property=\"og:url\" content=\"https:\/\/www.isaitaly.com\/fr\/comment-conserver-les-glaces-artisanales-et-conditionnees\/\" \/>\n<meta property=\"og:site_name\" content=\"ISA\" \/>\n<meta property=\"article:published_time\" content=\"2022-04-11T13:43:59+00:00\" \/>\n<meta property=\"article:modified_time\" content=\"2022-04-12T14:05:50+00:00\" \/>\n<meta property=\"og:image\" content=\"https:\/\/www.isaitaly.com\/wp-content\/uploads\/2022\/04\/3d-show-dettaglio-1.jpg\" \/>\n\t<meta property=\"og:image:width\" content=\"2560\" \/>\n\t<meta property=\"og:image:height\" content=\"1708\" \/>\n\t<meta property=\"og:image:type\" content=\"image\/jpeg\" \/>\n<meta name=\"author\" content=\"Chiara Ragni\" \/>\n<meta name=\"twitter:card\" content=\"summary_large_image\" \/>\n<meta name=\"twitter:label1\" content=\"\u00c9crit par\" \/>\n\t<meta name=\"twitter:data1\" content=\"Chiara Ragni\" \/>\n\t<meta name=\"twitter:label2\" content=\"Dur\u00e9e de lecture estim\u00e9e\" \/>\n\t<meta name=\"twitter:data2\" content=\"4 minutes\" \/>\n<script type=\"application\/ld+json\" class=\"yoast-schema-graph\">{\"@context\":\"https:\/\/schema.org\",\"@graph\":[{\"@type\":\"Article\",\"@id\":\"https:\/\/www.isaitaly.com\/fr\/comment-conserver-les-glaces-artisanales-et-conditionnees\/#article\",\"isPartOf\":{\"@id\":\"https:\/\/www.isaitaly.com\/fr\/comment-conserver-les-glaces-artisanales-et-conditionnees\/\"},\"author\":{\"name\":\"Chiara Ragni\",\"@id\":\"https:\/\/www.isaitaly.com\/it\/#\/schema\/person\/a037a937bb57eff6090f0fb3a141652f\"},\"headline\":\"Comment conserver les glaces artisanales et conditionn\u00e9es?\",\"datePublished\":\"2022-04-11T13:43:59+00:00\",\"dateModified\":\"2022-04-12T14:05:50+00:00\",\"mainEntityOfPage\":{\"@id\":\"https:\/\/www.isaitaly.com\/fr\/comment-conserver-les-glaces-artisanales-et-conditionnees\/\"},\"wordCount\":746,\"commentCount\":0,\"image\":{\"@id\":\"https:\/\/www.isaitaly.com\/fr\/comment-conserver-les-glaces-artisanales-et-conditionnees\/#primaryimage\"},\"thumbnailUrl\":\"https:\/\/www.isaitaly.com\/wp-content\/uploads\/2022\/04\/3d-show-dettaglio-1.jpg\",\"articleSection\":[\"Glaces et p\u00e2tisseries\"],\"inLanguage\":\"fr-FR\",\"potentialAction\":[{\"@type\":\"CommentAction\",\"name\":\"Comment\",\"target\":[\"https:\/\/www.isaitaly.com\/fr\/comment-conserver-les-glaces-artisanales-et-conditionnees\/#respond\"]}]},{\"@type\":\"WebPage\",\"@id\":\"https:\/\/www.isaitaly.com\/fr\/comment-conserver-les-glaces-artisanales-et-conditionnees\/\",\"url\":\"https:\/\/www.isaitaly.com\/fr\/comment-conserver-les-glaces-artisanales-et-conditionnees\/\",\"name\":\"Conservazione del gelato artigianale e confezionato| ISA\",\"isPartOf\":{\"@id\":\"https:\/\/www.isaitaly.com\/it\/#website\"},\"primaryImageOfPage\":{\"@id\":\"https:\/\/www.isaitaly.com\/fr\/comment-conserver-les-glaces-artisanales-et-conditionnees\/#primaryimage\"},\"image\":{\"@id\":\"https:\/\/www.isaitaly.com\/fr\/comment-conserver-les-glaces-artisanales-et-conditionnees\/#primaryimage\"},\"thumbnailUrl\":\"https:\/\/www.isaitaly.com\/wp-content\/uploads\/2022\/04\/3d-show-dettaglio-1.jpg\",\"datePublished\":\"2022-04-11T13:43:59+00:00\",\"dateModified\":\"2022-04-12T14:05:50+00:00\",\"author\":{\"@id\":\"https:\/\/www.isaitaly.com\/it\/#\/schema\/person\/a037a937bb57eff6090f0fb3a141652f\"},\"description\":\"Quali sono le migliori vetrine professionali per la conservazione sia del gelato artigianale che di quello confezionato? Scopri la gamma di espositori ISA.\",\"breadcrumb\":{\"@id\":\"https:\/\/www.isaitaly.com\/fr\/comment-conserver-les-glaces-artisanales-et-conditionnees\/#breadcrumb\"},\"inLanguage\":\"fr-FR\",\"potentialAction\":[{\"@type\":\"ReadAction\",\"target\":[\"https:\/\/www.isaitaly.com\/fr\/comment-conserver-les-glaces-artisanales-et-conditionnees\/\"]}]},{\"@type\":\"ImageObject\",\"inLanguage\":\"fr-FR\",\"@id\":\"https:\/\/www.isaitaly.com\/fr\/comment-conserver-les-glaces-artisanales-et-conditionnees\/#primaryimage\",\"url\":\"https:\/\/www.isaitaly.com\/wp-content\/uploads\/2022\/04\/3d-show-dettaglio-1.jpg\",\"contentUrl\":\"https:\/\/www.isaitaly.com\/wp-content\/uploads\/2022\/04\/3d-show-dettaglio-1.jpg\",\"width\":2560,\"height\":1708},{\"@type\":\"BreadcrumbList\",\"@id\":\"https:\/\/www.isaitaly.com\/fr\/comment-conserver-les-glaces-artisanales-et-conditionnees\/#breadcrumb\",\"itemListElement\":[{\"@type\":\"ListItem\",\"position\":1,\"name\":\"Home\",\"item\":\"https:\/\/www.isaitaly.com\/it\/\"},{\"@type\":\"ListItem\",\"position\":2,\"name\":\"Comment conserver les glaces artisanales et conditionn\u00e9es?\"}]},{\"@type\":\"WebSite\",\"@id\":\"https:\/\/www.isaitaly.com\/it\/#website\",\"url\":\"https:\/\/www.isaitaly.com\/it\/\",\"name\":\"ISA\",\"description\":\"\",\"potentialAction\":[{\"@type\":\"SearchAction\",\"target\":{\"@type\":\"EntryPoint\",\"urlTemplate\":\"https:\/\/www.isaitaly.com\/it\/?s={search_term_string}\"},\"query-input\":{\"@type\":\"PropertyValueSpecification\",\"valueRequired\":true,\"valueName\":\"search_term_string\"}}],\"inLanguage\":\"fr-FR\"},{\"@type\":\"Person\",\"@id\":\"https:\/\/www.isaitaly.com\/it\/#\/schema\/person\/a037a937bb57eff6090f0fb3a141652f\",\"name\":\"Chiara Ragni\",\"image\":{\"@type\":\"ImageObject\",\"inLanguage\":\"fr-FR\",\"@id\":\"https:\/\/www.isaitaly.com\/it\/#\/schema\/person\/image\/\",\"url\":\"https:\/\/secure.gravatar.com\/avatar\/beac86d476d522474ef1f9de9fb8dc49?s=96&d=mm&r=g\",\"contentUrl\":\"https:\/\/secure.gravatar.com\/avatar\/beac86d476d522474ef1f9de9fb8dc49?s=96&d=mm&r=g\",\"caption\":\"Chiara Ragni\"},\"url\":\"https:\/\/www.isaitaly.com\/fr\/author\/chiara-ragni\/\"}]}<\/script>\n<!-- \/ Yoast SEO plugin. -->","yoast_head_json":{"title":"Conservazione del gelato artigianale e confezionato| ISA","description":"Quali sono le migliori vetrine professionali per la conservazione sia del gelato artigianale che di quello confezionato? Scopri la gamma di espositori ISA.","robots":{"index":"index","follow":"follow","max-snippet":"max-snippet:-1","max-image-preview":"max-image-preview:large","max-video-preview":"max-video-preview:-1"},"canonical":"https:\/\/www.isaitaly.com\/fr\/comment-conserver-les-glaces-artisanales-et-conditionnees\/","og_locale":"fr_FR","og_type":"article","og_title":"Conservazione del gelato artigianale e confezionato| ISA","og_description":"Quali sono le migliori vetrine professionali per la conservazione sia del gelato artigianale che di quello confezionato? Scopri la gamma di espositori ISA.","og_url":"https:\/\/www.isaitaly.com\/fr\/comment-conserver-les-glaces-artisanales-et-conditionnees\/","og_site_name":"ISA","article_published_time":"2022-04-11T13:43:59+00:00","article_modified_time":"2022-04-12T14:05:50+00:00","og_image":[{"width":2560,"height":1708,"url":"https:\/\/www.isaitaly.com\/wp-content\/uploads\/2022\/04\/3d-show-dettaglio-1.jpg","type":"image\/jpeg"}],"author":"Chiara Ragni","twitter_card":"summary_large_image","twitter_misc":{"\u00c9crit par":"Chiara Ragni","Dur\u00e9e de lecture estim\u00e9e":"4 minutes"},"schema":{"@context":"https:\/\/schema.org","@graph":[{"@type":"Article","@id":"https:\/\/www.isaitaly.com\/fr\/comment-conserver-les-glaces-artisanales-et-conditionnees\/#article","isPartOf":{"@id":"https:\/\/www.isaitaly.com\/fr\/comment-conserver-les-glaces-artisanales-et-conditionnees\/"},"author":{"name":"Chiara Ragni","@id":"https:\/\/www.isaitaly.com\/it\/#\/schema\/person\/a037a937bb57eff6090f0fb3a141652f"},"headline":"Comment conserver les glaces artisanales et conditionn\u00e9es?","datePublished":"2022-04-11T13:43:59+00:00","dateModified":"2022-04-12T14:05:50+00:00","mainEntityOfPage":{"@id":"https:\/\/www.isaitaly.com\/fr\/comment-conserver-les-glaces-artisanales-et-conditionnees\/"},"wordCount":746,"commentCount":0,"image":{"@id":"https:\/\/www.isaitaly.com\/fr\/comment-conserver-les-glaces-artisanales-et-conditionnees\/#primaryimage"},"thumbnailUrl":"https:\/\/www.isaitaly.com\/wp-content\/uploads\/2022\/04\/3d-show-dettaglio-1.jpg","articleSection":["Glaces et p\u00e2tisseries"],"inLanguage":"fr-FR","potentialAction":[{"@type":"CommentAction","name":"Comment","target":["https:\/\/www.isaitaly.com\/fr\/comment-conserver-les-glaces-artisanales-et-conditionnees\/#respond"]}]},{"@type":"WebPage","@id":"https:\/\/www.isaitaly.com\/fr\/comment-conserver-les-glaces-artisanales-et-conditionnees\/","url":"https:\/\/www.isaitaly.com\/fr\/comment-conserver-les-glaces-artisanales-et-conditionnees\/","name":"Conservazione del gelato artigianale e confezionato| ISA","isPartOf":{"@id":"https:\/\/www.isaitaly.com\/it\/#website"},"primaryImageOfPage":{"@id":"https:\/\/www.isaitaly.com\/fr\/comment-conserver-les-glaces-artisanales-et-conditionnees\/#primaryimage"},"image":{"@id":"https:\/\/www.isaitaly.com\/fr\/comment-conserver-les-glaces-artisanales-et-conditionnees\/#primaryimage"},"thumbnailUrl":"https:\/\/www.isaitaly.com\/wp-content\/uploads\/2022\/04\/3d-show-dettaglio-1.jpg","datePublished":"2022-04-11T13:43:59+00:00","dateModified":"2022-04-12T14:05:50+00:00","author":{"@id":"https:\/\/www.isaitaly.com\/it\/#\/schema\/person\/a037a937bb57eff6090f0fb3a141652f"},"description":"Quali sono le migliori vetrine professionali per la conservazione sia del gelato artigianale che di quello confezionato? Scopri la gamma di espositori ISA.","breadcrumb":{"@id":"https:\/\/www.isaitaly.com\/fr\/comment-conserver-les-glaces-artisanales-et-conditionnees\/#breadcrumb"},"inLanguage":"fr-FR","potentialAction":[{"@type":"ReadAction","target":["https:\/\/www.isaitaly.com\/fr\/comment-conserver-les-glaces-artisanales-et-conditionnees\/"]}]},{"@type":"ImageObject","inLanguage":"fr-FR","@id":"https:\/\/www.isaitaly.com\/fr\/comment-conserver-les-glaces-artisanales-et-conditionnees\/#primaryimage","url":"https:\/\/www.isaitaly.com\/wp-content\/uploads\/2022\/04\/3d-show-dettaglio-1.jpg","contentUrl":"https:\/\/www.isaitaly.com\/wp-content\/uploads\/2022\/04\/3d-show-dettaglio-1.jpg","width":2560,"height":1708},{"@type":"BreadcrumbList","@id":"https:\/\/www.isaitaly.com\/fr\/comment-conserver-les-glaces-artisanales-et-conditionnees\/#breadcrumb","itemListElement":[{"@type":"ListItem","position":1,"name":"Home","item":"https:\/\/www.isaitaly.com\/it\/"},{"@type":"ListItem","position":2,"name":"Comment conserver les glaces artisanales et conditionn\u00e9es?"}]},{"@type":"WebSite","@id":"https:\/\/www.isaitaly.com\/it\/#website","url":"https:\/\/www.isaitaly.com\/it\/","name":"ISA","description":"","potentialAction":[{"@type":"SearchAction","target":{"@type":"EntryPoint","urlTemplate":"https:\/\/www.isaitaly.com\/it\/?s={search_term_string}"},"query-input":{"@type":"PropertyValueSpecification","valueRequired":true,"valueName":"search_term_string"}}],"inLanguage":"fr-FR"},{"@type":"Person","@id":"https:\/\/www.isaitaly.com\/it\/#\/schema\/person\/a037a937bb57eff6090f0fb3a141652f","name":"Chiara Ragni","image":{"@type":"ImageObject","inLanguage":"fr-FR","@id":"https:\/\/www.isaitaly.com\/it\/#\/schema\/person\/image\/","url":"https:\/\/secure.gravatar.com\/avatar\/beac86d476d522474ef1f9de9fb8dc49?s=96&d=mm&r=g","contentUrl":"https:\/\/secure.gravatar.com\/avatar\/beac86d476d522474ef1f9de9fb8dc49?s=96&d=mm&r=g","caption":"Chiara Ragni"},"url":"https:\/\/www.isaitaly.com\/fr\/author\/chiara-ragni\/"}]}},"_links":{"self":[{"href":"https:\/\/www.isaitaly.com\/fr\/wp-json\/wp\/v2\/posts\/76964","targetHints":{"allow":["GET"]}}],"collection":[{"href":"https:\/\/www.isaitaly.com\/fr\/wp-json\/wp\/v2\/posts"}],"about":[{"href":"https:\/\/www.isaitaly.com\/fr\/wp-json\/wp\/v2\/types\/post"}],"author":[{"embeddable":true,"href":"https:\/\/www.isaitaly.com\/fr\/wp-json\/wp\/v2\/users\/3"}],"replies":[{"embeddable":true,"href":"https:\/\/www.isaitaly.com\/fr\/wp-json\/wp\/v2\/comments?post=76964"}],"version-history":[{"count":7,"href":"https:\/\/www.isaitaly.com\/fr\/wp-json\/wp\/v2\/posts\/76964\/revisions"}],"predecessor-version":[{"id":76974,"href":"https:\/\/www.isaitaly.com\/fr\/wp-json\/wp\/v2\/posts\/76964\/revisions\/76974"}],"wp:featuredmedia":[{"embeddable":true,"href":"https:\/\/www.isaitaly.com\/fr\/wp-json\/wp\/v2\/media\/76902"}],"wp:attachment":[{"href":"https:\/\/www.isaitaly.com\/fr\/wp-json\/wp\/v2\/media?parent=76964"}],"wp:term":[{"taxonomy":"category","embeddable":true,"href":"https:\/\/www.isaitaly.com\/fr\/wp-json\/wp\/v2\/categories?post=76964"},{"taxonomy":"post_tag","embeddable":true,"href":"https:\/\/www.isaitaly.com\/fr\/wp-json\/wp\/v2\/tags?post=76964"}],"curies":[{"name":"wp","href":"https:\/\/api.w.org\/{rel}","templated":true}]}}