{"id":72148,"date":"2022-01-31T16:21:29","date_gmt":"2022-01-31T15:21:29","guid":{"rendered":"https:\/\/www.isaitaly.com\/intersicop-2022-primo-incontro-a-madrid\/"},"modified":"2022-03-08T11:59:43","modified_gmt":"2022-03-08T10:59:43","slug":"intersicop-2022-premiere-rencontre-a-madrid","status":"publish","type":"post","link":"https:\/\/www.isaitaly.com\/fr\/intersicop-2022-premiere-rencontre-a-madrid\/","title":{"rendered":"Rencontre InterSICOP 2022 \u00e0 Madrid"},"content":{"rendered":"<p>Du <strong>19<\/strong> au <strong>22<\/strong> <strong>f\u00e9vrier<\/strong> s&rsquo;est tenue \u00e0 <strong>Madrid<\/strong> la <strong>13e \u00e9dition du salon Intersicop<\/strong> (IFEMA), premier salon du calendrier international, seul <strong>\u00e9v\u00e9nement professionnel sp\u00e9cialis\u00e9 en Espagne et salon de r\u00e9f\u00e9rence pour le march\u00e9 ib\u00e9ro-am\u00e9ricain, qui r\u00e9unit toute l&rsquo;industrie de la boulangerie, de la p\u00e2tisserie, des glaces, du caf\u00e9 et des \u00e9quipements.<\/strong>\u00a0Pour cette \u00e9dition 2022, Intersicop a d\u00e9cid\u00e9 de<strong> promouvoir sp\u00e9cifiquement l&rsquo;offre d&rsquo;\u00e9quipements professionnels<\/strong>, dans le but de stimuler et d&rsquo;acc\u00e9l\u00e9rer leur processus de vente et de r\u00e9novation. <strong>ISA<\/strong> &#8211; entreprise de r\u00e9f\u00e9rence dans le secteur de la r\u00e9frig\u00e9ration professionnelle et de l&rsquo;ameublement des lieux publics Made in Italy &#8211; apr\u00e8s sa participation au salon international de l&rsquo;hospitalit\u00e9 Host Milano 2021, <strong>a particip\u00e9 pour la premi\u00e8re fois \u00e0 l&rsquo;\u00e9v\u00e9nement espagnol<\/strong>, avec sa gamme de vitrines professionnelles pour la cr\u00e8me glac\u00e9e et la p\u00e2tisserie, ainsi que les derni\u00e8res propositions pour le monde de l&rsquo;ameublement des lieux publics.<\/p>\n<p><a class=\"mobile\" href=\"https:\/\/www.isaitaly.com\/fr\/prodotto\/glaces-et-patisseries-fr\/vitrines-glace-professionnelles\/supercapri\/\" target=\"_blank\" rel=\"noopener\"><img loading=\"lazy\" decoding=\"async\" class=\"mobile aligncenter wp-image-73678 size-large\" src=\"https:\/\/www.isaitaly.com\/wp-content\/uploads\/2022\/01\/IMG_0150-1-1024x768.jpg\" alt=\"\" width=\"1024\" height=\"768\" srcset=\"https:\/\/www.isaitaly.com\/wp-content\/uploads\/2022\/01\/IMG_0150-1-980x735.jpg 980w, https:\/\/www.isaitaly.com\/wp-content\/uploads\/2022\/01\/IMG_0150-1-480x360.jpg 480w\" sizes=\"auto, (min-width: 0px) and (max-width: 480px) 480px, (min-width: 481px) and (max-width: 980px) 980px, (min-width: 981px) 1024px, 100vw\" \/><\/a><\/p>\n<p><a class=\"mobile\" href=\"https:\/\/www.isaitaly.com\/fr\/prodotto\/glaces-et-patisseries-fr\/vitrines-glace-professionnelles\/stratos\/\" target=\"_blank\" rel=\"noopener\"><img loading=\"lazy\" decoding=\"async\" class=\"mobile aligncenter wp-image-73727 size-large\" src=\"https:\/\/www.isaitaly.com\/wp-content\/uploads\/2022\/01\/IMG_0053-1024x768.jpg\" alt=\"\" width=\"1024\" height=\"768\" srcset=\"https:\/\/www.isaitaly.com\/wp-content\/uploads\/2022\/01\/IMG_0053-980x735.jpg 980w, https:\/\/www.isaitaly.com\/wp-content\/uploads\/2022\/01\/IMG_0053-480x360.jpg 480w\" sizes=\"auto, (min-width: 0px) and (max-width: 480px) 480px, (min-width: 481px) and (max-width: 980px) 980px, (min-width: 981px) 1024px, 100vw\" \/><\/a><\/p>\n<p><a href=\"https:\/\/www.isaitaly.com\/fr\/prodotto\/ameublement\/collections\/pentagram-antonio-citterio\/\" target=\"_blank\" rel=\"noopener\"><strong><u>Pentagram<\/u><\/strong><\/a> et <a href=\"https:\/\/www.hizone.it\/en\/\" target=\"_blank\" rel=\"noopener\"><strong><u>Hizone<\/u><\/strong><\/a> \u00e9taient les vedettes de l&rsquo;exposition ISA, deux projets ambitieux n\u00e9s de la collaboration entre la soci\u00e9t\u00e9 et l&rsquo;architecte et designer italien Antonio Citterio.<br \/>\n<a href=\"https:\/\/www.isaitaly.com\/fr\/prodotto\/ameublement\/collections\/pentagram-antonio-citterio\/\" target=\"_blank\" rel=\"noopener\"><strong><u>Pentagram<\/u><\/strong><\/a>, la collection de meubles de luxe d&rsquo;ISA qui int\u00e8gre des vitrines r\u00e9frig\u00e9r\u00e9es pour glaciers, p\u00e2tisseries et gastronomie, des comptoirs de bar et des \u00e9l\u00e9ments de mobilier. <a href=\"https:\/\/www.hizone.it\/en\/\" target=\"_blank\" rel=\"noopener\"><strong><u>Hizone<\/u><\/strong><\/a>, la marque ISA qui comprend un syst\u00e8me uniforme et modulaire de blast chillers, d&rsquo;armoires et de tables r\u00e9frig\u00e9r\u00e9es, destin\u00e9 \u00e0 \u00e9quiper les ateliers professionnels des glaciers, des p\u00e2tissiers et des gastronomes. Qualit\u00e9 \u00e9lev\u00e9e, mat\u00e9riaux et performances, avec une attention particuli\u00e8re accord\u00e9e \u00e0 la durabilit\u00e9 <a href=\"https:\/\/www.isaitaly.com\/fr\/environnement\/\" target=\"_blank\" rel=\"noopener\"><b><u>environnementale<\/u><\/b>\u00a0\u00a0<\/a>et aux \u00e9conomies d&rsquo;\u00e9nergie.<\/p>\n<p><a class=\"mobile\" href=\"https:\/\/www.isaitaly.com\/fr\/prodotto\/ameublement\/collections\/pentagram-antonio-citterio\/\" target=\"_blank\" rel=\"noopener\"><img loading=\"lazy\" decoding=\"async\" class=\"mobile aligncenter wp-image-73698 size-large\" src=\"https:\/\/www.isaitaly.com\/wp-content\/uploads\/2022\/01\/IMG_0161-1024x768.jpg\" alt=\"\" width=\"1024\" height=\"768\" srcset=\"https:\/\/www.isaitaly.com\/wp-content\/uploads\/2022\/01\/IMG_0161-980x735.jpg 980w, https:\/\/www.isaitaly.com\/wp-content\/uploads\/2022\/01\/IMG_0161-480x360.jpg 480w\" sizes=\"auto, (min-width: 0px) and (max-width: 480px) 480px, (min-width: 481px) and (max-width: 980px) 980px, (min-width: 981px) 1024px, 100vw\" \/><\/a><\/p>\n<p><a class=\"mobile\" href=\"https:\/\/www.hizone.it\/en\/\" target=\"_blank\" rel=\"noopener\"><img loading=\"lazy\" decoding=\"async\" class=\"mobile aligncenter wp-image-73702 size-large\" src=\"https:\/\/www.isaitaly.com\/wp-content\/uploads\/2022\/01\/IMG_0176-1024x768.jpg\" alt=\"\" width=\"1024\" height=\"768\" srcset=\"https:\/\/www.isaitaly.com\/wp-content\/uploads\/2022\/01\/IMG_0176-980x735.jpg 980w, https:\/\/www.isaitaly.com\/wp-content\/uploads\/2022\/01\/IMG_0176-480x360.jpg 480w\" sizes=\"auto, (min-width: 0px) and (max-width: 480px) 480px, (min-width: 481px) and (max-width: 980px) 980px, (min-width: 981px) 1024px, 100vw\" \/><\/a><\/p>\n<p><a href=\"https:\/\/www.isaitaly.com\/fr\/prodotto\/glaces-et-patisseries-fr\/vitrines-glace-professionnelles\/supercapri\/\" target=\"_blank\" rel=\"noopener\"><strong><u>Supercapri<\/u><\/strong><\/a>, <a href=\"https:\/\/www.isaitaly.com\/fr\/prodotto\/glaces-et-patisseries-fr\/vitrines-glace-professionnelles\/stratos\/\" target=\"_blank\" rel=\"noopener\"><strong><u>Stratos<\/u><\/strong><\/a>, <a href=\"https:\/\/www.isaitaly.com\/fr\/prodotto\/glaces-et-patisseries-fr\/vitrines-glace-professionnelles\/diva-fr\/\" target=\"_blank\" rel=\"noopener\"><strong><u>Diva<\/u><\/strong><\/a> et <a href=\"https:\/\/www.isaitaly.com\/fr\/prodotto\/glaces-et-patisseries-fr\/vitrines-glace-professionnelles\/kelly-fr\/\" target=\"_blank\" rel=\"noopener\"><strong><u>Kelly<\/u><\/strong><\/a> sont les meilleures vitrines de la gamme <a href=\"https:\/\/www.isaitaly.com\/fr\/glaces-et-patisseries\/\" target=\"_blank\" rel=\"noopener\"><strong><u>Gelato &amp; Patrsy<\/u><\/strong><\/a> qui ornaient le stand d&rsquo;ISA. La r\u00e9frig\u00e9ration \u00e0 double temp\u00e9rature, le contr\u00f4le de l&rsquo;humidit\u00e9 et la ventilation diff\u00e9renci\u00e9e pour les diff\u00e9rents types de glaces sont quelques-unes des performances qui ont \u00e9t\u00e9 les plus appr\u00e9ci\u00e9es par le public espagnol.<\/p>\n<p><a class=\"mobile\" href=\"https:\/\/www.isaitaly.com\/fr\/prodotto\/glaces-et-patisseries-fr\/vitrines-glace-professionnelles\/diva-fr\/\" target=\"_blank\" rel=\"noopener\"><img loading=\"lazy\" decoding=\"async\" class=\"mobile aligncenter wp-image-73764 size-large\" src=\"https:\/\/www.isaitaly.com\/wp-content\/uploads\/2022\/01\/IMG_0059-1024x768.jpg\" alt=\"\" width=\"1024\" height=\"768\" srcset=\"https:\/\/www.isaitaly.com\/wp-content\/uploads\/2022\/01\/IMG_0059-980x735.jpg 980w, https:\/\/www.isaitaly.com\/wp-content\/uploads\/2022\/01\/IMG_0059-480x360.jpg 480w\" sizes=\"auto, (min-width: 0px) and (max-width: 480px) 480px, (min-width: 481px) and (max-width: 980px) 980px, (min-width: 981px) 1024px, 100vw\" \/><\/a><\/p>\n<p>Une collaboration importante a eu lieu avec la soci\u00e9t\u00e9 italienne <strong>Prodotti Stella<\/strong>, sp\u00e9cialis\u00e9e dans les ingr\u00e9dients et les mati\u00e8res premi\u00e8res, qui a utilis\u00e9 les vitrines professionnelles <a href=\"https:\/\/www.isaitaly.com\/fr\/prodotto\/glaces-et-patisseries-fr\/vitrines-glace-professionnelles\/supercapri\/\" target=\"_blank\" rel=\"noopener\"><strong><u>Supercapri<\/u><\/strong><\/a> et <a href=\"https:\/\/www.isaitaly.com\/fr\/prodotto\/glaces-et-patisseries-fr\/vitrines-chocolat-professionnelles\/cristal-tower\/\" target=\"_blank\" rel=\"noopener\"><strong><u>Cristal Tower<\/u><\/strong><\/a> d&rsquo;ISA pour pr\u00e9senter ses produits.<\/p>\n<p><a class=\"mobile\" href=\"https:\/\/www.isaitaly.com\/fr\/prodotto\/glaces-et-patisseries-fr\/vitrines-chocolat-professionnelles\/cristal-tower\/\" target=\"_blank\" rel=\"noopener\"><img loading=\"lazy\" decoding=\"async\" class=\"mobile aligncenter wp-image-73776 size-large\" src=\"https:\/\/www.isaitaly.com\/wp-content\/uploads\/2022\/01\/IMG_0287-1024x768.jpg\" alt=\"\" width=\"1024\" height=\"768\" srcset=\"https:\/\/www.isaitaly.com\/wp-content\/uploads\/2022\/01\/IMG_0287-980x735.jpg 980w, https:\/\/www.isaitaly.com\/wp-content\/uploads\/2022\/01\/IMG_0287-480x360.jpg 480w\" sizes=\"auto, (min-width: 0px) and (max-width: 480px) 480px, (min-width: 481px) and (max-width: 980px) 980px, (min-width: 981px) 1024px, 100vw\" \/><\/a><\/p>\n<p>I<strong>ntersicop 2022 a confirm\u00e9 une fois de plus sa position de principal espace commercial et d&rsquo;exposition du secteur, avec une grande capacit\u00e9 de promotion internationale en Am\u00e9rique latine. Plus de 175 exposants<\/strong> de 6 pays, un total de <strong>15 652 professionnels<\/strong> de l&rsquo;industrie de 44 pays, o\u00f9 les nationalit\u00e9s les plus repr\u00e9sent\u00e9es \u00e9taient le Portugal, avec 39,5% des visiteurs, suivi de l&rsquo;Italie (18,1%) puis du Mexique, de la France, du Chili et de l&rsquo;Allemagne.<\/p>\n<p><a class=\"mobile\" href=\"https:\/\/www.isaitaly.com\/fr\/prodotto\/glaces-et-patisseries-fr\/vitrines-glace-professionnelles\/stratos\/\" target=\"_blank\" rel=\"noopener\"><img loading=\"lazy\" decoding=\"async\" class=\"mobile aligncenter wp-image-73731 size-large\" src=\"https:\/\/www.isaitaly.com\/wp-content\/uploads\/2022\/01\/IMG_0266-1024x768.jpg\" alt=\"\" width=\"1024\" height=\"768\" srcset=\"https:\/\/www.isaitaly.com\/wp-content\/uploads\/2022\/01\/IMG_0266-980x735.jpg 980w, https:\/\/www.isaitaly.com\/wp-content\/uploads\/2022\/01\/IMG_0266-480x360.jpg 480w\" sizes=\"auto, (min-width: 0px) and (max-width: 480px) 480px, (min-width: 481px) and (max-width: 980px) 980px, (min-width: 981px) 1024px, 100vw\" \/><\/a><\/p>\n<p>Un salon professionnel avec en toile de fond <strong>trois grands championnats nationaux de p\u00e2tisserie, boulangerie et glacerie<\/strong>, ainsi qu&rsquo;un concours pour d\u00e9couvrir de nouveaux talents en p\u00e2tisserie. Marco Miquel, pr\u00e9sident de l&rsquo;Association nationale des artisans glaciers (ANHCEA), <strong>a dress\u00e9 un bilan tr\u00e8s positif de l&rsquo;\u00e9v\u00e9nement.<\/strong><\/p>\n<blockquote><p><strong>\u00ab\u00a0Le meilleur de la foire \u00e9tait de pouvoir se r\u00e9unir, de parler, de mettre des points en commun. Les organisateurs ont travaill\u00e9 dur pour en faire un succ\u00e8s, et ce fut une r\u00e9ussite totale pour toutes les parties.\u00a0\u00bb<\/strong><\/p><\/blockquote>\n<p><strong>Merci \u00e0 tous pour cet accueil chaleureux ! C&rsquo;\u00e9tait un fantastique Intersicop !!!<\/strong><\/p>\n<p><img loading=\"lazy\" decoding=\"async\" class=\"https:\/\/www.isaitaly.com\/fr\/prodotto\/glaces-et-patisseries-fr\/vitrines-glace-professionnelles\/supercapri\/ aligncenter wp-image-73748 size-large\" src=\"https:\/\/www.isaitaly.com\/wp-content\/uploads\/2022\/01\/IMG_0265-1024x768.jpg\" alt=\"\" width=\"1024\" height=\"768\" srcset=\"https:\/\/www.isaitaly.com\/wp-content\/uploads\/2022\/01\/IMG_0265-980x735.jpg 980w, https:\/\/www.isaitaly.com\/wp-content\/uploads\/2022\/01\/IMG_0265-480x360.jpg 480w\" sizes=\"auto, (min-width: 0px) and (max-width: 480px) 480px, (min-width: 481px) and (max-width: 980px) 980px, (min-width: 981px) 1024px, 100vw\" \/><\/p>\n<p><a class=\"mobile\" href=\"https:\/\/www.isaitaly.com\/fr\/prodotto\/glaces-et-patisseries-fr\/vitrines-glace-professionnelles\/supercapri\/\" target=\"_blank\" rel=\"noopener\"><img loading=\"lazy\" decoding=\"async\" class=\"mobile aligncenter wp-image-73756 size-large\" src=\"https:\/\/www.isaitaly.com\/wp-content\/uploads\/2022\/01\/IMG_0054-1024x768.jpg\" alt=\"\" width=\"1024\" height=\"768\" srcset=\"https:\/\/www.isaitaly.com\/wp-content\/uploads\/2022\/01\/IMG_0054-980x735.jpg 980w, https:\/\/www.isaitaly.com\/wp-content\/uploads\/2022\/01\/IMG_0054-480x360.jpg 480w\" sizes=\"auto, (min-width: 0px) and (max-width: 480px) 480px, (min-width: 481px) and (max-width: 980px) 980px, (min-width: 981px) 1024px, 100vw\" \/><\/a><\/p>\n","protected":false},"excerpt":{"rendered":"<p>Du 19 au 22 f\u00e9vrier s&rsquo;est tenue \u00e0 Madrid la 13e \u00e9dition du salon Intersicop (IFEMA), premier salon du calendrier international, seul \u00e9v\u00e9nement professionnel sp\u00e9cialis\u00e9 en Espagne et salon de r\u00e9f\u00e9rence pour le march\u00e9 ib\u00e9ro-am\u00e9ricain, qui r\u00e9unit toute l&rsquo;industrie de la boulangerie, de la p\u00e2tisserie, des glaces, du caf\u00e9 et des \u00e9quipements.<\/p>\n","protected":false},"author":3,"featured_media":73684,"comment_status":"open","ping_status":"open","sticky":false,"template":"","format":"standard","meta":{"_et_pb_use_builder":"","_et_pb_old_content":"","_et_gb_content_width":"","footnotes":""},"categories":[936,877,878],"tags":[],"class_list":["post-72148","post","type-post","status-publish","format-standard","has-post-thumbnail","hentry","category-nouvelles","category-evenements","category-glaces-et-patisseries"],"acf":[],"yoast_head":"<!-- This site is optimized with the Yoast SEO plugin v26.8 - https:\/\/yoast.com\/product\/yoast-seo-wordpress\/ -->\n<title>ISA et InterSICOP 2022 | Premi\u00e8re r\u00e9union \u00e0 Madrid<\/title>\n<meta name=\"description\" content=\"Du 19 au 22 f\u00e9vrier, Madrid s&#039;est tenue InterSICOP 2022, la premi\u00e8re exposition du calendrier international dans le secteur de la p\u00e2tisserie et de la cr\u00e8me glac\u00e9e.\" \/>\n<meta name=\"robots\" content=\"index, follow, max-snippet:-1, max-image-preview:large, max-video-preview:-1\" \/>\n<link rel=\"canonical\" href=\"https:\/\/www.isaitaly.com\/fr\/intersicop-2022-premiere-rencontre-a-madrid\/\" \/>\n<meta property=\"og:locale\" content=\"fr_FR\" \/>\n<meta property=\"og:type\" content=\"article\" \/>\n<meta property=\"og:title\" content=\"ISA et InterSICOP 2022 | Premi\u00e8re r\u00e9union \u00e0 Madrid\" \/>\n<meta property=\"og:description\" content=\"Du 19 au 22 f\u00e9vrier, Madrid s&#039;est tenue InterSICOP 2022, la premi\u00e8re exposition du calendrier international dans le secteur de la p\u00e2tisserie et de la cr\u00e8me glac\u00e9e.\" \/>\n<meta property=\"og:url\" content=\"https:\/\/www.isaitaly.com\/fr\/intersicop-2022-premiere-rencontre-a-madrid\/\" \/>\n<meta property=\"og:site_name\" content=\"ISA\" \/>\n<meta property=\"article:published_time\" content=\"2022-01-31T15:21:29+00:00\" \/>\n<meta property=\"article:modified_time\" content=\"2022-03-08T10:59:43+00:00\" \/>\n<meta property=\"og:image\" content=\"https:\/\/www.isaitaly.com\/wp-content\/uploads\/2022\/01\/IMG_0148-1024x768.jpg\" \/>\n\t<meta property=\"og:image:width\" content=\"1024\" \/>\n\t<meta property=\"og:image:height\" content=\"768\" \/>\n\t<meta property=\"og:image:type\" content=\"image\/jpeg\" \/>\n<meta name=\"author\" content=\"Chiara Ragni\" \/>\n<meta name=\"twitter:card\" content=\"summary_large_image\" \/>\n<meta name=\"twitter:label1\" content=\"\u00c9crit par\" \/>\n\t<meta name=\"twitter:data1\" content=\"Chiara Ragni\" \/>\n\t<meta name=\"twitter:label2\" content=\"Dur\u00e9e de lecture estim\u00e9e\" \/>\n\t<meta name=\"twitter:data2\" content=\"3 minutes\" \/>\n<script type=\"application\/ld+json\" class=\"yoast-schema-graph\">{\"@context\":\"https:\/\/schema.org\",\"@graph\":[{\"@type\":\"Article\",\"@id\":\"https:\/\/www.isaitaly.com\/fr\/intersicop-2022-premiere-rencontre-a-madrid\/#article\",\"isPartOf\":{\"@id\":\"https:\/\/www.isaitaly.com\/fr\/intersicop-2022-premiere-rencontre-a-madrid\/\"},\"author\":{\"name\":\"Chiara Ragni\",\"@id\":\"https:\/\/www.isaitaly.com\/it\/#\/schema\/person\/a037a937bb57eff6090f0fb3a141652f\"},\"headline\":\"Rencontre InterSICOP 2022 \u00e0 Madrid\",\"datePublished\":\"2022-01-31T15:21:29+00:00\",\"dateModified\":\"2022-03-08T10:59:43+00:00\",\"mainEntityOfPage\":{\"@id\":\"https:\/\/www.isaitaly.com\/fr\/intersicop-2022-premiere-rencontre-a-madrid\/\"},\"wordCount\":587,\"commentCount\":0,\"image\":{\"@id\":\"https:\/\/www.isaitaly.com\/fr\/intersicop-2022-premiere-rencontre-a-madrid\/#primaryimage\"},\"thumbnailUrl\":\"https:\/\/www.isaitaly.com\/wp-content\/uploads\/2022\/01\/IMG_0148.jpg\",\"articleSection\":[\"Nouvelles\",\"\u00c9v\u00e9nements\",\"Glaces et p\u00e2tisseries\"],\"inLanguage\":\"fr-FR\",\"potentialAction\":[{\"@type\":\"CommentAction\",\"name\":\"Comment\",\"target\":[\"https:\/\/www.isaitaly.com\/fr\/intersicop-2022-premiere-rencontre-a-madrid\/#respond\"]}]},{\"@type\":\"WebPage\",\"@id\":\"https:\/\/www.isaitaly.com\/fr\/intersicop-2022-premiere-rencontre-a-madrid\/\",\"url\":\"https:\/\/www.isaitaly.com\/fr\/intersicop-2022-premiere-rencontre-a-madrid\/\",\"name\":\"ISA et InterSICOP 2022 | Premi\u00e8re r\u00e9union \u00e0 Madrid\",\"isPartOf\":{\"@id\":\"https:\/\/www.isaitaly.com\/it\/#website\"},\"primaryImageOfPage\":{\"@id\":\"https:\/\/www.isaitaly.com\/fr\/intersicop-2022-premiere-rencontre-a-madrid\/#primaryimage\"},\"image\":{\"@id\":\"https:\/\/www.isaitaly.com\/fr\/intersicop-2022-premiere-rencontre-a-madrid\/#primaryimage\"},\"thumbnailUrl\":\"https:\/\/www.isaitaly.com\/wp-content\/uploads\/2022\/01\/IMG_0148.jpg\",\"datePublished\":\"2022-01-31T15:21:29+00:00\",\"dateModified\":\"2022-03-08T10:59:43+00:00\",\"author\":{\"@id\":\"https:\/\/www.isaitaly.com\/it\/#\/schema\/person\/a037a937bb57eff6090f0fb3a141652f\"},\"description\":\"Du 19 au 22 f\u00e9vrier, Madrid s'est tenue InterSICOP 2022, la premi\u00e8re exposition du calendrier international dans le secteur de la p\u00e2tisserie et de la cr\u00e8me glac\u00e9e.\",\"breadcrumb\":{\"@id\":\"https:\/\/www.isaitaly.com\/fr\/intersicop-2022-premiere-rencontre-a-madrid\/#breadcrumb\"},\"inLanguage\":\"fr-FR\",\"potentialAction\":[{\"@type\":\"ReadAction\",\"target\":[\"https:\/\/www.isaitaly.com\/fr\/intersicop-2022-premiere-rencontre-a-madrid\/\"]}]},{\"@type\":\"ImageObject\",\"inLanguage\":\"fr-FR\",\"@id\":\"https:\/\/www.isaitaly.com\/fr\/intersicop-2022-premiere-rencontre-a-madrid\/#primaryimage\",\"url\":\"https:\/\/www.isaitaly.com\/wp-content\/uploads\/2022\/01\/IMG_0148.jpg\",\"contentUrl\":\"https:\/\/www.isaitaly.com\/wp-content\/uploads\/2022\/01\/IMG_0148.jpg\",\"width\":2560,\"height\":1920},{\"@type\":\"BreadcrumbList\",\"@id\":\"https:\/\/www.isaitaly.com\/fr\/intersicop-2022-premiere-rencontre-a-madrid\/#breadcrumb\",\"itemListElement\":[{\"@type\":\"ListItem\",\"position\":1,\"name\":\"Home\",\"item\":\"https:\/\/www.isaitaly.com\/it\/\"},{\"@type\":\"ListItem\",\"position\":2,\"name\":\"Rencontre InterSICOP 2022 \u00e0 Madrid\"}]},{\"@type\":\"WebSite\",\"@id\":\"https:\/\/www.isaitaly.com\/it\/#website\",\"url\":\"https:\/\/www.isaitaly.com\/it\/\",\"name\":\"ISA\",\"description\":\"\",\"potentialAction\":[{\"@type\":\"SearchAction\",\"target\":{\"@type\":\"EntryPoint\",\"urlTemplate\":\"https:\/\/www.isaitaly.com\/it\/?s={search_term_string}\"},\"query-input\":{\"@type\":\"PropertyValueSpecification\",\"valueRequired\":true,\"valueName\":\"search_term_string\"}}],\"inLanguage\":\"fr-FR\"},{\"@type\":\"Person\",\"@id\":\"https:\/\/www.isaitaly.com\/it\/#\/schema\/person\/a037a937bb57eff6090f0fb3a141652f\",\"name\":\"Chiara Ragni\",\"image\":{\"@type\":\"ImageObject\",\"inLanguage\":\"fr-FR\",\"@id\":\"https:\/\/www.isaitaly.com\/it\/#\/schema\/person\/image\/\",\"url\":\"https:\/\/secure.gravatar.com\/avatar\/beac86d476d522474ef1f9de9fb8dc49?s=96&d=mm&r=g\",\"contentUrl\":\"https:\/\/secure.gravatar.com\/avatar\/beac86d476d522474ef1f9de9fb8dc49?s=96&d=mm&r=g\",\"caption\":\"Chiara Ragni\"},\"url\":\"https:\/\/www.isaitaly.com\/fr\/author\/chiara-ragni\/\"}]}<\/script>\n<!-- \/ Yoast SEO plugin. -->","yoast_head_json":{"title":"ISA et InterSICOP 2022 | Premi\u00e8re r\u00e9union \u00e0 Madrid","description":"Du 19 au 22 f\u00e9vrier, Madrid s'est tenue InterSICOP 2022, la premi\u00e8re exposition du calendrier international dans le secteur de la p\u00e2tisserie et de la cr\u00e8me glac\u00e9e.","robots":{"index":"index","follow":"follow","max-snippet":"max-snippet:-1","max-image-preview":"max-image-preview:large","max-video-preview":"max-video-preview:-1"},"canonical":"https:\/\/www.isaitaly.com\/fr\/intersicop-2022-premiere-rencontre-a-madrid\/","og_locale":"fr_FR","og_type":"article","og_title":"ISA et InterSICOP 2022 | Premi\u00e8re r\u00e9union \u00e0 Madrid","og_description":"Du 19 au 22 f\u00e9vrier, Madrid s'est tenue InterSICOP 2022, la premi\u00e8re exposition du calendrier international dans le secteur de la p\u00e2tisserie et de la cr\u00e8me glac\u00e9e.","og_url":"https:\/\/www.isaitaly.com\/fr\/intersicop-2022-premiere-rencontre-a-madrid\/","og_site_name":"ISA","article_published_time":"2022-01-31T15:21:29+00:00","article_modified_time":"2022-03-08T10:59:43+00:00","og_image":[{"width":1024,"height":768,"url":"https:\/\/www.isaitaly.com\/wp-content\/uploads\/2022\/01\/IMG_0148-1024x768.jpg","type":"image\/jpeg"}],"author":"Chiara Ragni","twitter_card":"summary_large_image","twitter_misc":{"\u00c9crit par":"Chiara Ragni","Dur\u00e9e de lecture estim\u00e9e":"3 minutes"},"schema":{"@context":"https:\/\/schema.org","@graph":[{"@type":"Article","@id":"https:\/\/www.isaitaly.com\/fr\/intersicop-2022-premiere-rencontre-a-madrid\/#article","isPartOf":{"@id":"https:\/\/www.isaitaly.com\/fr\/intersicop-2022-premiere-rencontre-a-madrid\/"},"author":{"name":"Chiara Ragni","@id":"https:\/\/www.isaitaly.com\/it\/#\/schema\/person\/a037a937bb57eff6090f0fb3a141652f"},"headline":"Rencontre InterSICOP 2022 \u00e0 Madrid","datePublished":"2022-01-31T15:21:29+00:00","dateModified":"2022-03-08T10:59:43+00:00","mainEntityOfPage":{"@id":"https:\/\/www.isaitaly.com\/fr\/intersicop-2022-premiere-rencontre-a-madrid\/"},"wordCount":587,"commentCount":0,"image":{"@id":"https:\/\/www.isaitaly.com\/fr\/intersicop-2022-premiere-rencontre-a-madrid\/#primaryimage"},"thumbnailUrl":"https:\/\/www.isaitaly.com\/wp-content\/uploads\/2022\/01\/IMG_0148.jpg","articleSection":["Nouvelles","\u00c9v\u00e9nements","Glaces et p\u00e2tisseries"],"inLanguage":"fr-FR","potentialAction":[{"@type":"CommentAction","name":"Comment","target":["https:\/\/www.isaitaly.com\/fr\/intersicop-2022-premiere-rencontre-a-madrid\/#respond"]}]},{"@type":"WebPage","@id":"https:\/\/www.isaitaly.com\/fr\/intersicop-2022-premiere-rencontre-a-madrid\/","url":"https:\/\/www.isaitaly.com\/fr\/intersicop-2022-premiere-rencontre-a-madrid\/","name":"ISA et InterSICOP 2022 | Premi\u00e8re r\u00e9union \u00e0 Madrid","isPartOf":{"@id":"https:\/\/www.isaitaly.com\/it\/#website"},"primaryImageOfPage":{"@id":"https:\/\/www.isaitaly.com\/fr\/intersicop-2022-premiere-rencontre-a-madrid\/#primaryimage"},"image":{"@id":"https:\/\/www.isaitaly.com\/fr\/intersicop-2022-premiere-rencontre-a-madrid\/#primaryimage"},"thumbnailUrl":"https:\/\/www.isaitaly.com\/wp-content\/uploads\/2022\/01\/IMG_0148.jpg","datePublished":"2022-01-31T15:21:29+00:00","dateModified":"2022-03-08T10:59:43+00:00","author":{"@id":"https:\/\/www.isaitaly.com\/it\/#\/schema\/person\/a037a937bb57eff6090f0fb3a141652f"},"description":"Du 19 au 22 f\u00e9vrier, Madrid s'est tenue InterSICOP 2022, la premi\u00e8re exposition du calendrier international dans le secteur de la p\u00e2tisserie et de la cr\u00e8me glac\u00e9e.","breadcrumb":{"@id":"https:\/\/www.isaitaly.com\/fr\/intersicop-2022-premiere-rencontre-a-madrid\/#breadcrumb"},"inLanguage":"fr-FR","potentialAction":[{"@type":"ReadAction","target":["https:\/\/www.isaitaly.com\/fr\/intersicop-2022-premiere-rencontre-a-madrid\/"]}]},{"@type":"ImageObject","inLanguage":"fr-FR","@id":"https:\/\/www.isaitaly.com\/fr\/intersicop-2022-premiere-rencontre-a-madrid\/#primaryimage","url":"https:\/\/www.isaitaly.com\/wp-content\/uploads\/2022\/01\/IMG_0148.jpg","contentUrl":"https:\/\/www.isaitaly.com\/wp-content\/uploads\/2022\/01\/IMG_0148.jpg","width":2560,"height":1920},{"@type":"BreadcrumbList","@id":"https:\/\/www.isaitaly.com\/fr\/intersicop-2022-premiere-rencontre-a-madrid\/#breadcrumb","itemListElement":[{"@type":"ListItem","position":1,"name":"Home","item":"https:\/\/www.isaitaly.com\/it\/"},{"@type":"ListItem","position":2,"name":"Rencontre InterSICOP 2022 \u00e0 Madrid"}]},{"@type":"WebSite","@id":"https:\/\/www.isaitaly.com\/it\/#website","url":"https:\/\/www.isaitaly.com\/it\/","name":"ISA","description":"","potentialAction":[{"@type":"SearchAction","target":{"@type":"EntryPoint","urlTemplate":"https:\/\/www.isaitaly.com\/it\/?s={search_term_string}"},"query-input":{"@type":"PropertyValueSpecification","valueRequired":true,"valueName":"search_term_string"}}],"inLanguage":"fr-FR"},{"@type":"Person","@id":"https:\/\/www.isaitaly.com\/it\/#\/schema\/person\/a037a937bb57eff6090f0fb3a141652f","name":"Chiara Ragni","image":{"@type":"ImageObject","inLanguage":"fr-FR","@id":"https:\/\/www.isaitaly.com\/it\/#\/schema\/person\/image\/","url":"https:\/\/secure.gravatar.com\/avatar\/beac86d476d522474ef1f9de9fb8dc49?s=96&d=mm&r=g","contentUrl":"https:\/\/secure.gravatar.com\/avatar\/beac86d476d522474ef1f9de9fb8dc49?s=96&d=mm&r=g","caption":"Chiara Ragni"},"url":"https:\/\/www.isaitaly.com\/fr\/author\/chiara-ragni\/"}]}},"_links":{"self":[{"href":"https:\/\/www.isaitaly.com\/fr\/wp-json\/wp\/v2\/posts\/72148","targetHints":{"allow":["GET"]}}],"collection":[{"href":"https:\/\/www.isaitaly.com\/fr\/wp-json\/wp\/v2\/posts"}],"about":[{"href":"https:\/\/www.isaitaly.com\/fr\/wp-json\/wp\/v2\/types\/post"}],"author":[{"embeddable":true,"href":"https:\/\/www.isaitaly.com\/fr\/wp-json\/wp\/v2\/users\/3"}],"replies":[{"embeddable":true,"href":"https:\/\/www.isaitaly.com\/fr\/wp-json\/wp\/v2\/comments?post=72148"}],"version-history":[{"count":6,"href":"https:\/\/www.isaitaly.com\/fr\/wp-json\/wp\/v2\/posts\/72148\/revisions"}],"predecessor-version":[{"id":73800,"href":"https:\/\/www.isaitaly.com\/fr\/wp-json\/wp\/v2\/posts\/72148\/revisions\/73800"}],"wp:featuredmedia":[{"embeddable":true,"href":"https:\/\/www.isaitaly.com\/fr\/wp-json\/wp\/v2\/media\/73684"}],"wp:attachment":[{"href":"https:\/\/www.isaitaly.com\/fr\/wp-json\/wp\/v2\/media?parent=72148"}],"wp:term":[{"taxonomy":"category","embeddable":true,"href":"https:\/\/www.isaitaly.com\/fr\/wp-json\/wp\/v2\/categories?post=72148"},{"taxonomy":"post_tag","embeddable":true,"href":"https:\/\/www.isaitaly.com\/fr\/wp-json\/wp\/v2\/tags?post=72148"}],"curies":[{"name":"wp","href":"https:\/\/api.w.org\/{rel}","templated":true}]}}