{"id":70052,"date":"2022-01-05T13:57:00","date_gmt":"2022-01-05T12:57:00","guid":{"rendered":"https:\/\/www.isaitaly.com\/come-arredare-una-gelateria-consigli-strumenti-fondamentali-e-trend\/"},"modified":"2022-01-12T14:19:02","modified_gmt":"2022-01-12T13:19:02","slug":"comment-amenager-un-salon-de-glace-conseils-sur-les-outils-de-base-et-les-tendances","status":"publish","type":"post","link":"https:\/\/www.isaitaly.com\/fr\/comment-amenager-un-salon-de-glace-conseils-sur-les-outils-de-base-et-les-tendances\/","title":{"rendered":"Comment am\u00e9nager un salon de glace : conseils, outils de base et tendances"},"content":{"rendered":"<p>Le glacier contemporain est polyvalent, efficace et visuellement essentiel. En m\u00eame temps, elle est de plus en plus attentive aux solutions technologiques innovantes pour simplifier le service et atteindre le plus haut niveau de qualit\u00e9. La cl\u00e9 de vo\u00fbte du projet est le pr\u00e9sentoir pour les glaces. Une fois que le \u00ab\u00a0c\u0153ur\u00a0\u00bb de la boutique a \u00e9t\u00e9 d\u00e9fini, tout le reste suit. Voici les incontournables et les meilleurs meubles pour les glaciers et les vitrines gastronomiques modernes.<\/p>\n<h2>Meubles pour glaciers : syst\u00e8mes de r\u00e9frig\u00e9ration<\/h2>\n<p>Afin de garantir l&rsquo;excellence du produit dans toutes les conditions, il est n\u00e9cessaire d&rsquo;\u00e9valuer les questions techniques de la gestion du froid avant l&rsquo;aspect esth\u00e9tique. La r\u00e9frig\u00e9ration des glaces, des b\u00e2tonnets et des portions individuelles est facilit\u00e9e par des syst\u00e8mes de ventilation intelligents, avec un \u00e9vaporateur simple ou double et une arriv\u00e9e d&rsquo;air, des d\u00e9flecteurs r\u00e9glables et une <strong>fonction de d\u00e9givrage intelligente<\/strong>. Cela am\u00e9liore l&rsquo;aspect de la cr\u00e8me glac\u00e9e et pr\u00e9serve ses caract\u00e9ristiques organoleptiques. En outre, les syst\u00e8mes les plus sophistiqu\u00e9s permettent de calibrer les modes de r\u00e9frig\u00e9ration en fonction du type de produit expos\u00e9. Gr\u00e2ce \u00e0 la <strong>fonction <\/strong>\u00ab\u00a0<strong>dual zone<\/strong>\u00a0\u00bb , les vitrines ISA permettent de g\u00e9rer deux temp\u00e9ratures diff\u00e9rentes au sein d&rsquo;une m\u00eame vitrine \u00e0 glaces : par exemple, des sorbets \u00e0 -12\u00b0C, des cr\u00e8mes \u00e0 -15\u00b0C ou des slushies \u00e0 -7\u00b0C.<\/p>\n<p><img loading=\"lazy\" decoding=\"async\" class=\"aligncenter size-large wp-image-69849\" src=\"https:\/\/www.isaitaly.com\/wp-content\/uploads\/2022\/01\/Supercapri-Curva-web-1-1024x587.jpg\" alt=\"\" width=\"1024\" height=\"587\" srcset=\"https:\/\/www.isaitaly.com\/wp-content\/uploads\/2022\/01\/Supercapri-Curva-web-1-980x562.jpg 980w, https:\/\/www.isaitaly.com\/wp-content\/uploads\/2022\/01\/Supercapri-Curva-web-1-480x275.jpg 480w\" sizes=\"auto, (min-width: 0px) and (max-width: 480px) 480px, (min-width: 481px) and (max-width: 980px) 980px, (min-width: 981px) 1024px, 100vw\" \/><\/p>\n<p>Une autre fonction strat\u00e9gique est l&rsquo;option \u00ab\u00a0<strong>Dual Temperature<\/strong>\u00a0\u00bb , qui permet de disposer d&rsquo;une vitrine multifonctionnelle pour varier l&rsquo;offre en fonction de la saison: si n\u00e9cessaire, la vitrine \u00e0 glaces peut \u00eatre facilement transform\u00e9e en vitrine \u00e0 p\u00e2tisserie par simple pression sur un bouton. Gr\u00e2ce aux syst\u00e8mes de <strong>canalisation<\/strong>, les vitrines multiservices allient efficacit\u00e9, polyvalence de service et esth\u00e9tique. Il est possible de personnaliser l&rsquo;agencement en pla\u00e7ant c\u00f4te \u00e0 c\u00f4te des vitrines de glaces, de p\u00e2tisseries, de chocolats et de plats chauds ayant le m\u00eame profil esth\u00e9tique, sans interruption.<\/p>\n<h2>Am\u00e9nagement d&rsquo;un salon de d\u00e9gustation de glaces \u00e0 la mode<\/h2>\n<p>En termes d&rsquo;aspect, les syst\u00e8mes de mobilier pour glaciers offrent un large \u00e9ventail de possibilit\u00e9s pour le choix des mat\u00e9riaux et des finitions. Les vitrines r\u00e9frig\u00e9r\u00e9es peuvent \u00eatre esth\u00e9tis\u00e9es avec des panneaux <strong>lisses ou frais\u00e9s<\/strong> et des plateaux allant du <strong>marbre<\/strong> blanc et blanc dor\u00e9 \u00e0 l&rsquo;effet graphite. Les panneaux peuvent \u00eatre textur\u00e9s pour s&rsquo;harmoniser avec le teck, le ch\u00eane ou d&rsquo;autres types de <strong>bois<\/strong>, ou d\u00e9cor\u00e9s avec des peintures sur mesure dans des teintes RAL. Les solutions en <strong>quartz<\/strong> pour le rev\u00eatement sup\u00e9rieur sont tr\u00e8s prestigieuses, dans des versions sombres ou tr\u00e8s lumineuses, comme dans le cas des \u00e9tag\u00e8res sable et beige. La personnalit\u00e9 esth\u00e9tique des vitrines peut \u00e9galement jouer sur le contraste avec des profil\u00e9s, des pieds et des socles peints en bronze, en cuivre ou dans d&rsquo;autres teintes tendance comme le gris bleu.<\/p>\n<p><img loading=\"lazy\" decoding=\"async\" class=\"aligncenter size-large wp-image-69732\" src=\"https:\/\/www.isaitaly.com\/wp-content\/uploads\/2022\/01\/ISA-MILLENNIUM-72-RGB-8-1-1024x683.jpg\" alt=\"\" width=\"1024\" height=\"683\" srcset=\"https:\/\/www.isaitaly.com\/wp-content\/uploads\/2022\/01\/ISA-MILLENNIUM-72-RGB-8-1-980x654.jpg 980w, https:\/\/www.isaitaly.com\/wp-content\/uploads\/2022\/01\/ISA-MILLENNIUM-72-RGB-8-1-480x320.jpg 480w\" sizes=\"auto, (min-width: 0px) and (max-width: 480px) 480px, (min-width: 481px) and (max-width: 980px) 980px, (min-width: 981px) 1024px, 100vw\" \/><\/p>\n<p>Les meubles pour glaciers et p\u00e2tisseries gastronomiques sont disponibles dans une version \u00ab\u00a0chic\u00a0\u00bb : parmi les options les plus raffin\u00e9es pour la pr\u00e9sentation des glaces et des produits de p\u00e2tisserie artisanale, les syst\u00e8mes <a href=\"https:\/\/www.isaitaly.com\/fr\/prodotto\/ameublement\/collections\/pentagram-antonio-citterio\/\" target=\"_blank\" rel=\"noopener\"><u><strong>Pentagram<\/strong><\/u><\/a> se distinguent, l&rsquo;excellence absolue du catalogue ISA. La gamme <a href=\"https:\/\/abaco.isaitaly.com\/\" target=\"_blank\" rel=\"noopener\"><strong>ABACO<\/strong><\/a>, qui propose des solutions professionnelles innovantes, est l&rsquo;un des produits phares de l&rsquo;offre. Avec une profondeur de seulement 80 centim\u00e8tres, la vitrine \u00e0 glaces DLT80 dispose d&rsquo;une double rang\u00e9e de bacs de 5 litres, garantissant une personnalisation compl\u00e8te de la fa\u00e7ade et des c\u00f4t\u00e9s, ainsi qu&rsquo;un alignement parfait avec les comptoirs Drop-in. En tant que point de r\u00e9f\u00e9rence pour la conception d&rsquo;am\u00e9nagements d&rsquo;exposition et de vitrines r\u00e9frig\u00e9r\u00e9es statiques et ventil\u00e9es, ISA est \u00e9galement un partenaire fiable pour l&rsquo;am\u00e9nagement de <strong>laboratoires<\/strong>. Le catalogue propose une gamme compl\u00e8te d&rsquo;armoires, de blast chillers, de tables r\u00e9frig\u00e9r\u00e9es et d&rsquo;\u00e9quipements performants, avec des propositions cibl\u00e9es pour optimiser l&rsquo;espace tout en alliant qualit\u00e9 et \u00e9conomies d&rsquo;\u00e9nergie.<\/p>\n<p><img loading=\"lazy\" decoding=\"async\" class=\"aligncenter size-large wp-image-69727\" src=\"https:\/\/www.isaitaly.com\/wp-content\/uploads\/2022\/01\/ISA-SUPERCAPRI-72-RGB-5-1-1024x683.jpg\" alt=\"\" width=\"1024\" height=\"683\" srcset=\"https:\/\/www.isaitaly.com\/wp-content\/uploads\/2022\/01\/ISA-SUPERCAPRI-72-RGB-5-1-980x654.jpg 980w, https:\/\/www.isaitaly.com\/wp-content\/uploads\/2022\/01\/ISA-SUPERCAPRI-72-RGB-5-1-480x320.jpg 480w\" sizes=\"auto, (min-width: 0px) and (max-width: 480px) 480px, (min-width: 481px) and (max-width: 980px) 980px, (min-width: 981px) 1024px, 100vw\" \/><\/p>\n<p>&nbsp;<\/p>\n","protected":false},"excerpt":{"rendered":"<p>Le glacier contemporain est polyvalent, efficace et visuellement essentiel. En m\u00eame temps, elle est de plus en plus attentive aux solutions technologiques innovantes pour simplifier le service et atteindre le plus haut niveau de qualit\u00e9.<\/p>\n","protected":false},"author":3,"featured_media":69739,"comment_status":"open","ping_status":"open","sticky":false,"template":"","format":"standard","meta":{"_et_pb_use_builder":"","_et_pb_old_content":"","_et_gb_content_width":"","footnotes":""},"categories":[878],"tags":[1168,1169,1170],"class_list":["post-70052","post","type-post","status-publish","format-standard","has-post-thumbnail","hentry","category-glaces-et-patisseries","tag-arredare-gelateria-fr","tag-gelateria-fr","tag-vetrina-gelato-fr"],"acf":[],"yoast_head":"<!-- This site is optimized with the Yoast SEO plugin v26.8 - https:\/\/yoast.com\/product\/yoast-seo-wordpress\/ -->\n<title>Comment meubler un salon de cr\u00e8me glac\u00e9e | ISA<\/title>\n<meta name=\"description\" content=\"Des \u00e9tag\u00e8res r\u00e9frig\u00e9r\u00e9es au choix de l&#039;ameublement, les recommandations d&#039;ISA pour meubler un salon de glace avec style.\" \/>\n<meta name=\"robots\" content=\"index, follow, max-snippet:-1, max-image-preview:large, max-video-preview:-1\" \/>\n<link rel=\"canonical\" href=\"https:\/\/www.isaitaly.com\/it\/come-arredare-una-gelateria-consigli-strumenti-fondamentali-e-trend\/\" \/>\n<meta property=\"og:locale\" content=\"fr_FR\" \/>\n<meta property=\"og:type\" content=\"article\" \/>\n<meta property=\"og:title\" content=\"Comment meubler un salon de cr\u00e8me glac\u00e9e | ISA\" \/>\n<meta property=\"og:description\" content=\"Des \u00e9tag\u00e8res r\u00e9frig\u00e9r\u00e9es au choix de l&#039;ameublement, les recommandations d&#039;ISA pour meubler un salon de glace avec style.\" \/>\n<meta property=\"og:url\" content=\"https:\/\/www.isaitaly.com\/it\/come-arredare-una-gelateria-consigli-strumenti-fondamentali-e-trend\/\" \/>\n<meta property=\"og:site_name\" content=\"ISA\" \/>\n<meta property=\"article:published_time\" content=\"2022-01-05T12:57:00+00:00\" \/>\n<meta property=\"article:modified_time\" content=\"2022-01-12T13:19:02+00:00\" \/>\n<meta property=\"og:image\" content=\"https:\/\/www.isaitaly.com\/wp-content\/uploads\/2022\/01\/isa-supercapri-ambientata-1-1.jpg\" \/>\n\t<meta property=\"og:image:width\" content=\"1680\" \/>\n\t<meta property=\"og:image:height\" content=\"1121\" \/>\n\t<meta property=\"og:image:type\" content=\"image\/jpeg\" \/>\n<meta name=\"author\" content=\"Chiara Ragni\" \/>\n<meta name=\"twitter:card\" content=\"summary_large_image\" \/>\n<meta name=\"twitter:label1\" content=\"\u00c9crit par\" \/>\n\t<meta name=\"twitter:data1\" content=\"Chiara Ragni\" \/>\n\t<meta name=\"twitter:label2\" content=\"Dur\u00e9e de lecture estim\u00e9e\" \/>\n\t<meta name=\"twitter:data2\" content=\"3 minutes\" \/>\n<script type=\"application\/ld+json\" class=\"yoast-schema-graph\">{\"@context\":\"https:\/\/schema.org\",\"@graph\":[{\"@type\":\"Article\",\"@id\":\"https:\/\/www.isaitaly.com\/it\/come-arredare-una-gelateria-consigli-strumenti-fondamentali-e-trend\/#article\",\"isPartOf\":{\"@id\":\"https:\/\/www.isaitaly.com\/it\/come-arredare-una-gelateria-consigli-strumenti-fondamentali-e-trend\/\"},\"author\":{\"name\":\"Chiara Ragni\",\"@id\":\"https:\/\/www.isaitaly.com\/it\/#\/schema\/person\/a037a937bb57eff6090f0fb3a141652f\"},\"headline\":\"Comment am\u00e9nager un salon de glace : conseils, outils de base et tendances\",\"datePublished\":\"2022-01-05T12:57:00+00:00\",\"dateModified\":\"2022-01-12T13:19:02+00:00\",\"mainEntityOfPage\":{\"@id\":\"https:\/\/www.isaitaly.com\/it\/come-arredare-una-gelateria-consigli-strumenti-fondamentali-e-trend\/\"},\"wordCount\":727,\"commentCount\":0,\"image\":{\"@id\":\"https:\/\/www.isaitaly.com\/it\/come-arredare-una-gelateria-consigli-strumenti-fondamentali-e-trend\/#primaryimage\"},\"thumbnailUrl\":\"https:\/\/www.isaitaly.com\/wp-content\/uploads\/2022\/01\/isa-supercapri-ambientata-1-1.jpg\",\"keywords\":[\"arredare gelateria\",\"gelateria\",\"vetrina gelato\"],\"articleSection\":[\"Glaces et p\u00e2tisseries\"],\"inLanguage\":\"fr-FR\",\"potentialAction\":[{\"@type\":\"CommentAction\",\"name\":\"Comment\",\"target\":[\"https:\/\/www.isaitaly.com\/it\/come-arredare-una-gelateria-consigli-strumenti-fondamentali-e-trend\/#respond\"]}]},{\"@type\":\"WebPage\",\"@id\":\"https:\/\/www.isaitaly.com\/it\/come-arredare-una-gelateria-consigli-strumenti-fondamentali-e-trend\/\",\"url\":\"https:\/\/www.isaitaly.com\/it\/come-arredare-una-gelateria-consigli-strumenti-fondamentali-e-trend\/\",\"name\":\"Comment meubler un salon de cr\u00e8me glac\u00e9e | ISA\",\"isPartOf\":{\"@id\":\"https:\/\/www.isaitaly.com\/it\/#website\"},\"primaryImageOfPage\":{\"@id\":\"https:\/\/www.isaitaly.com\/it\/come-arredare-una-gelateria-consigli-strumenti-fondamentali-e-trend\/#primaryimage\"},\"image\":{\"@id\":\"https:\/\/www.isaitaly.com\/it\/come-arredare-una-gelateria-consigli-strumenti-fondamentali-e-trend\/#primaryimage\"},\"thumbnailUrl\":\"https:\/\/www.isaitaly.com\/wp-content\/uploads\/2022\/01\/isa-supercapri-ambientata-1-1.jpg\",\"datePublished\":\"2022-01-05T12:57:00+00:00\",\"dateModified\":\"2022-01-12T13:19:02+00:00\",\"author\":{\"@id\":\"https:\/\/www.isaitaly.com\/it\/#\/schema\/person\/a037a937bb57eff6090f0fb3a141652f\"},\"description\":\"Des \u00e9tag\u00e8res r\u00e9frig\u00e9r\u00e9es au choix de l'ameublement, les recommandations d'ISA pour meubler un salon de glace avec style.\",\"breadcrumb\":{\"@id\":\"https:\/\/www.isaitaly.com\/it\/come-arredare-una-gelateria-consigli-strumenti-fondamentali-e-trend\/#breadcrumb\"},\"inLanguage\":\"fr-FR\",\"potentialAction\":[{\"@type\":\"ReadAction\",\"target\":[\"https:\/\/www.isaitaly.com\/it\/come-arredare-una-gelateria-consigli-strumenti-fondamentali-e-trend\/\"]}]},{\"@type\":\"ImageObject\",\"inLanguage\":\"fr-FR\",\"@id\":\"https:\/\/www.isaitaly.com\/it\/come-arredare-una-gelateria-consigli-strumenti-fondamentali-e-trend\/#primaryimage\",\"url\":\"https:\/\/www.isaitaly.com\/wp-content\/uploads\/2022\/01\/isa-supercapri-ambientata-1-1.jpg\",\"contentUrl\":\"https:\/\/www.isaitaly.com\/wp-content\/uploads\/2022\/01\/isa-supercapri-ambientata-1-1.jpg\",\"width\":1680,\"height\":1121},{\"@type\":\"BreadcrumbList\",\"@id\":\"https:\/\/www.isaitaly.com\/it\/come-arredare-una-gelateria-consigli-strumenti-fondamentali-e-trend\/#breadcrumb\",\"itemListElement\":[{\"@type\":\"ListItem\",\"position\":1,\"name\":\"Home\",\"item\":\"https:\/\/www.isaitaly.com\/it\/\"},{\"@type\":\"ListItem\",\"position\":2,\"name\":\"Comment am\u00e9nager un salon de glace : conseils, outils de base et tendances\"}]},{\"@type\":\"WebSite\",\"@id\":\"https:\/\/www.isaitaly.com\/it\/#website\",\"url\":\"https:\/\/www.isaitaly.com\/it\/\",\"name\":\"ISA\",\"description\":\"\",\"potentialAction\":[{\"@type\":\"SearchAction\",\"target\":{\"@type\":\"EntryPoint\",\"urlTemplate\":\"https:\/\/www.isaitaly.com\/it\/?s={search_term_string}\"},\"query-input\":{\"@type\":\"PropertyValueSpecification\",\"valueRequired\":true,\"valueName\":\"search_term_string\"}}],\"inLanguage\":\"fr-FR\"},{\"@type\":\"Person\",\"@id\":\"https:\/\/www.isaitaly.com\/it\/#\/schema\/person\/a037a937bb57eff6090f0fb3a141652f\",\"name\":\"Chiara Ragni\",\"image\":{\"@type\":\"ImageObject\",\"inLanguage\":\"fr-FR\",\"@id\":\"https:\/\/www.isaitaly.com\/it\/#\/schema\/person\/image\/\",\"url\":\"https:\/\/secure.gravatar.com\/avatar\/beac86d476d522474ef1f9de9fb8dc49?s=96&d=mm&r=g\",\"contentUrl\":\"https:\/\/secure.gravatar.com\/avatar\/beac86d476d522474ef1f9de9fb8dc49?s=96&d=mm&r=g\",\"caption\":\"Chiara Ragni\"},\"url\":\"https:\/\/www.isaitaly.com\/fr\/author\/chiara-ragni\/\"}]}<\/script>\n<!-- \/ Yoast SEO plugin. -->","yoast_head_json":{"title":"Comment meubler un salon de cr\u00e8me glac\u00e9e | ISA","description":"Des \u00e9tag\u00e8res r\u00e9frig\u00e9r\u00e9es au choix de l'ameublement, les recommandations d'ISA pour meubler un salon de glace avec style.","robots":{"index":"index","follow":"follow","max-snippet":"max-snippet:-1","max-image-preview":"max-image-preview:large","max-video-preview":"max-video-preview:-1"},"canonical":"https:\/\/www.isaitaly.com\/it\/come-arredare-una-gelateria-consigli-strumenti-fondamentali-e-trend\/","og_locale":"fr_FR","og_type":"article","og_title":"Comment meubler un salon de cr\u00e8me glac\u00e9e | ISA","og_description":"Des \u00e9tag\u00e8res r\u00e9frig\u00e9r\u00e9es au choix de l'ameublement, les recommandations d'ISA pour meubler un salon de glace avec style.","og_url":"https:\/\/www.isaitaly.com\/it\/come-arredare-una-gelateria-consigli-strumenti-fondamentali-e-trend\/","og_site_name":"ISA","article_published_time":"2022-01-05T12:57:00+00:00","article_modified_time":"2022-01-12T13:19:02+00:00","og_image":[{"width":1680,"height":1121,"url":"https:\/\/www.isaitaly.com\/wp-content\/uploads\/2022\/01\/isa-supercapri-ambientata-1-1.jpg","type":"image\/jpeg"}],"author":"Chiara Ragni","twitter_card":"summary_large_image","twitter_misc":{"\u00c9crit par":"Chiara Ragni","Dur\u00e9e de lecture estim\u00e9e":"3 minutes"},"schema":{"@context":"https:\/\/schema.org","@graph":[{"@type":"Article","@id":"https:\/\/www.isaitaly.com\/it\/come-arredare-una-gelateria-consigli-strumenti-fondamentali-e-trend\/#article","isPartOf":{"@id":"https:\/\/www.isaitaly.com\/it\/come-arredare-una-gelateria-consigli-strumenti-fondamentali-e-trend\/"},"author":{"name":"Chiara Ragni","@id":"https:\/\/www.isaitaly.com\/it\/#\/schema\/person\/a037a937bb57eff6090f0fb3a141652f"},"headline":"Comment am\u00e9nager un salon de glace : conseils, outils de base et tendances","datePublished":"2022-01-05T12:57:00+00:00","dateModified":"2022-01-12T13:19:02+00:00","mainEntityOfPage":{"@id":"https:\/\/www.isaitaly.com\/it\/come-arredare-una-gelateria-consigli-strumenti-fondamentali-e-trend\/"},"wordCount":727,"commentCount":0,"image":{"@id":"https:\/\/www.isaitaly.com\/it\/come-arredare-una-gelateria-consigli-strumenti-fondamentali-e-trend\/#primaryimage"},"thumbnailUrl":"https:\/\/www.isaitaly.com\/wp-content\/uploads\/2022\/01\/isa-supercapri-ambientata-1-1.jpg","keywords":["arredare gelateria","gelateria","vetrina gelato"],"articleSection":["Glaces et p\u00e2tisseries"],"inLanguage":"fr-FR","potentialAction":[{"@type":"CommentAction","name":"Comment","target":["https:\/\/www.isaitaly.com\/it\/come-arredare-una-gelateria-consigli-strumenti-fondamentali-e-trend\/#respond"]}]},{"@type":"WebPage","@id":"https:\/\/www.isaitaly.com\/it\/come-arredare-una-gelateria-consigli-strumenti-fondamentali-e-trend\/","url":"https:\/\/www.isaitaly.com\/it\/come-arredare-una-gelateria-consigli-strumenti-fondamentali-e-trend\/","name":"Comment meubler un salon de cr\u00e8me glac\u00e9e | ISA","isPartOf":{"@id":"https:\/\/www.isaitaly.com\/it\/#website"},"primaryImageOfPage":{"@id":"https:\/\/www.isaitaly.com\/it\/come-arredare-una-gelateria-consigli-strumenti-fondamentali-e-trend\/#primaryimage"},"image":{"@id":"https:\/\/www.isaitaly.com\/it\/come-arredare-una-gelateria-consigli-strumenti-fondamentali-e-trend\/#primaryimage"},"thumbnailUrl":"https:\/\/www.isaitaly.com\/wp-content\/uploads\/2022\/01\/isa-supercapri-ambientata-1-1.jpg","datePublished":"2022-01-05T12:57:00+00:00","dateModified":"2022-01-12T13:19:02+00:00","author":{"@id":"https:\/\/www.isaitaly.com\/it\/#\/schema\/person\/a037a937bb57eff6090f0fb3a141652f"},"description":"Des \u00e9tag\u00e8res r\u00e9frig\u00e9r\u00e9es au choix de l'ameublement, les recommandations d'ISA pour meubler un salon de glace avec style.","breadcrumb":{"@id":"https:\/\/www.isaitaly.com\/it\/come-arredare-una-gelateria-consigli-strumenti-fondamentali-e-trend\/#breadcrumb"},"inLanguage":"fr-FR","potentialAction":[{"@type":"ReadAction","target":["https:\/\/www.isaitaly.com\/it\/come-arredare-una-gelateria-consigli-strumenti-fondamentali-e-trend\/"]}]},{"@type":"ImageObject","inLanguage":"fr-FR","@id":"https:\/\/www.isaitaly.com\/it\/come-arredare-una-gelateria-consigli-strumenti-fondamentali-e-trend\/#primaryimage","url":"https:\/\/www.isaitaly.com\/wp-content\/uploads\/2022\/01\/isa-supercapri-ambientata-1-1.jpg","contentUrl":"https:\/\/www.isaitaly.com\/wp-content\/uploads\/2022\/01\/isa-supercapri-ambientata-1-1.jpg","width":1680,"height":1121},{"@type":"BreadcrumbList","@id":"https:\/\/www.isaitaly.com\/it\/come-arredare-una-gelateria-consigli-strumenti-fondamentali-e-trend\/#breadcrumb","itemListElement":[{"@type":"ListItem","position":1,"name":"Home","item":"https:\/\/www.isaitaly.com\/it\/"},{"@type":"ListItem","position":2,"name":"Comment am\u00e9nager un salon de glace : conseils, outils de base et tendances"}]},{"@type":"WebSite","@id":"https:\/\/www.isaitaly.com\/it\/#website","url":"https:\/\/www.isaitaly.com\/it\/","name":"ISA","description":"","potentialAction":[{"@type":"SearchAction","target":{"@type":"EntryPoint","urlTemplate":"https:\/\/www.isaitaly.com\/it\/?s={search_term_string}"},"query-input":{"@type":"PropertyValueSpecification","valueRequired":true,"valueName":"search_term_string"}}],"inLanguage":"fr-FR"},{"@type":"Person","@id":"https:\/\/www.isaitaly.com\/it\/#\/schema\/person\/a037a937bb57eff6090f0fb3a141652f","name":"Chiara Ragni","image":{"@type":"ImageObject","inLanguage":"fr-FR","@id":"https:\/\/www.isaitaly.com\/it\/#\/schema\/person\/image\/","url":"https:\/\/secure.gravatar.com\/avatar\/beac86d476d522474ef1f9de9fb8dc49?s=96&d=mm&r=g","contentUrl":"https:\/\/secure.gravatar.com\/avatar\/beac86d476d522474ef1f9de9fb8dc49?s=96&d=mm&r=g","caption":"Chiara Ragni"},"url":"https:\/\/www.isaitaly.com\/fr\/author\/chiara-ragni\/"}]}},"_links":{"self":[{"href":"https:\/\/www.isaitaly.com\/fr\/wp-json\/wp\/v2\/posts\/70052","targetHints":{"allow":["GET"]}}],"collection":[{"href":"https:\/\/www.isaitaly.com\/fr\/wp-json\/wp\/v2\/posts"}],"about":[{"href":"https:\/\/www.isaitaly.com\/fr\/wp-json\/wp\/v2\/types\/post"}],"author":[{"embeddable":true,"href":"https:\/\/www.isaitaly.com\/fr\/wp-json\/wp\/v2\/users\/3"}],"replies":[{"embeddable":true,"href":"https:\/\/www.isaitaly.com\/fr\/wp-json\/wp\/v2\/comments?post=70052"}],"version-history":[{"count":13,"href":"https:\/\/www.isaitaly.com\/fr\/wp-json\/wp\/v2\/posts\/70052\/revisions"}],"predecessor-version":[{"id":70077,"href":"https:\/\/www.isaitaly.com\/fr\/wp-json\/wp\/v2\/posts\/70052\/revisions\/70077"}],"wp:featuredmedia":[{"embeddable":true,"href":"https:\/\/www.isaitaly.com\/fr\/wp-json\/wp\/v2\/media\/69739"}],"wp:attachment":[{"href":"https:\/\/www.isaitaly.com\/fr\/wp-json\/wp\/v2\/media?parent=70052"}],"wp:term":[{"taxonomy":"category","embeddable":true,"href":"https:\/\/www.isaitaly.com\/fr\/wp-json\/wp\/v2\/categories?post=70052"},{"taxonomy":"post_tag","embeddable":true,"href":"https:\/\/www.isaitaly.com\/fr\/wp-json\/wp\/v2\/tags?post=70052"}],"curies":[{"name":"wp","href":"https:\/\/api.w.org\/{rel}","templated":true}]}}