{"id":127516,"date":"2025-12-11T15:42:08","date_gmt":"2025-12-11T14:42:08","guid":{"rendered":"https:\/\/www.isaitaly.com\/isa-spa-partecipa-alla-realizzazione-del-nuovo-dav-cantalupa\/"},"modified":"2025-12-15T11:08:12","modified_gmt":"2025-12-15T10:08:12","slug":"isa-spa-participe-a-la-realisation-du-nouveau-dav-cantalupa","status":"publish","type":"post","link":"https:\/\/www.isaitaly.com\/fr\/isa-spa-participe-a-la-realisation-du-nouveau-dav-cantalupa\/","title":{"rendered":"Cr\u00e9ativit\u00e9, Savoir-faire : Rencontre Stellaire"},"content":{"rendered":"<p class=\"p1\">ISA SPA participe \u00e0 la r\u00e9alisation du nouveau DaV Cantalupa, le bistrot de la famille Cerea \u00e0 Brusaporto.<\/p>\n<p><iframe loading=\"lazy\" title=\"ISA for DaV Cantalupa, the Cerea family&#039;s bistro at Brusaporto.\" width=\"1080\" height=\"608\" src=\"https:\/\/www.youtube.com\/embed\/w4t6UimtF0E?feature=oembed\"  allow=\"accelerometer; autoplay; clipboard-write; encrypted-media; gyroscope; picture-in-picture; web-share\" referrerpolicy=\"strict-origin-when-cross-origin\" allowfullscreen><\/iframe><\/p>\n<p class=\"p1\">Le nouveau projet DaV Cantalupa, sign\u00e9 par le prestigieux cabinet d&rsquo;architecture <i>Joseph Di Pasquale architects <\/i>de Milan, repr\u00e9sente pleinement ce qu&rsquo;ISA Spa est capable de r\u00e9aliser aujourd&rsquo;hui.<\/p>\n<p class=\"p1\">Le projet architectural du DaV Cantalupa a \u00e9t\u00e9 interpr\u00e9t\u00e9 par les techniciens d&rsquo;ISA, impliquant l&rsquo;ensemble du personnel de l&rsquo;entreprise. Une exp\u00e9rience significative, r\u00e9alis\u00e9e en collaboration avec Rossella Cerea, \u00e2me du projet et directrice g\u00e9n\u00e9rale de Da Vittorio, sous la supervision de Carlo Giulietti.<\/p>\n<p class=\"p1\">ISA se distingue de plus en plus dans le monde HoReCa gr\u00e2ce \u00e0 sa capacit\u00e9 \u00e0 r\u00e9aliser des projets sur mesure, et DaV Cantalupa en est l&rsquo;une des expressions les plus abouties : un projet ambitieux, \u00e0 fort impact et prestigieux.<\/p>\n<p class=\"p1\"><b>L&rsquo;American Bar <\/b>et le <b>Show Grill <\/b>sont particuli\u00e8rement remarquables et t\u00e9moignent du savoir-faire et de la ma\u00eetrise d&rsquo;ISA. On y remarque l&rsquo;imposant comptoir incurv\u00e9, avec un plateau forg\u00e9 et enti\u00e8rement r\u00e9alis\u00e9 en marbre naturel Blue Fire, avec une fa\u00e7ade en bois de noyer, enrichi de d\u00e9tails pr\u00e9cieux dans les finitions et le syst\u00e8me d&rsquo;\u00e9clairage. Les tables destin\u00e9es \u00e0 accueillir les clients ont \u00e9galement \u00e9t\u00e9 enti\u00e8rement r\u00e9alis\u00e9es par ISA : tournage soign\u00e9, finition en laque laiton bruni et plateaux en gr\u00e8s c\u00e9rame R\u00eave Blue, certaines con\u00e7ues comme des \u00e9l\u00e9ments modulaires, facilement assemblables ou s\u00e9parables, pour une flexibilit\u00e9 et une adaptabilit\u00e9 maximales aux espaces du DaV Cantalupa.<\/p>\n<p class=\"p1\"><img loading=\"lazy\" decoding=\"async\" class=\"alignnone size-large wp-image-127266\" src=\"https:\/\/www.isaitaly.com\/wp-content\/uploads\/2025\/11\/Da_Vittorio_Bistrot_040925-21-1024x683.jpg\" alt=\"\" width=\"1024\" height=\"683\" srcset=\"https:\/\/www.isaitaly.com\/wp-content\/uploads\/2025\/11\/Da_Vittorio_Bistrot_040925-21-980x653.jpg 980w, https:\/\/www.isaitaly.com\/wp-content\/uploads\/2025\/11\/Da_Vittorio_Bistrot_040925-21-480x320.jpg 480w\" sizes=\"auto, (min-width: 0px) and (max-width: 480px) 480px, (min-width: 481px) and (max-width: 980px) 980px, (min-width: 981px) 1024px, 100vw\" \/><\/p>\n<p class=\"p1\">Une autre r\u00e9alisation importante est la <b>cave \u00e0 vin <\/b>spectaculaire, qui occupe une partie consid\u00e9rable de l&rsquo;espace. Enti\u00e8rement transparente, elle a \u00e9t\u00e9 r\u00e9alis\u00e9e sur mesure avec une structure en aluminium et des vitres isolantes, capables de garantir la conservation parfaite des bouteilles les plus pr\u00e9cieuses. Les \u00e9tag\u00e8res int\u00e9rieures, \u00e9quip\u00e9es de plateaux en plexiglas r\u00e9tro\u00e9clair\u00e9s, sont con\u00e7ues pour accueillir de mani\u00e8re optimale chaque bouteille.<\/p>\n<p><img loading=\"lazy\" decoding=\"async\" class=\"alignnone size-large wp-image-127261\" src=\"https:\/\/www.isaitaly.com\/wp-content\/uploads\/2025\/11\/Da_Vittorio_Bistrot_040925-18-1024x683.jpg\" alt=\"\" width=\"1024\" height=\"683\" srcset=\"https:\/\/www.isaitaly.com\/wp-content\/uploads\/2025\/11\/Da_Vittorio_Bistrot_040925-18-980x653.jpg 980w, https:\/\/www.isaitaly.com\/wp-content\/uploads\/2025\/11\/Da_Vittorio_Bistrot_040925-18-480x320.jpg 480w\" sizes=\"auto, (min-width: 0px) and (max-width: 480px) 480px, (min-width: 481px) and (max-width: 980px) 980px, (min-width: 981px) 1024px, 100vw\" \/><\/p>\n<p class=\"p1\">Le projet architectural repose \u00e9galement sur la volont\u00e9 de maintenir un dialogue constant avec le paysage environnant, gr\u00e2ce \u00e0 de grandes baies vitr\u00e9es ouvrables qui renforcent le lien entre l&rsquo;int\u00e9rieur et l&rsquo;ext\u00e9rieur, augmentant ainsi la sensation d&rsquo;immersion dans la nature.<\/p>\n<p><img loading=\"lazy\" decoding=\"async\" class=\"alignnone size-large wp-image-127256\" src=\"https:\/\/www.isaitaly.com\/wp-content\/uploads\/2025\/11\/Da_Vittorio_Bistrot_040925-1-1024x683.jpg\" alt=\"\" width=\"1024\" height=\"683\" srcset=\"https:\/\/www.isaitaly.com\/wp-content\/uploads\/2025\/11\/Da_Vittorio_Bistrot_040925-1-980x653.jpg 980w, https:\/\/www.isaitaly.com\/wp-content\/uploads\/2025\/11\/Da_Vittorio_Bistrot_040925-1-480x320.jpg 480w\" sizes=\"auto, (min-width: 0px) and (max-width: 480px) 480px, (min-width: 481px) and (max-width: 980px) 980px, (min-width: 981px) 1024px, 100vw\" \/><\/p>\n<p class=\"p1\">Le grand espace ouvert de la salle de restaurant est agr\u00e9ment\u00e9 d&rsquo;un spectaculaire <b>mur organique \u00ab vivant \u00bb<\/b>, form\u00e9 de rubans dor\u00e9s sculpt\u00e9s dans le ch\u00eane. Un \u00e9l\u00e9ment qui, comme l&rsquo;affirme l&rsquo;architecte Joseph Di Pasquale, \u00ab <i>cr\u00e9e un lien fort entre la m\u00e9moire du pass\u00e9, l&rsquo;\u00e9motion du pr\u00e9sent et l&rsquo;imagination du futur <\/i>\u00bb.<\/p>\n<p class=\"p1\">DaV Cantalupa propose une v\u00e9ritable <b>exp\u00e9rience culinaire innovante<\/b>, o\u00f9 la vision architecturale se marie \u00e0 la pr\u00e9cieuse personnalisation sign\u00e9e ISA, incarnant \u00e0 la fois le style et la tradition de la famille Cerea. Comme le rappelle le chef \u00e9toil\u00e9 Enrico Cerea, dit Chicco : \u00ab <i>Pour nous, la nourriture est une forme d&rsquo;amour, une fa\u00e7on de faire du bien aux autres, mais aussi \u00e0 nous-m\u00eames <\/i>\u00bb.<\/p>\n<p class=\"p1\">Il ne reste donc plus qu&rsquo;\u00e0 se laisser s\u00e9duire par ce magnifique espace : au DaV Cantalupa de Brusaporto, on savoure avec le palais, mais aussi avec les yeux.<\/p>\n<p><img loading=\"lazy\" decoding=\"async\" class=\"alignnone size-full wp-image-127443\" src=\"https:\/\/www.isaitaly.com\/wp-content\/uploads\/2025\/12\/BLT4359.jpg\" alt=\"\" width=\"948\" height=\"633\" srcset=\"https:\/\/www.isaitaly.com\/wp-content\/uploads\/2025\/12\/BLT4359.jpg 948w, https:\/\/www.isaitaly.com\/wp-content\/uploads\/2025\/12\/BLT4359-480x321.jpg 480w\" sizes=\"auto, (min-width: 0px) and (max-width: 480px) 480px, (min-width: 481px) 948px, 100vw\" \/><\/p>\n<p class=\"p1\">Les fr\u00e8res Cerea, Rossella et Chicco, ont \u00e9t\u00e9 nos invit\u00e9s sur le stand ISA \u00e0 Host, o\u00f9 ils ont \u00e9t\u00e9 photographi\u00e9s ici avec Andrea Cocchi, PDG d&rsquo;ISA.<\/p>\n","protected":false},"excerpt":{"rendered":"<p>ISA se distingue de plus en plus dans le monde HoReCa gr\u00e2ce \u00e0 sa capacit\u00e9 \u00e0 r\u00e9aliser des projets sur mesure, et DaV Cantalupa en est l&rsquo;une des expressions les plus abouties : un projet ambitieux, \u00e0 fort impact et prestigieux.<\/p>\n","protected":false},"author":3,"featured_media":127268,"comment_status":"open","ping_status":"open","sticky":false,"template":"","format":"standard","meta":{"_et_pb_use_builder":"off","_et_pb_old_content":"","_et_gb_content_width":"","footnotes":""},"categories":[936],"tags":[1342,1331],"class_list":["post-127516","post","type-post","status-publish","format-standard","has-post-thumbnail","hentry","category-nouvelles","tag-design","tag-horeca"],"acf":[],"yoast_head":"<!-- This site is optimized with the Yoast SEO plugin v26.8 - https:\/\/yoast.com\/product\/yoast-seo-wordpress\/ -->\n<title>ISA SPA participe \u00e0 la r\u00e9alisation du nouveau DaV Cantalupa.<\/title>\n<meta name=\"description\" content=\"Le nouveau projet DaV Cantalupa, repr\u00e9sente pleinement ce qu&#039;ISA Spa est capable de r\u00e9aliser aujourd&#039;hui.\" \/>\n<meta name=\"robots\" content=\"index, follow, max-snippet:-1, max-image-preview:large, max-video-preview:-1\" \/>\n<link rel=\"canonical\" href=\"https:\/\/www.isaitaly.com\/fr\/isa-spa-participe-a-la-realisation-du-nouveau-dav-cantalupa\/\" \/>\n<meta property=\"og:locale\" content=\"fr_FR\" \/>\n<meta property=\"og:type\" content=\"article\" \/>\n<meta property=\"og:title\" content=\"ISA SPA participe \u00e0 la r\u00e9alisation du nouveau DaV Cantalupa.\" \/>\n<meta property=\"og:description\" content=\"Le nouveau projet DaV Cantalupa, repr\u00e9sente pleinement ce qu&#039;ISA Spa est capable de r\u00e9aliser aujourd&#039;hui.\" \/>\n<meta property=\"og:url\" content=\"https:\/\/www.isaitaly.com\/fr\/isa-spa-participe-a-la-realisation-du-nouveau-dav-cantalupa\/\" \/>\n<meta property=\"og:site_name\" content=\"ISA\" \/>\n<meta property=\"article:published_time\" content=\"2025-12-11T14:42:08+00:00\" \/>\n<meta property=\"article:modified_time\" content=\"2025-12-15T10:08:12+00:00\" \/>\n<meta property=\"og:image\" content=\"https:\/\/www.isaitaly.com\/wp-content\/uploads\/2025\/11\/Da_Vittorio_Bistrot_040925-21.jpg\" \/>\n\t<meta property=\"og:image:width\" content=\"1920\" \/>\n\t<meta property=\"og:image:height\" content=\"1280\" \/>\n\t<meta property=\"og:image:type\" content=\"image\/jpeg\" \/>\n<meta name=\"author\" content=\"Chiara Ragni\" \/>\n<meta name=\"twitter:card\" content=\"summary_large_image\" \/>\n<meta name=\"twitter:label1\" content=\"\u00c9crit par\" \/>\n\t<meta name=\"twitter:data1\" content=\"Chiara Ragni\" \/>\n\t<meta name=\"twitter:label2\" content=\"Dur\u00e9e de lecture estim\u00e9e\" \/>\n\t<meta name=\"twitter:data2\" content=\"4 minutes\" \/>\n<script type=\"application\/ld+json\" class=\"yoast-schema-graph\">{\"@context\":\"https:\/\/schema.org\",\"@graph\":[{\"@type\":\"Article\",\"@id\":\"https:\/\/www.isaitaly.com\/fr\/isa-spa-participe-a-la-realisation-du-nouveau-dav-cantalupa\/#article\",\"isPartOf\":{\"@id\":\"https:\/\/www.isaitaly.com\/fr\/isa-spa-participe-a-la-realisation-du-nouveau-dav-cantalupa\/\"},\"author\":{\"name\":\"Chiara Ragni\",\"@id\":\"https:\/\/www.isaitaly.com\/it\/#\/schema\/person\/a037a937bb57eff6090f0fb3a141652f\"},\"headline\":\"Cr\u00e9ativit\u00e9, Savoir-faire : Rencontre Stellaire\",\"datePublished\":\"2025-12-11T14:42:08+00:00\",\"dateModified\":\"2025-12-15T10:08:12+00:00\",\"mainEntityOfPage\":{\"@id\":\"https:\/\/www.isaitaly.com\/fr\/isa-spa-participe-a-la-realisation-du-nouveau-dav-cantalupa\/\"},\"wordCount\":595,\"commentCount\":0,\"image\":{\"@id\":\"https:\/\/www.isaitaly.com\/fr\/isa-spa-participe-a-la-realisation-du-nouveau-dav-cantalupa\/#primaryimage\"},\"thumbnailUrl\":\"https:\/\/www.isaitaly.com\/wp-content\/uploads\/2025\/11\/Da_Vittorio_Bistrot_040925-21.jpg\",\"keywords\":[\"design\",\"horeca\"],\"articleSection\":[\"Nouvelles\"],\"inLanguage\":\"fr-FR\",\"potentialAction\":[{\"@type\":\"CommentAction\",\"name\":\"Comment\",\"target\":[\"https:\/\/www.isaitaly.com\/fr\/isa-spa-participe-a-la-realisation-du-nouveau-dav-cantalupa\/#respond\"]}]},{\"@type\":\"WebPage\",\"@id\":\"https:\/\/www.isaitaly.com\/fr\/isa-spa-participe-a-la-realisation-du-nouveau-dav-cantalupa\/\",\"url\":\"https:\/\/www.isaitaly.com\/fr\/isa-spa-participe-a-la-realisation-du-nouveau-dav-cantalupa\/\",\"name\":\"ISA SPA participe \u00e0 la r\u00e9alisation du nouveau DaV Cantalupa.\",\"isPartOf\":{\"@id\":\"https:\/\/www.isaitaly.com\/it\/#website\"},\"primaryImageOfPage\":{\"@id\":\"https:\/\/www.isaitaly.com\/fr\/isa-spa-participe-a-la-realisation-du-nouveau-dav-cantalupa\/#primaryimage\"},\"image\":{\"@id\":\"https:\/\/www.isaitaly.com\/fr\/isa-spa-participe-a-la-realisation-du-nouveau-dav-cantalupa\/#primaryimage\"},\"thumbnailUrl\":\"https:\/\/www.isaitaly.com\/wp-content\/uploads\/2025\/11\/Da_Vittorio_Bistrot_040925-21.jpg\",\"datePublished\":\"2025-12-11T14:42:08+00:00\",\"dateModified\":\"2025-12-15T10:08:12+00:00\",\"author\":{\"@id\":\"https:\/\/www.isaitaly.com\/it\/#\/schema\/person\/a037a937bb57eff6090f0fb3a141652f\"},\"description\":\"Le nouveau projet DaV Cantalupa, repr\u00e9sente pleinement ce qu'ISA Spa est capable de r\u00e9aliser aujourd'hui.\",\"breadcrumb\":{\"@id\":\"https:\/\/www.isaitaly.com\/fr\/isa-spa-participe-a-la-realisation-du-nouveau-dav-cantalupa\/#breadcrumb\"},\"inLanguage\":\"fr-FR\",\"potentialAction\":[{\"@type\":\"ReadAction\",\"target\":[\"https:\/\/www.isaitaly.com\/fr\/isa-spa-participe-a-la-realisation-du-nouveau-dav-cantalupa\/\"]}]},{\"@type\":\"ImageObject\",\"inLanguage\":\"fr-FR\",\"@id\":\"https:\/\/www.isaitaly.com\/fr\/isa-spa-participe-a-la-realisation-du-nouveau-dav-cantalupa\/#primaryimage\",\"url\":\"https:\/\/www.isaitaly.com\/wp-content\/uploads\/2025\/11\/Da_Vittorio_Bistrot_040925-21.jpg\",\"contentUrl\":\"https:\/\/www.isaitaly.com\/wp-content\/uploads\/2025\/11\/Da_Vittorio_Bistrot_040925-21.jpg\",\"width\":1920,\"height\":1280},{\"@type\":\"BreadcrumbList\",\"@id\":\"https:\/\/www.isaitaly.com\/fr\/isa-spa-participe-a-la-realisation-du-nouveau-dav-cantalupa\/#breadcrumb\",\"itemListElement\":[{\"@type\":\"ListItem\",\"position\":1,\"name\":\"Home\",\"item\":\"https:\/\/www.isaitaly.com\/it\/\"},{\"@type\":\"ListItem\",\"position\":2,\"name\":\"Cr\u00e9ativit\u00e9, Savoir-faire : Rencontre Stellaire\"}]},{\"@type\":\"WebSite\",\"@id\":\"https:\/\/www.isaitaly.com\/it\/#website\",\"url\":\"https:\/\/www.isaitaly.com\/it\/\",\"name\":\"ISA\",\"description\":\"\",\"potentialAction\":[{\"@type\":\"SearchAction\",\"target\":{\"@type\":\"EntryPoint\",\"urlTemplate\":\"https:\/\/www.isaitaly.com\/it\/?s={search_term_string}\"},\"query-input\":{\"@type\":\"PropertyValueSpecification\",\"valueRequired\":true,\"valueName\":\"search_term_string\"}}],\"inLanguage\":\"fr-FR\"},{\"@type\":\"Person\",\"@id\":\"https:\/\/www.isaitaly.com\/it\/#\/schema\/person\/a037a937bb57eff6090f0fb3a141652f\",\"name\":\"Chiara Ragni\",\"image\":{\"@type\":\"ImageObject\",\"inLanguage\":\"fr-FR\",\"@id\":\"https:\/\/www.isaitaly.com\/it\/#\/schema\/person\/image\/\",\"url\":\"https:\/\/secure.gravatar.com\/avatar\/beac86d476d522474ef1f9de9fb8dc49?s=96&d=mm&r=g\",\"contentUrl\":\"https:\/\/secure.gravatar.com\/avatar\/beac86d476d522474ef1f9de9fb8dc49?s=96&d=mm&r=g\",\"caption\":\"Chiara Ragni\"},\"url\":\"https:\/\/www.isaitaly.com\/fr\/author\/chiara-ragni\/\"}]}<\/script>\n<!-- \/ Yoast SEO plugin. -->","yoast_head_json":{"title":"ISA SPA participe \u00e0 la r\u00e9alisation du nouveau DaV Cantalupa.","description":"Le nouveau projet DaV Cantalupa, repr\u00e9sente pleinement ce qu'ISA Spa est capable de r\u00e9aliser aujourd'hui.","robots":{"index":"index","follow":"follow","max-snippet":"max-snippet:-1","max-image-preview":"max-image-preview:large","max-video-preview":"max-video-preview:-1"},"canonical":"https:\/\/www.isaitaly.com\/fr\/isa-spa-participe-a-la-realisation-du-nouveau-dav-cantalupa\/","og_locale":"fr_FR","og_type":"article","og_title":"ISA SPA participe \u00e0 la r\u00e9alisation du nouveau DaV Cantalupa.","og_description":"Le nouveau projet DaV Cantalupa, repr\u00e9sente pleinement ce qu'ISA Spa est capable de r\u00e9aliser aujourd'hui.","og_url":"https:\/\/www.isaitaly.com\/fr\/isa-spa-participe-a-la-realisation-du-nouveau-dav-cantalupa\/","og_site_name":"ISA","article_published_time":"2025-12-11T14:42:08+00:00","article_modified_time":"2025-12-15T10:08:12+00:00","og_image":[{"width":1920,"height":1280,"url":"https:\/\/www.isaitaly.com\/wp-content\/uploads\/2025\/11\/Da_Vittorio_Bistrot_040925-21.jpg","type":"image\/jpeg"}],"author":"Chiara Ragni","twitter_card":"summary_large_image","twitter_misc":{"\u00c9crit par":"Chiara Ragni","Dur\u00e9e de lecture estim\u00e9e":"4 minutes"},"schema":{"@context":"https:\/\/schema.org","@graph":[{"@type":"Article","@id":"https:\/\/www.isaitaly.com\/fr\/isa-spa-participe-a-la-realisation-du-nouveau-dav-cantalupa\/#article","isPartOf":{"@id":"https:\/\/www.isaitaly.com\/fr\/isa-spa-participe-a-la-realisation-du-nouveau-dav-cantalupa\/"},"author":{"name":"Chiara Ragni","@id":"https:\/\/www.isaitaly.com\/it\/#\/schema\/person\/a037a937bb57eff6090f0fb3a141652f"},"headline":"Cr\u00e9ativit\u00e9, Savoir-faire : Rencontre Stellaire","datePublished":"2025-12-11T14:42:08+00:00","dateModified":"2025-12-15T10:08:12+00:00","mainEntityOfPage":{"@id":"https:\/\/www.isaitaly.com\/fr\/isa-spa-participe-a-la-realisation-du-nouveau-dav-cantalupa\/"},"wordCount":595,"commentCount":0,"image":{"@id":"https:\/\/www.isaitaly.com\/fr\/isa-spa-participe-a-la-realisation-du-nouveau-dav-cantalupa\/#primaryimage"},"thumbnailUrl":"https:\/\/www.isaitaly.com\/wp-content\/uploads\/2025\/11\/Da_Vittorio_Bistrot_040925-21.jpg","keywords":["design","horeca"],"articleSection":["Nouvelles"],"inLanguage":"fr-FR","potentialAction":[{"@type":"CommentAction","name":"Comment","target":["https:\/\/www.isaitaly.com\/fr\/isa-spa-participe-a-la-realisation-du-nouveau-dav-cantalupa\/#respond"]}]},{"@type":"WebPage","@id":"https:\/\/www.isaitaly.com\/fr\/isa-spa-participe-a-la-realisation-du-nouveau-dav-cantalupa\/","url":"https:\/\/www.isaitaly.com\/fr\/isa-spa-participe-a-la-realisation-du-nouveau-dav-cantalupa\/","name":"ISA SPA participe \u00e0 la r\u00e9alisation du nouveau DaV Cantalupa.","isPartOf":{"@id":"https:\/\/www.isaitaly.com\/it\/#website"},"primaryImageOfPage":{"@id":"https:\/\/www.isaitaly.com\/fr\/isa-spa-participe-a-la-realisation-du-nouveau-dav-cantalupa\/#primaryimage"},"image":{"@id":"https:\/\/www.isaitaly.com\/fr\/isa-spa-participe-a-la-realisation-du-nouveau-dav-cantalupa\/#primaryimage"},"thumbnailUrl":"https:\/\/www.isaitaly.com\/wp-content\/uploads\/2025\/11\/Da_Vittorio_Bistrot_040925-21.jpg","datePublished":"2025-12-11T14:42:08+00:00","dateModified":"2025-12-15T10:08:12+00:00","author":{"@id":"https:\/\/www.isaitaly.com\/it\/#\/schema\/person\/a037a937bb57eff6090f0fb3a141652f"},"description":"Le nouveau projet DaV Cantalupa, repr\u00e9sente pleinement ce qu'ISA Spa est capable de r\u00e9aliser aujourd'hui.","breadcrumb":{"@id":"https:\/\/www.isaitaly.com\/fr\/isa-spa-participe-a-la-realisation-du-nouveau-dav-cantalupa\/#breadcrumb"},"inLanguage":"fr-FR","potentialAction":[{"@type":"ReadAction","target":["https:\/\/www.isaitaly.com\/fr\/isa-spa-participe-a-la-realisation-du-nouveau-dav-cantalupa\/"]}]},{"@type":"ImageObject","inLanguage":"fr-FR","@id":"https:\/\/www.isaitaly.com\/fr\/isa-spa-participe-a-la-realisation-du-nouveau-dav-cantalupa\/#primaryimage","url":"https:\/\/www.isaitaly.com\/wp-content\/uploads\/2025\/11\/Da_Vittorio_Bistrot_040925-21.jpg","contentUrl":"https:\/\/www.isaitaly.com\/wp-content\/uploads\/2025\/11\/Da_Vittorio_Bistrot_040925-21.jpg","width":1920,"height":1280},{"@type":"BreadcrumbList","@id":"https:\/\/www.isaitaly.com\/fr\/isa-spa-participe-a-la-realisation-du-nouveau-dav-cantalupa\/#breadcrumb","itemListElement":[{"@type":"ListItem","position":1,"name":"Home","item":"https:\/\/www.isaitaly.com\/it\/"},{"@type":"ListItem","position":2,"name":"Cr\u00e9ativit\u00e9, Savoir-faire : Rencontre Stellaire"}]},{"@type":"WebSite","@id":"https:\/\/www.isaitaly.com\/it\/#website","url":"https:\/\/www.isaitaly.com\/it\/","name":"ISA","description":"","potentialAction":[{"@type":"SearchAction","target":{"@type":"EntryPoint","urlTemplate":"https:\/\/www.isaitaly.com\/it\/?s={search_term_string}"},"query-input":{"@type":"PropertyValueSpecification","valueRequired":true,"valueName":"search_term_string"}}],"inLanguage":"fr-FR"},{"@type":"Person","@id":"https:\/\/www.isaitaly.com\/it\/#\/schema\/person\/a037a937bb57eff6090f0fb3a141652f","name":"Chiara Ragni","image":{"@type":"ImageObject","inLanguage":"fr-FR","@id":"https:\/\/www.isaitaly.com\/it\/#\/schema\/person\/image\/","url":"https:\/\/secure.gravatar.com\/avatar\/beac86d476d522474ef1f9de9fb8dc49?s=96&d=mm&r=g","contentUrl":"https:\/\/secure.gravatar.com\/avatar\/beac86d476d522474ef1f9de9fb8dc49?s=96&d=mm&r=g","caption":"Chiara Ragni"},"url":"https:\/\/www.isaitaly.com\/fr\/author\/chiara-ragni\/"}]}},"_links":{"self":[{"href":"https:\/\/www.isaitaly.com\/fr\/wp-json\/wp\/v2\/posts\/127516","targetHints":{"allow":["GET"]}}],"collection":[{"href":"https:\/\/www.isaitaly.com\/fr\/wp-json\/wp\/v2\/posts"}],"about":[{"href":"https:\/\/www.isaitaly.com\/fr\/wp-json\/wp\/v2\/types\/post"}],"author":[{"embeddable":true,"href":"https:\/\/www.isaitaly.com\/fr\/wp-json\/wp\/v2\/users\/3"}],"replies":[{"embeddable":true,"href":"https:\/\/www.isaitaly.com\/fr\/wp-json\/wp\/v2\/comments?post=127516"}],"version-history":[{"count":2,"href":"https:\/\/www.isaitaly.com\/fr\/wp-json\/wp\/v2\/posts\/127516\/revisions"}],"predecessor-version":[{"id":127520,"href":"https:\/\/www.isaitaly.com\/fr\/wp-json\/wp\/v2\/posts\/127516\/revisions\/127520"}],"wp:featuredmedia":[{"embeddable":true,"href":"https:\/\/www.isaitaly.com\/fr\/wp-json\/wp\/v2\/media\/127268"}],"wp:attachment":[{"href":"https:\/\/www.isaitaly.com\/fr\/wp-json\/wp\/v2\/media?parent=127516"}],"wp:term":[{"taxonomy":"category","embeddable":true,"href":"https:\/\/www.isaitaly.com\/fr\/wp-json\/wp\/v2\/categories?post=127516"},{"taxonomy":"post_tag","embeddable":true,"href":"https:\/\/www.isaitaly.com\/fr\/wp-json\/wp\/v2\/tags?post=127516"}],"curies":[{"name":"wp","href":"https:\/\/api.w.org\/{rel}","templated":true}]}}