{"id":28130,"date":"2019-02-07T13:44:06","date_gmt":"2019-02-07T12:44:06","guid":{"rendered":"https:\/\/www.isaitaly.com\/sigep-2019-isa-protagonista-alla-40-edizione\/"},"modified":"2023-12-18T15:50:10","modified_gmt":"2023-12-18T14:50:10","slug":"sigep-2019-isa-leading-at-40-edition","status":"publish","type":"post","link":"https:\/\/www.isaitaly.com\/en\/sigep-2019-isa-leading-at-40-edition\/","title":{"rendered":"Sigep 2019, ISA leading at 40th edition"},"content":{"rendered":"<p>This year<strong> 200.000 people<\/strong> have been at the <strong>40th Sigep edition<\/strong> of Italian Exhibition Group (IEG), <strong>32.848 were foreign buyers<\/strong> from <strong>185 countries<\/strong>. The most large inflow of public have come from Germany and Spain followed by France, Poland and England. Significant markets such as the USA, Russia and China were also part of this fair.<\/p>\n<p>The big\u202finternational Italian Exhibition of artisan gelato and confectionery has been concluded with participation of<strong> 1.250 exhibitors<\/strong> which have been occupied an exhibition space of\u202f<strong>129.000 square metres<\/strong>. <strong>1.294 events<\/strong> were been organized by participating companies and more than <strong>200 million of media contacts<\/strong> were been developed by <strong>925 foreign journalist<\/strong>.<\/p>\n<p><strong>ISA<\/strong> has confirmed its presence as a l<strong>eader in professional refrigeration\u202fand shopfitting<\/strong> for multiservice bar, ice cream shops and much more.<\/p>\n\n\t\t<style type=\"text\/css\">\n\t\t\t#gallery-1 {\n\t\t\t\tmargin: auto;\n\t\t\t}\n\t\t\t#gallery-1 .gallery-item {\n\t\t\t\tfloat: left;\n\t\t\t\tmargin-top: 10px;\n\t\t\t\ttext-align: center;\n\t\t\t\twidth: 50%;\n\t\t\t}\n\t\t\t#gallery-1 img {\n\t\t\t\tborder: 2px solid #cfcfcf;\n\t\t\t}\n\t\t\t#gallery-1 .gallery-caption {\n\t\t\t\tmargin-left: 0;\n\t\t\t}\n\t\t\t\/* see gallery_shortcode() in wp-includes\/media.php *\/\n\t\t<\/style>\n\t\t<div id='gallery-1' class='gallery galleryid-28130 gallery-columns-2 gallery-size-full'><dl class='gallery-item'>\n\t\t\t<dt class='gallery-icon landscape'>\n\t\t\t\t<a href='https:\/\/www.isaitaly.com\/wp-content\/uploads\/2019\/02\/ISA-COF-SIGEP-2019-PEOPLE-72-RGB-9.jpg'><img loading=\"lazy\" decoding=\"async\" width=\"2000\" height=\"1333\" src=\"https:\/\/www.isaitaly.com\/wp-content\/uploads\/2019\/02\/ISA-COF-SIGEP-2019-PEOPLE-72-RGB-9.jpg\" class=\"attachment-full size-full\" alt=\"\" srcset=\"https:\/\/www.isaitaly.com\/wp-content\/uploads\/2019\/02\/ISA-COF-SIGEP-2019-PEOPLE-72-RGB-9.jpg 2000w, https:\/\/www.isaitaly.com\/wp-content\/uploads\/2019\/02\/ISA-COF-SIGEP-2019-PEOPLE-72-RGB-9-450x300.jpg 450w, https:\/\/www.isaitaly.com\/wp-content\/uploads\/2019\/02\/ISA-COF-SIGEP-2019-PEOPLE-72-RGB-9-768x512.jpg 768w, https:\/\/www.isaitaly.com\/wp-content\/uploads\/2019\/02\/ISA-COF-SIGEP-2019-PEOPLE-72-RGB-9-1024x682.jpg 1024w, https:\/\/www.isaitaly.com\/wp-content\/uploads\/2019\/02\/ISA-COF-SIGEP-2019-PEOPLE-72-RGB-9-1080x720.jpg 1080w\" sizes=\"auto, (max-width: 2000px) 100vw, 2000px\" \/><\/a>\n\t\t\t<\/dt><\/dl><dl class='gallery-item'>\n\t\t\t<dt class='gallery-icon landscape'>\n\t\t\t\t<a href='https:\/\/www.isaitaly.com\/wp-content\/uploads\/2019\/02\/ISA-COF-SIGEP-2019-PEOPLE-72-RGB-13-1.jpg'><img loading=\"lazy\" decoding=\"async\" width=\"2000\" height=\"1333\" src=\"https:\/\/www.isaitaly.com\/wp-content\/uploads\/2019\/02\/ISA-COF-SIGEP-2019-PEOPLE-72-RGB-13-1.jpg\" class=\"attachment-full size-full\" alt=\"\" srcset=\"https:\/\/www.isaitaly.com\/wp-content\/uploads\/2019\/02\/ISA-COF-SIGEP-2019-PEOPLE-72-RGB-13-1.jpg 2000w, https:\/\/www.isaitaly.com\/wp-content\/uploads\/2019\/02\/ISA-COF-SIGEP-2019-PEOPLE-72-RGB-13-1-450x300.jpg 450w, https:\/\/www.isaitaly.com\/wp-content\/uploads\/2019\/02\/ISA-COF-SIGEP-2019-PEOPLE-72-RGB-13-1-768x512.jpg 768w, https:\/\/www.isaitaly.com\/wp-content\/uploads\/2019\/02\/ISA-COF-SIGEP-2019-PEOPLE-72-RGB-13-1-1024x682.jpg 1024w, https:\/\/www.isaitaly.com\/wp-content\/uploads\/2019\/02\/ISA-COF-SIGEP-2019-PEOPLE-72-RGB-13-1-1080x720.jpg 1080w\" sizes=\"auto, (max-width: 2000px) 100vw, 2000px\" \/><\/a>\n\t\t\t<\/dt><\/dl><br style=\"clear: both\" \/>\n\t\t<\/div>\n\n<p>&nbsp;<\/p>\n<p>These are <strong>some of examples of ISA success at Sigep<\/strong>: <strong>400 square metres<\/strong> of a\u202fcompletely renewed stand, <strong>11 exclusive news<\/strong> presented in occasion of Sigep, <strong>more than 80 ISA products<\/strong> located in other stands, <strong>over 20 companies \u2018partners of ISA<\/strong>, <strong>people of different nationalities<\/strong> who visited our stand and a <strong>tight-knit\u202fteam of employees and partners<\/strong>.<\/p>\n\n\t\t<style type=\"text\/css\">\n\t\t\t#gallery-2 {\n\t\t\t\tmargin: auto;\n\t\t\t}\n\t\t\t#gallery-2 .gallery-item {\n\t\t\t\tfloat: left;\n\t\t\t\tmargin-top: 10px;\n\t\t\t\ttext-align: center;\n\t\t\t\twidth: 50%;\n\t\t\t}\n\t\t\t#gallery-2 img {\n\t\t\t\tborder: 2px solid #cfcfcf;\n\t\t\t}\n\t\t\t#gallery-2 .gallery-caption {\n\t\t\t\tmargin-left: 0;\n\t\t\t}\n\t\t\t\/* see gallery_shortcode() in wp-includes\/media.php *\/\n\t\t<\/style>\n\t\t<div id='gallery-2' class='gallery galleryid-28130 gallery-columns-2 gallery-size-full'><dl class='gallery-item'>\n\t\t\t<dt class='gallery-icon landscape'>\n\t\t\t\t<a href='https:\/\/www.isaitaly.com\/en\/sigep-2019-isa-leading-at-40-edition\/isa-cof-sigep-2019-people-72-rgb-17-2\/'><img loading=\"lazy\" decoding=\"async\" width=\"2000\" height=\"1333\" src=\"https:\/\/www.isaitaly.com\/wp-content\/uploads\/2019\/02\/ISA-COF-SIGEP-2019-PEOPLE-72-RGB-17.jpg\" class=\"attachment-full size-full\" alt=\"\" srcset=\"https:\/\/www.isaitaly.com\/wp-content\/uploads\/2019\/02\/ISA-COF-SIGEP-2019-PEOPLE-72-RGB-17.jpg 2000w, https:\/\/www.isaitaly.com\/wp-content\/uploads\/2019\/02\/ISA-COF-SIGEP-2019-PEOPLE-72-RGB-17-450x300.jpg 450w, https:\/\/www.isaitaly.com\/wp-content\/uploads\/2019\/02\/ISA-COF-SIGEP-2019-PEOPLE-72-RGB-17-768x512.jpg 768w, https:\/\/www.isaitaly.com\/wp-content\/uploads\/2019\/02\/ISA-COF-SIGEP-2019-PEOPLE-72-RGB-17-1024x682.jpg 1024w, https:\/\/www.isaitaly.com\/wp-content\/uploads\/2019\/02\/ISA-COF-SIGEP-2019-PEOPLE-72-RGB-17-1080x720.jpg 1080w\" sizes=\"auto, (max-width: 2000px) 100vw, 2000px\" \/><\/a>\n\t\t\t<\/dt><\/dl><dl class='gallery-item'>\n\t\t\t<dt class='gallery-icon landscape'>\n\t\t\t\t<a href='https:\/\/www.isaitaly.com\/en\/sigep-2019-isa-leading-at-40-edition\/isa-cof-sigep-2019-people-72-rgb-15-2\/'><img loading=\"lazy\" decoding=\"async\" width=\"2000\" height=\"1333\" src=\"https:\/\/www.isaitaly.com\/wp-content\/uploads\/2019\/02\/ISA-COF-SIGEP-2019-PEOPLE-72-RGB-15.jpg\" class=\"attachment-full size-full\" alt=\"\" srcset=\"https:\/\/www.isaitaly.com\/wp-content\/uploads\/2019\/02\/ISA-COF-SIGEP-2019-PEOPLE-72-RGB-15.jpg 2000w, https:\/\/www.isaitaly.com\/wp-content\/uploads\/2019\/02\/ISA-COF-SIGEP-2019-PEOPLE-72-RGB-15-450x300.jpg 450w, https:\/\/www.isaitaly.com\/wp-content\/uploads\/2019\/02\/ISA-COF-SIGEP-2019-PEOPLE-72-RGB-15-768x512.jpg 768w, https:\/\/www.isaitaly.com\/wp-content\/uploads\/2019\/02\/ISA-COF-SIGEP-2019-PEOPLE-72-RGB-15-1024x682.jpg 1024w, https:\/\/www.isaitaly.com\/wp-content\/uploads\/2019\/02\/ISA-COF-SIGEP-2019-PEOPLE-72-RGB-15-1080x720.jpg 1080w\" sizes=\"auto, (max-width: 2000px) 100vw, 2000px\" \/><\/a>\n\t\t\t<\/dt><\/dl><br style=\"clear: both\" \/>\n\t\t<\/div>\n\n<p>&nbsp;<\/p>\n<p><a href=\"http:\/\/www.hizone.it\/\" target=\"_blank\" rel=\"noopener noreferrer\"><strong>HIZONE<\/strong> <\/a>launching has been the biggest news for the Umbrian company, the<strong> new system of blast chillers and refrigerated cabinets uniquely\u202fcombines the vision of Antonio Citterio and ISA technical experience<\/strong>. HIZONE is something that was not exist, it provides a<strong> range of wardrobe and table solutions with single or mixed function<\/strong>, to adapt it to any professional need in the world of ice cream parlours, patisseries and catering in general.<\/p>\n<p>The challenging project of HIZONE is a <strong>perfect combination of the most advanced chilling technology and the impeccable aesthetics of a furniture collection<\/strong>. This outdoors kitchen laboratory has been created in occasion of Sigep and it has been confirmed as the perfect choice for the most prestigious restaurants and starred chefs.<\/p>\n<div id=\"attachment_15188\" style=\"width: 1034px\" class=\"wp-caption alignnone\"><img loading=\"lazy\" decoding=\"async\" aria-describedby=\"caption-attachment-15188\" class=\"mobile wp-image-15188 size-large\" src=\"https:\/\/www.isaitaly.com\/wp-content\/uploads\/2019\/02\/ISA-SIGEP-2019-HIZONE-72-RGB-18-1024x682.jpg\" alt=\"\" width=\"1024\" height=\"682\" srcset=\"https:\/\/www.isaitaly.com\/wp-content\/uploads\/2019\/02\/ISA-SIGEP-2019-HIZONE-72-RGB-18-1024x682.jpg 1024w, https:\/\/www.isaitaly.com\/wp-content\/uploads\/2019\/02\/ISA-SIGEP-2019-HIZONE-72-RGB-18-450x300.jpg 450w, https:\/\/www.isaitaly.com\/wp-content\/uploads\/2019\/02\/ISA-SIGEP-2019-HIZONE-72-RGB-18-768x512.jpg 768w, https:\/\/www.isaitaly.com\/wp-content\/uploads\/2019\/02\/ISA-SIGEP-2019-HIZONE-72-RGB-18-1080x720.jpg 1080w, https:\/\/www.isaitaly.com\/wp-content\/uploads\/2019\/02\/ISA-SIGEP-2019-HIZONE-72-RGB-18.jpg 2000w\" sizes=\"auto, (max-width: 1024px) 100vw, 1024px\" \/><p id=\"caption-attachment-15188\" class=\"wp-caption-text\">HIZONE<\/p><\/div>\n<div id=\"attachment_15256\" style=\"width: 1034px\" class=\"wp-caption alignnone\"><img loading=\"lazy\" decoding=\"async\" aria-describedby=\"caption-attachment-15256\" class=\"mobile wp-image-15256 size-large\" src=\"https:\/\/www.isaitaly.com\/wp-content\/uploads\/2019\/02\/ISA-SIGEP-2019-HIZONE-72-RGB-6-1024x682.jpg\" alt=\"\" width=\"1024\" height=\"682\" srcset=\"https:\/\/www.isaitaly.com\/wp-content\/uploads\/2019\/02\/ISA-SIGEP-2019-HIZONE-72-RGB-6-1024x682.jpg 1024w, https:\/\/www.isaitaly.com\/wp-content\/uploads\/2019\/02\/ISA-SIGEP-2019-HIZONE-72-RGB-6-450x300.jpg 450w, https:\/\/www.isaitaly.com\/wp-content\/uploads\/2019\/02\/ISA-SIGEP-2019-HIZONE-72-RGB-6-768x512.jpg 768w, https:\/\/www.isaitaly.com\/wp-content\/uploads\/2019\/02\/ISA-SIGEP-2019-HIZONE-72-RGB-6-1080x720.jpg 1080w, https:\/\/www.isaitaly.com\/wp-content\/uploads\/2019\/02\/ISA-SIGEP-2019-HIZONE-72-RGB-6.jpg 2000w\" sizes=\"auto, (max-width: 1024px) 100vw, 1024px\" \/><p id=\"caption-attachment-15256\" class=\"wp-caption-text\">HIZONE<\/p><\/div>\n<p>&nbsp;<\/p>\n<p>The ISA stand spaces were harmoniously divided, the main example was <strong>our dual corner separated by HIZONE and <a href=\"https:\/\/www.isaitaly.com\/en\/prodotto\/gelato-pastry-en\/ice-cream-display-cases\/oneshow-base-en\/\" target=\"_blank\" rel=\"noopener noreferrer\">Oneshow<\/a>\u2019s cabinet<\/strong> with our exclusive show technology.<\/p>\n<div id=\"attachment_15196\" style=\"width: 1034px\" class=\"wp-caption alignnone\"><img loading=\"lazy\" decoding=\"async\" aria-describedby=\"caption-attachment-15196\" class=\"mobile wp-image-15196 size-large\" src=\"https:\/\/www.isaitaly.com\/wp-content\/uploads\/2019\/02\/ISA-SIGEP-2019-HIZONE-72-RGB-23-1024x682.jpg\" alt=\"\" width=\"1024\" height=\"682\" srcset=\"https:\/\/www.isaitaly.com\/wp-content\/uploads\/2019\/02\/ISA-SIGEP-2019-HIZONE-72-RGB-23-1024x682.jpg 1024w, https:\/\/www.isaitaly.com\/wp-content\/uploads\/2019\/02\/ISA-SIGEP-2019-HIZONE-72-RGB-23-450x300.jpg 450w, https:\/\/www.isaitaly.com\/wp-content\/uploads\/2019\/02\/ISA-SIGEP-2019-HIZONE-72-RGB-23-768x512.jpg 768w, https:\/\/www.isaitaly.com\/wp-content\/uploads\/2019\/02\/ISA-SIGEP-2019-HIZONE-72-RGB-23-1080x720.jpg 1080w, https:\/\/www.isaitaly.com\/wp-content\/uploads\/2019\/02\/ISA-SIGEP-2019-HIZONE-72-RGB-23.jpg 2000w\" sizes=\"auto, (max-width: 1024px) 100vw, 1024px\" \/><p id=\"caption-attachment-15196\" class=\"wp-caption-text\">HIZONE e ONESHOW<\/p><\/div>\n<p>&nbsp;<\/p>\n<p><strong>Two new exhibitions<\/strong> and their multiple facets were showed at both sides of the aisle\u2019s stand. <strong>Lumi\u00e8re<\/strong>, one of the new ISA collection of shopfitting and <strong>Factory<\/strong> with a modular furniture composed by our <a href=\"https:\/\/www.isaitaly.com\/en\/prodotto\/gelato-pastry-en\/ice-cream-display-cases\/kelly-en\/\" target=\"_blank\" rel=\"noopener noreferrer\"><strong>Kelly<\/strong> <\/a>solutions cabinet.<\/p>\n<p>Our brand <a href=\"https:\/\/abaco.isaitaly.com\/\" target=\"_blank\" rel=\"noopener noreferrer\"><strong>ABACO<\/strong> <\/a>and its back counters in\u202fstainless steel were shown in different places at ISA stand.<\/p>\n<div id=\"attachment_15202\" style=\"width: 1034px\" class=\"wp-caption alignnone\"><img loading=\"lazy\" decoding=\"async\" aria-describedby=\"caption-attachment-15202\" class=\"mobile wp-image-15202 size-large\" src=\"https:\/\/www.isaitaly.com\/wp-content\/uploads\/2019\/02\/ISA-SIGEP-2019-LUMIERE-72-RGB-2-1024x682.jpg\" alt=\"\" width=\"1024\" height=\"682\" srcset=\"https:\/\/www.isaitaly.com\/wp-content\/uploads\/2019\/02\/ISA-SIGEP-2019-LUMIERE-72-RGB-2-1024x682.jpg 1024w, https:\/\/www.isaitaly.com\/wp-content\/uploads\/2019\/02\/ISA-SIGEP-2019-LUMIERE-72-RGB-2-450x300.jpg 450w, https:\/\/www.isaitaly.com\/wp-content\/uploads\/2019\/02\/ISA-SIGEP-2019-LUMIERE-72-RGB-2-768x512.jpg 768w, https:\/\/www.isaitaly.com\/wp-content\/uploads\/2019\/02\/ISA-SIGEP-2019-LUMIERE-72-RGB-2-1080x720.jpg 1080w, https:\/\/www.isaitaly.com\/wp-content\/uploads\/2019\/02\/ISA-SIGEP-2019-LUMIERE-72-RGB-2.jpg 2000w\" sizes=\"auto, (max-width: 1024px) 100vw, 1024px\" \/><p id=\"caption-attachment-15202\" class=\"wp-caption-text\">ARREDO MODULARE LUMIERE<\/p><\/div>\n<div id=\"attachment_15235\" style=\"width: 1034px\" class=\"wp-caption alignnone\"><img loading=\"lazy\" decoding=\"async\" aria-describedby=\"caption-attachment-15235\" class=\"mobile wp-image-15235 size-large\" src=\"https:\/\/www.isaitaly.com\/wp-content\/uploads\/2019\/02\/ISA-SIGEP-2019-KELLY-72-RGB-3-1024x682.jpg\" alt=\"\" width=\"1024\" height=\"682\" srcset=\"https:\/\/www.isaitaly.com\/wp-content\/uploads\/2019\/02\/ISA-SIGEP-2019-KELLY-72-RGB-3-1024x682.jpg 1024w, https:\/\/www.isaitaly.com\/wp-content\/uploads\/2019\/02\/ISA-SIGEP-2019-KELLY-72-RGB-3-450x300.jpg 450w, https:\/\/www.isaitaly.com\/wp-content\/uploads\/2019\/02\/ISA-SIGEP-2019-KELLY-72-RGB-3-768x512.jpg 768w, https:\/\/www.isaitaly.com\/wp-content\/uploads\/2019\/02\/ISA-SIGEP-2019-KELLY-72-RGB-3-1080x720.jpg 1080w, https:\/\/www.isaitaly.com\/wp-content\/uploads\/2019\/02\/ISA-SIGEP-2019-KELLY-72-RGB-3.jpg 2000w\" sizes=\"auto, (max-width: 1024px) 100vw, 1024px\" \/><p id=\"caption-attachment-15235\" class=\"wp-caption-text\">ARREDO MODULARE KELLY<\/p><\/div>\n<p>&nbsp;<\/p>\n<p>The topic of two of the corners stand were professional cabinets for gelato and pastry, <a href=\"https:\/\/www.isaitaly.com\/en\/prodotto\/gelato-pastry-en\/ice-cream-display-cases\/stratos\/\" target=\"_blank\" rel=\"noopener noreferrer\"><strong>Stratos<\/strong> <\/a>which was launched for its first time at the last Sigep and <a href=\"https:\/\/www.isaitaly.com\/en\/prodotto\/gelato-pastry-en\/ice-cream-display-cases\/millennium-lx\/\" target=\"_blank\" rel=\"noopener noreferrer\"><strong>Millenium<\/strong> <\/a>this year in a completely new version much more developed.<\/p>\n<div id=\"attachment_15209\" style=\"width: 1034px\" class=\"wp-caption alignnone\"><img loading=\"lazy\" decoding=\"async\" aria-describedby=\"caption-attachment-15209\" class=\"mobile wp-image-15209 size-large\" src=\"https:\/\/www.isaitaly.com\/wp-content\/uploads\/2019\/02\/ISA-SIGEP-2019-STRATOS-72-RGB-1-1024x682.jpg\" alt=\"\" width=\"1024\" height=\"682\" srcset=\"https:\/\/www.isaitaly.com\/wp-content\/uploads\/2019\/02\/ISA-SIGEP-2019-STRATOS-72-RGB-1-1024x682.jpg 1024w, https:\/\/www.isaitaly.com\/wp-content\/uploads\/2019\/02\/ISA-SIGEP-2019-STRATOS-72-RGB-1-450x300.jpg 450w, https:\/\/www.isaitaly.com\/wp-content\/uploads\/2019\/02\/ISA-SIGEP-2019-STRATOS-72-RGB-1-768x512.jpg 768w, https:\/\/www.isaitaly.com\/wp-content\/uploads\/2019\/02\/ISA-SIGEP-2019-STRATOS-72-RGB-1-1080x720.jpg 1080w, https:\/\/www.isaitaly.com\/wp-content\/uploads\/2019\/02\/ISA-SIGEP-2019-STRATOS-72-RGB-1.jpg 2000w\" sizes=\"auto, (max-width: 1024px) 100vw, 1024px\" \/><p id=\"caption-attachment-15209\" class=\"wp-caption-text\">STRATOS<\/p><\/div>\n<div id=\"attachment_15214\" style=\"width: 1034px\" class=\"wp-caption alignnone\"><img loading=\"lazy\" decoding=\"async\" aria-describedby=\"caption-attachment-15214\" class=\"mobile wp-image-15214 size-large\" src=\"https:\/\/www.isaitaly.com\/wp-content\/uploads\/2019\/02\/ISA-SIGEP-2019-MILLENNIUM-72-RGB-3-1024x682.jpg\" alt=\"\" width=\"1024\" height=\"682\" srcset=\"https:\/\/www.isaitaly.com\/wp-content\/uploads\/2019\/02\/ISA-SIGEP-2019-MILLENNIUM-72-RGB-3-1024x682.jpg 1024w, https:\/\/www.isaitaly.com\/wp-content\/uploads\/2019\/02\/ISA-SIGEP-2019-MILLENNIUM-72-RGB-3-450x300.jpg 450w, https:\/\/www.isaitaly.com\/wp-content\/uploads\/2019\/02\/ISA-SIGEP-2019-MILLENNIUM-72-RGB-3-768x512.jpg 768w, https:\/\/www.isaitaly.com\/wp-content\/uploads\/2019\/02\/ISA-SIGEP-2019-MILLENNIUM-72-RGB-3-1080x720.jpg 1080w, https:\/\/www.isaitaly.com\/wp-content\/uploads\/2019\/02\/ISA-SIGEP-2019-MILLENNIUM-72-RGB-3.jpg 2000w\" sizes=\"auto, (max-width: 1024px) 100vw, 1024px\" \/><p id=\"caption-attachment-15214\" class=\"wp-caption-text\">MILLENNIUM<\/p><\/div>\n<p>&nbsp;<\/p>\n<p>The <strong>gelato and pastry maker chef Alessandro Racca<\/strong> made a line of special creations for <a href=\"https:\/\/www.isaitaly.com\/en\/prodotto\/gelato-pastry-en\/ice-cream-display-cases\/supercapri\/\" target=\"_blank\" rel=\"noopener noreferrer\"><strong>Supercapri<\/strong> <\/a>joined cabinet fixed at an angle of the stand. At the back of the stand there was a <strong>real gelato laboratory<\/strong> where fresh gelato was made every day by the <strong>gelato maker Davide Bruno<\/strong>.<\/p>\n<div id=\"attachment_15220\" style=\"width: 1034px\" class=\"wp-caption alignnone\"><img loading=\"lazy\" decoding=\"async\" aria-describedby=\"caption-attachment-15220\" class=\"mobile wp-image-15220 size-large\" src=\"https:\/\/www.isaitaly.com\/wp-content\/uploads\/2019\/02\/ISA-SIGEP-2019-SUPERCAPRI-72-RGB-5-1024x682.jpg\" alt=\"\" width=\"1024\" height=\"682\" srcset=\"https:\/\/www.isaitaly.com\/wp-content\/uploads\/2019\/02\/ISA-SIGEP-2019-SUPERCAPRI-72-RGB-5-1024x682.jpg 1024w, https:\/\/www.isaitaly.com\/wp-content\/uploads\/2019\/02\/ISA-SIGEP-2019-SUPERCAPRI-72-RGB-5-450x300.jpg 450w, https:\/\/www.isaitaly.com\/wp-content\/uploads\/2019\/02\/ISA-SIGEP-2019-SUPERCAPRI-72-RGB-5-768x512.jpg 768w, https:\/\/www.isaitaly.com\/wp-content\/uploads\/2019\/02\/ISA-SIGEP-2019-SUPERCAPRI-72-RGB-5-1080x720.jpg 1080w, https:\/\/www.isaitaly.com\/wp-content\/uploads\/2019\/02\/ISA-SIGEP-2019-SUPERCAPRI-72-RGB-5.jpg 2000w\" sizes=\"auto, (max-width: 1024px) 100vw, 1024px\" \/><p id=\"caption-attachment-15220\" class=\"wp-caption-text\">SUPERCAPRI<\/p><\/div>\n<div id=\"attachment_15230\" style=\"width: 1034px\" class=\"wp-caption alignnone\"><img loading=\"lazy\" decoding=\"async\" aria-describedby=\"caption-attachment-15230\" class=\"mobile wp-image-15230 size-large\" src=\"https:\/\/www.isaitaly.com\/wp-content\/uploads\/2019\/02\/ISA-SIGEP-2019-SUPERCAPRI-72-RGB-7-1024x682.jpg\" alt=\"\" width=\"1024\" height=\"682\" srcset=\"https:\/\/www.isaitaly.com\/wp-content\/uploads\/2019\/02\/ISA-SIGEP-2019-SUPERCAPRI-72-RGB-7-1024x682.jpg 1024w, https:\/\/www.isaitaly.com\/wp-content\/uploads\/2019\/02\/ISA-SIGEP-2019-SUPERCAPRI-72-RGB-7-450x300.jpg 450w, https:\/\/www.isaitaly.com\/wp-content\/uploads\/2019\/02\/ISA-SIGEP-2019-SUPERCAPRI-72-RGB-7-768x512.jpg 768w, https:\/\/www.isaitaly.com\/wp-content\/uploads\/2019\/02\/ISA-SIGEP-2019-SUPERCAPRI-72-RGB-7-1080x720.jpg 1080w, https:\/\/www.isaitaly.com\/wp-content\/uploads\/2019\/02\/ISA-SIGEP-2019-SUPERCAPRI-72-RGB-7.jpg 2000w\" sizes=\"auto, (max-width: 1024px) 100vw, 1024px\" \/><p id=\"caption-attachment-15230\" class=\"wp-caption-text\">SUPERCAPRI<\/p><\/div>\n<p>&nbsp;<\/p>\n<p>The brand of ISA used to enhance <strong>Food&amp;Bevarage<\/strong> industry was <a href=\"https:\/\/www.cofitalia.it\/\" target=\"_blank\" rel=\"noopener noreferrer\"><strong>COF<\/strong> <\/a>with its line of plug-in products.<\/p>\n<div id=\"attachment_15240\" style=\"width: 1034px\" class=\"wp-caption alignnone\"><img loading=\"lazy\" decoding=\"async\" aria-describedby=\"caption-attachment-15240\" class=\"mobile wp-image-15240 size-large\" src=\"https:\/\/www.isaitaly.com\/wp-content\/uploads\/2019\/02\/ISA-SIGEP-2019-COF-72-RGB-1-1024x682.jpg\" alt=\"\" width=\"1024\" height=\"682\" srcset=\"https:\/\/www.isaitaly.com\/wp-content\/uploads\/2019\/02\/ISA-SIGEP-2019-COF-72-RGB-1-1024x682.jpg 1024w, https:\/\/www.isaitaly.com\/wp-content\/uploads\/2019\/02\/ISA-SIGEP-2019-COF-72-RGB-1-450x300.jpg 450w, https:\/\/www.isaitaly.com\/wp-content\/uploads\/2019\/02\/ISA-SIGEP-2019-COF-72-RGB-1-768x512.jpg 768w, https:\/\/www.isaitaly.com\/wp-content\/uploads\/2019\/02\/ISA-SIGEP-2019-COF-72-RGB-1-1080x720.jpg 1080w, https:\/\/www.isaitaly.com\/wp-content\/uploads\/2019\/02\/ISA-SIGEP-2019-COF-72-RGB-1.jpg 2000w\" sizes=\"auto, (max-width: 1024px) 100vw, 1024px\" \/><p id=\"caption-attachment-15240\" class=\"wp-caption-text\">STAND COF<\/p><\/div>\n<p>&nbsp;<\/p>\n<p>We can proudly say that this <strong>Sigep edition has been an extraordinary success<\/strong>, we have worked so hardly to satisfy our customers this year also!<\/p>\n<p><strong>Thank to everyone who visited us and thank all our partners for sharing your energy.<\/strong><br \/>\n<strong>And of course thank to ISA family! It was a wonderful Sigep!!!<\/strong><\/p>\n<p>&nbsp;<\/p>\n<style>.embed-container { position: relative; padding-bottom: 56.25%; height: 0; overflow: hidden; max-width: 100%; } .embed-container iframe, .embed-container object, .embed-container embed { position: absolute; top: 0; left: 0; width: 100%; height: 100%; }<\/style>\n<div class=\"embed-container\"><iframe loading=\"lazy\" src=\"https:\/\/www.youtube.com\/embed\/ss-5Qe2MNp0?rel=0\" width=\"640\" height=\"360\" frameborder=\"0\" allowfullscreen=\"allowfullscreen\"><\/iframe><\/div>\n<div><\/div>\n","protected":false},"excerpt":{"rendered":"<p>Uno stand di 400 mq completamente rinnovato, 11 novit\u00e0 presentate in esclusiva a Sigep, oltre 80 i prodotti ISA dislocati in altri stand, pi\u00f9 di 20 le aziende partner, tante le nazionalit\u00e0 che ci hanno fatto visita e un gruppo affiatato di dipendenti e collaboratori sul campo.<\/p>\n","protected":false},"author":3,"featured_media":15128,"comment_status":"open","ping_status":"open","sticky":false,"template":"","format":"standard","meta":{"_et_pb_use_builder":"","_et_pb_old_content":"","_et_gb_content_width":"","footnotes":""},"categories":[277,252,133],"tags":[],"class_list":["post-28130","post","type-post","status-publish","format-standard","has-post-thumbnail","hentry","category-news-en-2","category-events","category-ice-cream-and-pastry"],"acf":[],"yoast_head":"<!-- This site is optimized with the Yoast SEO plugin v26.8 - https:\/\/yoast.com\/product\/yoast-seo-wordpress\/ -->\n<title>Sigep 2019, ISA leading at 40th edition | ISA<\/title>\n<meta name=\"description\" content=\"Uno stand di 400 mq completamente rinnovato, 11 novit\u00e0 presentate in esclusiva a Sigep, oltre 80 i prodotti ISA dislocati in altri stand, pi\u00f9 di 20 le aziende partner, tante le nazionalit\u00e0 che ci hanno fatto visita e un gruppo affiatato di dipendenti e collaboratori sul campo.\" \/>\n<meta name=\"robots\" content=\"index, follow, max-snippet:-1, max-image-preview:large, max-video-preview:-1\" \/>\n<link rel=\"canonical\" href=\"https:\/\/www.isaitaly.com\/en\/sigep-2019-isa-leading-at-40-edition\/\" \/>\n<meta property=\"og:locale\" content=\"en_US\" \/>\n<meta property=\"og:type\" content=\"article\" \/>\n<meta property=\"og:title\" content=\"Sigep 2019, ISA leading at 40th edition | ISA\" \/>\n<meta property=\"og:description\" content=\"Uno stand di 400 mq completamente rinnovato, 11 novit\u00e0 presentate in esclusiva a Sigep, oltre 80 i prodotti ISA dislocati in altri stand, pi\u00f9 di 20 le aziende partner, tante le nazionalit\u00e0 che ci hanno fatto visita e un gruppo affiatato di dipendenti e collaboratori sul campo.\" \/>\n<meta property=\"og:url\" content=\"https:\/\/www.isaitaly.com\/en\/sigep-2019-isa-leading-at-40-edition\/\" \/>\n<meta property=\"og:site_name\" content=\"ISA\" \/>\n<meta property=\"article:published_time\" content=\"2019-02-07T12:44:06+00:00\" \/>\n<meta property=\"article:modified_time\" content=\"2023-12-18T14:50:10+00:00\" \/>\n<meta property=\"og:image\" content=\"https:\/\/www.isaitaly.com\/wp-content\/uploads\/2019\/02\/ISA-SIGEP-2019-HIZONE-72-RGB-1.jpg\" \/>\n\t<meta property=\"og:image:width\" content=\"2000\" \/>\n\t<meta property=\"og:image:height\" content=\"1333\" \/>\n\t<meta property=\"og:image:type\" content=\"image\/jpeg\" \/>\n<meta name=\"author\" content=\"Chiara Ragni\" \/>\n<meta name=\"twitter:card\" content=\"summary_large_image\" \/>\n<meta name=\"twitter:label1\" content=\"Written by\" \/>\n\t<meta name=\"twitter:data1\" content=\"Chiara Ragni\" \/>\n\t<meta name=\"twitter:label2\" content=\"Est. reading time\" \/>\n\t<meta name=\"twitter:data2\" content=\"3 minutes\" \/>\n<script type=\"application\/ld+json\" class=\"yoast-schema-graph\">{\"@context\":\"https:\/\/schema.org\",\"@graph\":[{\"@type\":\"Article\",\"@id\":\"https:\/\/www.isaitaly.com\/en\/sigep-2019-isa-leading-at-40-edition\/#article\",\"isPartOf\":{\"@id\":\"https:\/\/www.isaitaly.com\/en\/sigep-2019-isa-leading-at-40-edition\/\"},\"author\":{\"name\":\"Chiara Ragni\",\"@id\":\"https:\/\/www.isaitaly.com\/it\/#\/schema\/person\/a037a937bb57eff6090f0fb3a141652f\"},\"headline\":\"Sigep 2019, ISA leading at 40th edition\",\"datePublished\":\"2019-02-07T12:44:06+00:00\",\"dateModified\":\"2023-12-18T14:50:10+00:00\",\"mainEntityOfPage\":{\"@id\":\"https:\/\/www.isaitaly.com\/en\/sigep-2019-isa-leading-at-40-edition\/\"},\"wordCount\":654,\"commentCount\":0,\"image\":{\"@id\":\"https:\/\/www.isaitaly.com\/en\/sigep-2019-isa-leading-at-40-edition\/#primaryimage\"},\"thumbnailUrl\":\"https:\/\/www.isaitaly.com\/wp-content\/uploads\/2019\/02\/ISA-SIGEP-2019-HIZONE-72-RGB-1.jpg\",\"articleSection\":[\"News\",\"Eventi\",\"Ice-cream and Pastry\"],\"inLanguage\":\"en-US\",\"potentialAction\":[{\"@type\":\"CommentAction\",\"name\":\"Comment\",\"target\":[\"https:\/\/www.isaitaly.com\/en\/sigep-2019-isa-leading-at-40-edition\/#respond\"]}]},{\"@type\":\"WebPage\",\"@id\":\"https:\/\/www.isaitaly.com\/en\/sigep-2019-isa-leading-at-40-edition\/\",\"url\":\"https:\/\/www.isaitaly.com\/en\/sigep-2019-isa-leading-at-40-edition\/\",\"name\":\"Sigep 2019, ISA leading at 40th edition | ISA\",\"isPartOf\":{\"@id\":\"https:\/\/www.isaitaly.com\/it\/#website\"},\"primaryImageOfPage\":{\"@id\":\"https:\/\/www.isaitaly.com\/en\/sigep-2019-isa-leading-at-40-edition\/#primaryimage\"},\"image\":{\"@id\":\"https:\/\/www.isaitaly.com\/en\/sigep-2019-isa-leading-at-40-edition\/#primaryimage\"},\"thumbnailUrl\":\"https:\/\/www.isaitaly.com\/wp-content\/uploads\/2019\/02\/ISA-SIGEP-2019-HIZONE-72-RGB-1.jpg\",\"datePublished\":\"2019-02-07T12:44:06+00:00\",\"dateModified\":\"2023-12-18T14:50:10+00:00\",\"author\":{\"@id\":\"https:\/\/www.isaitaly.com\/it\/#\/schema\/person\/a037a937bb57eff6090f0fb3a141652f\"},\"description\":\"Uno stand di 400 mq completamente rinnovato, 11 novit\u00e0 presentate in esclusiva a Sigep, oltre 80 i prodotti ISA dislocati in altri stand, pi\u00f9 di 20 le aziende partner, tante le nazionalit\u00e0 che ci hanno fatto visita e un gruppo affiatato di dipendenti e collaboratori sul campo.\",\"breadcrumb\":{\"@id\":\"https:\/\/www.isaitaly.com\/en\/sigep-2019-isa-leading-at-40-edition\/#breadcrumb\"},\"inLanguage\":\"en-US\",\"potentialAction\":[{\"@type\":\"ReadAction\",\"target\":[\"https:\/\/www.isaitaly.com\/en\/sigep-2019-isa-leading-at-40-edition\/\"]}]},{\"@type\":\"ImageObject\",\"inLanguage\":\"en-US\",\"@id\":\"https:\/\/www.isaitaly.com\/en\/sigep-2019-isa-leading-at-40-edition\/#primaryimage\",\"url\":\"https:\/\/www.isaitaly.com\/wp-content\/uploads\/2019\/02\/ISA-SIGEP-2019-HIZONE-72-RGB-1.jpg\",\"contentUrl\":\"https:\/\/www.isaitaly.com\/wp-content\/uploads\/2019\/02\/ISA-SIGEP-2019-HIZONE-72-RGB-1.jpg\",\"width\":2000,\"height\":1333,\"caption\":\"abbattitori-hizone-isa-spa-1\"},{\"@type\":\"BreadcrumbList\",\"@id\":\"https:\/\/www.isaitaly.com\/en\/sigep-2019-isa-leading-at-40-edition\/#breadcrumb\",\"itemListElement\":[{\"@type\":\"ListItem\",\"position\":1,\"name\":\"Home\",\"item\":\"https:\/\/www.isaitaly.com\/en\/\"},{\"@type\":\"ListItem\",\"position\":2,\"name\":\"Sigep 2019, ISA leading at 40th edition\"}]},{\"@type\":\"WebSite\",\"@id\":\"https:\/\/www.isaitaly.com\/it\/#website\",\"url\":\"https:\/\/www.isaitaly.com\/it\/\",\"name\":\"ISA\",\"description\":\"\",\"potentialAction\":[{\"@type\":\"SearchAction\",\"target\":{\"@type\":\"EntryPoint\",\"urlTemplate\":\"https:\/\/www.isaitaly.com\/it\/?s={search_term_string}\"},\"query-input\":{\"@type\":\"PropertyValueSpecification\",\"valueRequired\":true,\"valueName\":\"search_term_string\"}}],\"inLanguage\":\"en-US\"},{\"@type\":\"Person\",\"@id\":\"https:\/\/www.isaitaly.com\/it\/#\/schema\/person\/a037a937bb57eff6090f0fb3a141652f\",\"name\":\"Chiara Ragni\",\"image\":{\"@type\":\"ImageObject\",\"inLanguage\":\"en-US\",\"@id\":\"https:\/\/www.isaitaly.com\/it\/#\/schema\/person\/image\/\",\"url\":\"https:\/\/secure.gravatar.com\/avatar\/beac86d476d522474ef1f9de9fb8dc49?s=96&d=mm&r=g\",\"contentUrl\":\"https:\/\/secure.gravatar.com\/avatar\/beac86d476d522474ef1f9de9fb8dc49?s=96&d=mm&r=g\",\"caption\":\"Chiara Ragni\"},\"url\":\"https:\/\/www.isaitaly.com\/en\/author\/chiara-ragni\/\"}]}<\/script>\n<!-- \/ Yoast SEO plugin. -->","yoast_head_json":{"title":"Sigep 2019, ISA leading at 40th edition | ISA","description":"Uno stand di 400 mq completamente rinnovato, 11 novit\u00e0 presentate in esclusiva a Sigep, oltre 80 i prodotti ISA dislocati in altri stand, pi\u00f9 di 20 le aziende partner, tante le nazionalit\u00e0 che ci hanno fatto visita e un gruppo affiatato di dipendenti e collaboratori sul campo.","robots":{"index":"index","follow":"follow","max-snippet":"max-snippet:-1","max-image-preview":"max-image-preview:large","max-video-preview":"max-video-preview:-1"},"canonical":"https:\/\/www.isaitaly.com\/en\/sigep-2019-isa-leading-at-40-edition\/","og_locale":"en_US","og_type":"article","og_title":"Sigep 2019, ISA leading at 40th edition | ISA","og_description":"Uno stand di 400 mq completamente rinnovato, 11 novit\u00e0 presentate in esclusiva a Sigep, oltre 80 i prodotti ISA dislocati in altri stand, pi\u00f9 di 20 le aziende partner, tante le nazionalit\u00e0 che ci hanno fatto visita e un gruppo affiatato di dipendenti e collaboratori sul campo.","og_url":"https:\/\/www.isaitaly.com\/en\/sigep-2019-isa-leading-at-40-edition\/","og_site_name":"ISA","article_published_time":"2019-02-07T12:44:06+00:00","article_modified_time":"2023-12-18T14:50:10+00:00","og_image":[{"width":2000,"height":1333,"url":"https:\/\/www.isaitaly.com\/wp-content\/uploads\/2019\/02\/ISA-SIGEP-2019-HIZONE-72-RGB-1.jpg","type":"image\/jpeg"}],"author":"Chiara Ragni","twitter_card":"summary_large_image","twitter_misc":{"Written by":"Chiara Ragni","Est. reading time":"3 minutes"},"schema":{"@context":"https:\/\/schema.org","@graph":[{"@type":"Article","@id":"https:\/\/www.isaitaly.com\/en\/sigep-2019-isa-leading-at-40-edition\/#article","isPartOf":{"@id":"https:\/\/www.isaitaly.com\/en\/sigep-2019-isa-leading-at-40-edition\/"},"author":{"name":"Chiara Ragni","@id":"https:\/\/www.isaitaly.com\/it\/#\/schema\/person\/a037a937bb57eff6090f0fb3a141652f"},"headline":"Sigep 2019, ISA leading at 40th edition","datePublished":"2019-02-07T12:44:06+00:00","dateModified":"2023-12-18T14:50:10+00:00","mainEntityOfPage":{"@id":"https:\/\/www.isaitaly.com\/en\/sigep-2019-isa-leading-at-40-edition\/"},"wordCount":654,"commentCount":0,"image":{"@id":"https:\/\/www.isaitaly.com\/en\/sigep-2019-isa-leading-at-40-edition\/#primaryimage"},"thumbnailUrl":"https:\/\/www.isaitaly.com\/wp-content\/uploads\/2019\/02\/ISA-SIGEP-2019-HIZONE-72-RGB-1.jpg","articleSection":["News","Eventi","Ice-cream and Pastry"],"inLanguage":"en-US","potentialAction":[{"@type":"CommentAction","name":"Comment","target":["https:\/\/www.isaitaly.com\/en\/sigep-2019-isa-leading-at-40-edition\/#respond"]}]},{"@type":"WebPage","@id":"https:\/\/www.isaitaly.com\/en\/sigep-2019-isa-leading-at-40-edition\/","url":"https:\/\/www.isaitaly.com\/en\/sigep-2019-isa-leading-at-40-edition\/","name":"Sigep 2019, ISA leading at 40th edition | ISA","isPartOf":{"@id":"https:\/\/www.isaitaly.com\/it\/#website"},"primaryImageOfPage":{"@id":"https:\/\/www.isaitaly.com\/en\/sigep-2019-isa-leading-at-40-edition\/#primaryimage"},"image":{"@id":"https:\/\/www.isaitaly.com\/en\/sigep-2019-isa-leading-at-40-edition\/#primaryimage"},"thumbnailUrl":"https:\/\/www.isaitaly.com\/wp-content\/uploads\/2019\/02\/ISA-SIGEP-2019-HIZONE-72-RGB-1.jpg","datePublished":"2019-02-07T12:44:06+00:00","dateModified":"2023-12-18T14:50:10+00:00","author":{"@id":"https:\/\/www.isaitaly.com\/it\/#\/schema\/person\/a037a937bb57eff6090f0fb3a141652f"},"description":"Uno stand di 400 mq completamente rinnovato, 11 novit\u00e0 presentate in esclusiva a Sigep, oltre 80 i prodotti ISA dislocati in altri stand, pi\u00f9 di 20 le aziende partner, tante le nazionalit\u00e0 che ci hanno fatto visita e un gruppo affiatato di dipendenti e collaboratori sul campo.","breadcrumb":{"@id":"https:\/\/www.isaitaly.com\/en\/sigep-2019-isa-leading-at-40-edition\/#breadcrumb"},"inLanguage":"en-US","potentialAction":[{"@type":"ReadAction","target":["https:\/\/www.isaitaly.com\/en\/sigep-2019-isa-leading-at-40-edition\/"]}]},{"@type":"ImageObject","inLanguage":"en-US","@id":"https:\/\/www.isaitaly.com\/en\/sigep-2019-isa-leading-at-40-edition\/#primaryimage","url":"https:\/\/www.isaitaly.com\/wp-content\/uploads\/2019\/02\/ISA-SIGEP-2019-HIZONE-72-RGB-1.jpg","contentUrl":"https:\/\/www.isaitaly.com\/wp-content\/uploads\/2019\/02\/ISA-SIGEP-2019-HIZONE-72-RGB-1.jpg","width":2000,"height":1333,"caption":"abbattitori-hizone-isa-spa-1"},{"@type":"BreadcrumbList","@id":"https:\/\/www.isaitaly.com\/en\/sigep-2019-isa-leading-at-40-edition\/#breadcrumb","itemListElement":[{"@type":"ListItem","position":1,"name":"Home","item":"https:\/\/www.isaitaly.com\/en\/"},{"@type":"ListItem","position":2,"name":"Sigep 2019, ISA leading at 40th edition"}]},{"@type":"WebSite","@id":"https:\/\/www.isaitaly.com\/it\/#website","url":"https:\/\/www.isaitaly.com\/it\/","name":"ISA","description":"","potentialAction":[{"@type":"SearchAction","target":{"@type":"EntryPoint","urlTemplate":"https:\/\/www.isaitaly.com\/it\/?s={search_term_string}"},"query-input":{"@type":"PropertyValueSpecification","valueRequired":true,"valueName":"search_term_string"}}],"inLanguage":"en-US"},{"@type":"Person","@id":"https:\/\/www.isaitaly.com\/it\/#\/schema\/person\/a037a937bb57eff6090f0fb3a141652f","name":"Chiara Ragni","image":{"@type":"ImageObject","inLanguage":"en-US","@id":"https:\/\/www.isaitaly.com\/it\/#\/schema\/person\/image\/","url":"https:\/\/secure.gravatar.com\/avatar\/beac86d476d522474ef1f9de9fb8dc49?s=96&d=mm&r=g","contentUrl":"https:\/\/secure.gravatar.com\/avatar\/beac86d476d522474ef1f9de9fb8dc49?s=96&d=mm&r=g","caption":"Chiara Ragni"},"url":"https:\/\/www.isaitaly.com\/en\/author\/chiara-ragni\/"}]}},"_links":{"self":[{"href":"https:\/\/www.isaitaly.com\/en\/wp-json\/wp\/v2\/posts\/28130","targetHints":{"allow":["GET"]}}],"collection":[{"href":"https:\/\/www.isaitaly.com\/en\/wp-json\/wp\/v2\/posts"}],"about":[{"href":"https:\/\/www.isaitaly.com\/en\/wp-json\/wp\/v2\/types\/post"}],"author":[{"embeddable":true,"href":"https:\/\/www.isaitaly.com\/en\/wp-json\/wp\/v2\/users\/3"}],"replies":[{"embeddable":true,"href":"https:\/\/www.isaitaly.com\/en\/wp-json\/wp\/v2\/comments?post=28130"}],"version-history":[{"count":8,"href":"https:\/\/www.isaitaly.com\/en\/wp-json\/wp\/v2\/posts\/28130\/revisions"}],"predecessor-version":[{"id":28138,"href":"https:\/\/www.isaitaly.com\/en\/wp-json\/wp\/v2\/posts\/28130\/revisions\/28138"}],"wp:featuredmedia":[{"embeddable":true,"href":"https:\/\/www.isaitaly.com\/en\/wp-json\/wp\/v2\/media\/15128"}],"wp:attachment":[{"href":"https:\/\/www.isaitaly.com\/en\/wp-json\/wp\/v2\/media?parent=28130"}],"wp:term":[{"taxonomy":"category","embeddable":true,"href":"https:\/\/www.isaitaly.com\/en\/wp-json\/wp\/v2\/categories?post=28130"},{"taxonomy":"post_tag","embeddable":true,"href":"https:\/\/www.isaitaly.com\/en\/wp-json\/wp\/v2\/tags?post=28130"}],"curies":[{"name":"wp","href":"https:\/\/api.w.org\/{rel}","templated":true}]}}