{"id":68446,"date":"2021-10-04T11:22:01","date_gmt":"2021-10-04T09:22:01","guid":{"rendered":"https:\/\/www.isaitaly.com\/bulgari-niko-romito-e-isa-per-expo-2020-dubai\/"},"modified":"2022-06-08T11:03:22","modified_gmt":"2022-06-08T09:03:22","slug":"bulgari-niko-romito-und-isa-fuer-die-expo-dubai","status":"publish","type":"post","link":"https:\/\/www.isaitaly.com\/de\/bulgari-niko-romito-und-isa-fuer-die-expo-dubai\/","title":{"rendered":"Bulgari, Niko Romito und ISA f\u00fcr die Expo Dubai"},"content":{"rendered":"<p><span style=\"font-weight: 400;\">Die unbestrittene Eleganz von <\/span><b>Bulgari<\/b><span style=\"font-weight: 400;\">, die geniale Kreativit\u00e4t des Drei-Sterne-Kochs <\/span><b>Niko Romito <\/b><span style=\"font-weight: 400;\">und die innovative K\u00fchltechnologie von <\/span><b>ISA<\/b><span style=\"font-weight: 400;\">, zusammen f\u00fcr den <\/span><b>italienischen Pavillon <\/b><span style=\"font-weight: 400;\">auf der <\/span><b>Expo 2020 Dubai<\/b><span style=\"font-weight: 400;\">.<\/span><\/p>\n<p><span style=\"font-weight: 400;\">Die erste gro\u00dfe internationale Veranstaltung nach eineinhalb Jahren Pandemie und die erste Weltausstellung in einem arabischen Land beginnt <\/span><b>am Freitag, den 1. Oktober. Die <\/b><span style=\"font-weight: 400;\">Expo 2020 Dubai wird sechs Monate lang, <\/span><b>bis zum 31. M\u00e4rz 2022, <\/b><span style=\"font-weight: 400;\">ihre Tore f\u00fcr 192 L\u00e4nder aus aller Welt \u00f6ffnen.<\/span><\/p>\n<p><span style=\"font-weight: 400;\">&#8222;<\/span><b><i>Sch\u00f6nheit verbindet <\/i><\/b><span style=\"font-weight: 400;\">Menschen&#8220; ist der Anspruch, den der italienische Pavillon in Dubai mit seiner eigenen &#8222;Drei-R\u00fcmpfe&#8220;-Architektur, der Teilnahme von \u00fcber 50 italienischen Unternehmen und zahlreichen Veranstaltungen in Szene setzt.<\/span><\/p>\n<p><span style=\"font-weight: 400;\">Das &#8222;<\/span><b>Il Ristorante &#8211; Niko Romito<\/b><span style=\"font-weight: 400;\">&#8220; des Bulgari Resort Dubai wird der gastronomische Protagonist des italienischen Pavillons sein, aber auch ein Ort der Begegnung und des Austauschs, zusammen mit dem neuen und exklusiven Format &#8222;<\/span><b>Spazio Niko Romito Bar e Cucina<\/b><span style=\"font-weight: 400;\">&#8222;. In diesem Kontext ist <\/span><b>ISA <\/b><span style=\"font-weight: 400;\">&#8211; derzeit einer der weltweit wichtigsten Akteure im Bereich der K\u00fchlung und der professionellen Einrichtung von Eisdielen, Konditoreien, Bars, Restaurants und Luxusateliers &#8211; das italienische Unternehmen, das von Bulgari und Niko Romito ausgew\u00e4hlt wurde, um die Einrichtung und fortschrittliche Technologie ihrer prestigetr\u00e4chtigen R\u00e4umlichkeiten f\u00fcr die gesamte Dauer der Expo 2020 zu unterzeichnen.<\/span><\/p>\n<p><span style=\"font-weight: 400;\">ISA hat also die Ehre, Italien neben zwei weltbekannten italienischen Spitzenkr\u00e4ften durch seine neuesten Kreationen zu vertreten, die das Ergebnis einer Zusammenarbeit mit einem anderen international bekannten italienischen Namen sind, dem Architekten <\/span><b>Antonio Citterio<\/b><span style=\"font-weight: 400;\">.<\/span><\/p>\n<p><span style=\"font-weight: 400;\">Die Rede ist von <\/span><a href=\"https:\/\/www.isaitaly.com\/it\/prodotto\/arredamento\/collezioni\/pentagram-antonio-citterio\/\"><b>Pentagram<\/b><\/a><span style=\"font-weight: 400;\">, der neuen Luxusm\u00f6bellinie von ISA, die K\u00fchlvitrinen f\u00fcr Eisdielen, Konditoreien und Feinkostl\u00e4den sowie Bartheken und Einrichtungselemente umfasst. Und wir sprechen auch von <\/span><a href=\"https:\/\/www.hizone.it\/\"><b>Hizone<\/b><\/a><span style=\"font-weight: 400;\">, der Marke, die ein innovatives System von Schockk\u00fchlern, K\u00fchltruhen und K\u00fchltischen umfasst, das f\u00fcr die Ausstattung der professionellen Werkst\u00e4tten von Eismachern, Konditoren und Gastronomen bestimmt ist.<\/span><\/p>\n<p><span style=\"font-weight: 400;\">Der Veranstaltungsort &#8222;Spazio Niko Romito Bar e Cucina&#8220; ist daher vollst\u00e4ndig mit ISA signiert und umfasst <\/span><b>die gesamte Produktlinie von <\/b><a href=\"https:\/\/www.isaitaly.com\/it\/prodotto\/arredamento\/collezioni\/pentagram-antonio-citterio\/\"><b>Pentagram<\/b><\/a><span style=\"font-weight: 400;\">, die den eleganten Bartresen ausmacht, sowie <\/span><b>zwei Displays f\u00fcr <\/b><a href=\"https:\/\/www.hizone.it\/vino\/\"><b>HizoneExpo Wine.<\/b><\/a><\/p>\n<p><span style=\"font-weight: 400;\">Ein prestigetr\u00e4chtiges Schaufenster der Ideen und Projekte f\u00fcr die Zukunft.<\/span><\/p>\n<p><img loading=\"lazy\" decoding=\"async\" class=\"size-full wp-image-64098 alignnone\" src=\"https:\/\/www.isaitaly.com\/wp-content\/uploads\/2021\/10\/expo-2020-dubai-italia_1.jpg\" alt=\"\" width=\"800\" height=\"530\" srcset=\"https:\/\/www.isaitaly.com\/wp-content\/uploads\/2021\/10\/expo-2020-dubai-italia_1.jpg 800w, https:\/\/www.isaitaly.com\/wp-content\/uploads\/2021\/10\/expo-2020-dubai-italia_1-480x318.jpg 480w\" sizes=\"auto, (min-width: 0px) and (max-width: 480px) 480px, (min-width: 481px) 800px, 100vw\" \/><\/p>\n<p><img loading=\"lazy\" decoding=\"async\" class=\"size-full wp-image-64118 alignnone\" src=\"https:\/\/www.isaitaly.com\/wp-content\/uploads\/2021\/10\/expo-2020-dubai-italia_5.jpg\" alt=\"\" width=\"800\" height=\"530\" srcset=\"https:\/\/www.isaitaly.com\/wp-content\/uploads\/2021\/10\/expo-2020-dubai-italia_5.jpg 800w, https:\/\/www.isaitaly.com\/wp-content\/uploads\/2021\/10\/expo-2020-dubai-italia_5-480x318.jpg 480w\" sizes=\"auto, (min-width: 0px) and (max-width: 480px) 480px, (min-width: 481px) 800px, 100vw\" \/><\/p>\n<p><img loading=\"lazy\" decoding=\"async\" class=\"size-full wp-image-64103 alignnone\" src=\"https:\/\/www.isaitaly.com\/wp-content\/uploads\/2021\/10\/expo-2020-dubai-italia_2.jpg\" alt=\"\" width=\"800\" height=\"530\" srcset=\"https:\/\/www.isaitaly.com\/wp-content\/uploads\/2021\/10\/expo-2020-dubai-italia_2.jpg 800w, https:\/\/www.isaitaly.com\/wp-content\/uploads\/2021\/10\/expo-2020-dubai-italia_2-480x318.jpg 480w\" sizes=\"auto, (min-width: 0px) and (max-width: 480px) 480px, (min-width: 481px) 800px, 100vw\" \/><\/p>\n<p><img loading=\"lazy\" decoding=\"async\" class=\"size-full wp-image-64113 alignnone\" src=\"https:\/\/www.isaitaly.com\/wp-content\/uploads\/2021\/10\/expo-2020-dubai-italia_4.jpg\" alt=\"\" width=\"800\" height=\"530\" srcset=\"https:\/\/www.isaitaly.com\/wp-content\/uploads\/2021\/10\/expo-2020-dubai-italia_4.jpg 800w, https:\/\/www.isaitaly.com\/wp-content\/uploads\/2021\/10\/expo-2020-dubai-italia_4-480x318.jpg 480w\" sizes=\"auto, (min-width: 0px) and (max-width: 480px) 480px, (min-width: 481px) 800px, 100vw\" \/><\/p>\n","protected":false},"excerpt":{"rendered":"<p>Die unbestrittene Eleganz von Bulgari, die geniale Kreativit\u00e4t des Drei-Sterne-Kochs Niko Romito und die innovative K\u00fchltechnologie von ISA, zusammen f\u00fcr den italienischen Pavillon auf der Expo 2020 Dubai.<\/p>\n","protected":false},"author":3,"featured_media":64111,"comment_status":"open","ping_status":"open","sticky":false,"template":"","format":"standard","meta":{"_et_pb_use_builder":"","_et_pb_old_content":"","_et_gb_content_width":"","footnotes":""},"categories":[876,852,5],"tags":[],"class_list":["post-68446","post","type-post","status-publish","format-standard","has-post-thumbnail","hentry","category-veranstaltungen","category-speiseeis-kuchen-de","category-unkategorisiert"],"acf":[],"yoast_head":"<!-- This site is optimized with the Yoast SEO plugin v26.8 - https:\/\/yoast.com\/product\/yoast-seo-wordpress\/ -->\n<title>Bulgari, Niko Romito und ISA f\u00fcr die Expo Dubai | ISA<\/title>\n<meta name=\"description\" content=\"Bulgari, Sternekoch Nico Romito und ISA gemeinsam f\u00fcr den italienischen Pavillon auf der Expo Dubai 2021 vom 1. Oktober 2021 bis 31. M\u00e4rz 2022.\" \/>\n<meta name=\"robots\" content=\"index, follow, max-snippet:-1, max-image-preview:large, max-video-preview:-1\" \/>\n<link rel=\"canonical\" href=\"https:\/\/www.isaitaly.com\/de\/bulgari-niko-romito-und-isa-fuer-die-expo-dubai\/\" \/>\n<meta property=\"og:locale\" content=\"de_DE\" \/>\n<meta property=\"og:type\" content=\"article\" \/>\n<meta property=\"og:title\" content=\"Bulgari, Niko Romito und ISA f\u00fcr die Expo Dubai | ISA\" \/>\n<meta property=\"og:description\" content=\"Bulgari, Sternekoch Nico Romito und ISA gemeinsam f\u00fcr den italienischen Pavillon auf der Expo Dubai 2021 vom 1. Oktober 2021 bis 31. M\u00e4rz 2022.\" \/>\n<meta property=\"og:url\" content=\"https:\/\/www.isaitaly.com\/de\/bulgari-niko-romito-und-isa-fuer-die-expo-dubai\/\" \/>\n<meta property=\"og:site_name\" content=\"ISA\" \/>\n<meta property=\"article:published_time\" content=\"2021-10-04T09:22:01+00:00\" \/>\n<meta property=\"article:modified_time\" content=\"2022-06-08T09:03:22+00:00\" \/>\n<meta property=\"og:image\" content=\"https:\/\/www.isaitaly.com\/wp-content\/uploads\/2021\/10\/expo-2020-dubai-italia_3.jpg\" \/>\n\t<meta property=\"og:image:width\" content=\"800\" \/>\n\t<meta property=\"og:image:height\" content=\"530\" \/>\n\t<meta property=\"og:image:type\" content=\"image\/jpeg\" \/>\n<meta name=\"author\" content=\"Chiara Ragni\" \/>\n<meta name=\"twitter:card\" content=\"summary_large_image\" \/>\n<meta name=\"twitter:label1\" content=\"Verfasst von\" \/>\n\t<meta name=\"twitter:data1\" content=\"Chiara Ragni\" \/>\n\t<meta name=\"twitter:label2\" content=\"Gesch\u00e4tzte Lesezeit\" \/>\n\t<meta name=\"twitter:data2\" content=\"2\u00a0Minuten\" \/>\n<script type=\"application\/ld+json\" class=\"yoast-schema-graph\">{\"@context\":\"https:\/\/schema.org\",\"@graph\":[{\"@type\":\"Article\",\"@id\":\"https:\/\/www.isaitaly.com\/de\/bulgari-niko-romito-und-isa-fuer-die-expo-dubai\/#article\",\"isPartOf\":{\"@id\":\"https:\/\/www.isaitaly.com\/de\/bulgari-niko-romito-und-isa-fuer-die-expo-dubai\/\"},\"author\":{\"name\":\"Chiara Ragni\",\"@id\":\"https:\/\/www.isaitaly.com\/it\/#\/schema\/person\/a037a937bb57eff6090f0fb3a141652f\"},\"headline\":\"Bulgari, Niko Romito und ISA f\u00fcr die Expo Dubai\",\"datePublished\":\"2021-10-04T09:22:01+00:00\",\"dateModified\":\"2022-06-08T09:03:22+00:00\",\"mainEntityOfPage\":{\"@id\":\"https:\/\/www.isaitaly.com\/de\/bulgari-niko-romito-und-isa-fuer-die-expo-dubai\/\"},\"wordCount\":360,\"commentCount\":0,\"image\":{\"@id\":\"https:\/\/www.isaitaly.com\/de\/bulgari-niko-romito-und-isa-fuer-die-expo-dubai\/#primaryimage\"},\"thumbnailUrl\":\"https:\/\/www.isaitaly.com\/wp-content\/uploads\/2021\/10\/expo-2020-dubai-italia_3.jpg\",\"articleSection\":[\"Veranstaltungen\",\"Speiseeis &amp; Kuchen\",\"Unkategorisiert\"],\"inLanguage\":\"de\",\"potentialAction\":[{\"@type\":\"CommentAction\",\"name\":\"Comment\",\"target\":[\"https:\/\/www.isaitaly.com\/de\/bulgari-niko-romito-und-isa-fuer-die-expo-dubai\/#respond\"]}]},{\"@type\":\"WebPage\",\"@id\":\"https:\/\/www.isaitaly.com\/de\/bulgari-niko-romito-und-isa-fuer-die-expo-dubai\/\",\"url\":\"https:\/\/www.isaitaly.com\/de\/bulgari-niko-romito-und-isa-fuer-die-expo-dubai\/\",\"name\":\"Bulgari, Niko Romito und ISA f\u00fcr die Expo Dubai | ISA\",\"isPartOf\":{\"@id\":\"https:\/\/www.isaitaly.com\/it\/#website\"},\"primaryImageOfPage\":{\"@id\":\"https:\/\/www.isaitaly.com\/de\/bulgari-niko-romito-und-isa-fuer-die-expo-dubai\/#primaryimage\"},\"image\":{\"@id\":\"https:\/\/www.isaitaly.com\/de\/bulgari-niko-romito-und-isa-fuer-die-expo-dubai\/#primaryimage\"},\"thumbnailUrl\":\"https:\/\/www.isaitaly.com\/wp-content\/uploads\/2021\/10\/expo-2020-dubai-italia_3.jpg\",\"datePublished\":\"2021-10-04T09:22:01+00:00\",\"dateModified\":\"2022-06-08T09:03:22+00:00\",\"author\":{\"@id\":\"https:\/\/www.isaitaly.com\/it\/#\/schema\/person\/a037a937bb57eff6090f0fb3a141652f\"},\"description\":\"Bulgari, Sternekoch Nico Romito und ISA gemeinsam f\u00fcr den italienischen Pavillon auf der Expo Dubai 2021 vom 1. Oktober 2021 bis 31. M\u00e4rz 2022.\",\"breadcrumb\":{\"@id\":\"https:\/\/www.isaitaly.com\/de\/bulgari-niko-romito-und-isa-fuer-die-expo-dubai\/#breadcrumb\"},\"inLanguage\":\"de\",\"potentialAction\":[{\"@type\":\"ReadAction\",\"target\":[\"https:\/\/www.isaitaly.com\/de\/bulgari-niko-romito-und-isa-fuer-die-expo-dubai\/\"]}]},{\"@type\":\"ImageObject\",\"inLanguage\":\"de\",\"@id\":\"https:\/\/www.isaitaly.com\/de\/bulgari-niko-romito-und-isa-fuer-die-expo-dubai\/#primaryimage\",\"url\":\"https:\/\/www.isaitaly.com\/wp-content\/uploads\/2021\/10\/expo-2020-dubai-italia_3.jpg\",\"contentUrl\":\"https:\/\/www.isaitaly.com\/wp-content\/uploads\/2021\/10\/expo-2020-dubai-italia_3.jpg\",\"width\":800,\"height\":530},{\"@type\":\"BreadcrumbList\",\"@id\":\"https:\/\/www.isaitaly.com\/de\/bulgari-niko-romito-und-isa-fuer-die-expo-dubai\/#breadcrumb\",\"itemListElement\":[{\"@type\":\"ListItem\",\"position\":1,\"name\":\"Home\",\"item\":\"https:\/\/www.isaitaly.com\/it\/\"},{\"@type\":\"ListItem\",\"position\":2,\"name\":\"Bulgari, Niko Romito und ISA f\u00fcr die Expo Dubai\"}]},{\"@type\":\"WebSite\",\"@id\":\"https:\/\/www.isaitaly.com\/it\/#website\",\"url\":\"https:\/\/www.isaitaly.com\/it\/\",\"name\":\"ISA\",\"description\":\"\",\"potentialAction\":[{\"@type\":\"SearchAction\",\"target\":{\"@type\":\"EntryPoint\",\"urlTemplate\":\"https:\/\/www.isaitaly.com\/it\/?s={search_term_string}\"},\"query-input\":{\"@type\":\"PropertyValueSpecification\",\"valueRequired\":true,\"valueName\":\"search_term_string\"}}],\"inLanguage\":\"de\"},{\"@type\":\"Person\",\"@id\":\"https:\/\/www.isaitaly.com\/it\/#\/schema\/person\/a037a937bb57eff6090f0fb3a141652f\",\"name\":\"Chiara Ragni\",\"image\":{\"@type\":\"ImageObject\",\"inLanguage\":\"de\",\"@id\":\"https:\/\/www.isaitaly.com\/it\/#\/schema\/person\/image\/\",\"url\":\"https:\/\/secure.gravatar.com\/avatar\/beac86d476d522474ef1f9de9fb8dc49?s=96&d=mm&r=g\",\"contentUrl\":\"https:\/\/secure.gravatar.com\/avatar\/beac86d476d522474ef1f9de9fb8dc49?s=96&d=mm&r=g\",\"caption\":\"Chiara Ragni\"},\"url\":\"https:\/\/www.isaitaly.com\/de\/author\/chiara-ragni\/\"}]}<\/script>\n<!-- \/ Yoast SEO plugin. -->","yoast_head_json":{"title":"Bulgari, Niko Romito und ISA f\u00fcr die Expo Dubai | ISA","description":"Bulgari, Sternekoch Nico Romito und ISA gemeinsam f\u00fcr den italienischen Pavillon auf der Expo Dubai 2021 vom 1. Oktober 2021 bis 31. M\u00e4rz 2022.","robots":{"index":"index","follow":"follow","max-snippet":"max-snippet:-1","max-image-preview":"max-image-preview:large","max-video-preview":"max-video-preview:-1"},"canonical":"https:\/\/www.isaitaly.com\/de\/bulgari-niko-romito-und-isa-fuer-die-expo-dubai\/","og_locale":"de_DE","og_type":"article","og_title":"Bulgari, Niko Romito und ISA f\u00fcr die Expo Dubai | ISA","og_description":"Bulgari, Sternekoch Nico Romito und ISA gemeinsam f\u00fcr den italienischen Pavillon auf der Expo Dubai 2021 vom 1. Oktober 2021 bis 31. M\u00e4rz 2022.","og_url":"https:\/\/www.isaitaly.com\/de\/bulgari-niko-romito-und-isa-fuer-die-expo-dubai\/","og_site_name":"ISA","article_published_time":"2021-10-04T09:22:01+00:00","article_modified_time":"2022-06-08T09:03:22+00:00","og_image":[{"width":800,"height":530,"url":"https:\/\/www.isaitaly.com\/wp-content\/uploads\/2021\/10\/expo-2020-dubai-italia_3.jpg","type":"image\/jpeg"}],"author":"Chiara Ragni","twitter_card":"summary_large_image","twitter_misc":{"Verfasst von":"Chiara Ragni","Gesch\u00e4tzte Lesezeit":"2\u00a0Minuten"},"schema":{"@context":"https:\/\/schema.org","@graph":[{"@type":"Article","@id":"https:\/\/www.isaitaly.com\/de\/bulgari-niko-romito-und-isa-fuer-die-expo-dubai\/#article","isPartOf":{"@id":"https:\/\/www.isaitaly.com\/de\/bulgari-niko-romito-und-isa-fuer-die-expo-dubai\/"},"author":{"name":"Chiara Ragni","@id":"https:\/\/www.isaitaly.com\/it\/#\/schema\/person\/a037a937bb57eff6090f0fb3a141652f"},"headline":"Bulgari, Niko Romito und ISA f\u00fcr die Expo Dubai","datePublished":"2021-10-04T09:22:01+00:00","dateModified":"2022-06-08T09:03:22+00:00","mainEntityOfPage":{"@id":"https:\/\/www.isaitaly.com\/de\/bulgari-niko-romito-und-isa-fuer-die-expo-dubai\/"},"wordCount":360,"commentCount":0,"image":{"@id":"https:\/\/www.isaitaly.com\/de\/bulgari-niko-romito-und-isa-fuer-die-expo-dubai\/#primaryimage"},"thumbnailUrl":"https:\/\/www.isaitaly.com\/wp-content\/uploads\/2021\/10\/expo-2020-dubai-italia_3.jpg","articleSection":["Veranstaltungen","Speiseeis &amp; Kuchen","Unkategorisiert"],"inLanguage":"de","potentialAction":[{"@type":"CommentAction","name":"Comment","target":["https:\/\/www.isaitaly.com\/de\/bulgari-niko-romito-und-isa-fuer-die-expo-dubai\/#respond"]}]},{"@type":"WebPage","@id":"https:\/\/www.isaitaly.com\/de\/bulgari-niko-romito-und-isa-fuer-die-expo-dubai\/","url":"https:\/\/www.isaitaly.com\/de\/bulgari-niko-romito-und-isa-fuer-die-expo-dubai\/","name":"Bulgari, Niko Romito und ISA f\u00fcr die Expo Dubai | ISA","isPartOf":{"@id":"https:\/\/www.isaitaly.com\/it\/#website"},"primaryImageOfPage":{"@id":"https:\/\/www.isaitaly.com\/de\/bulgari-niko-romito-und-isa-fuer-die-expo-dubai\/#primaryimage"},"image":{"@id":"https:\/\/www.isaitaly.com\/de\/bulgari-niko-romito-und-isa-fuer-die-expo-dubai\/#primaryimage"},"thumbnailUrl":"https:\/\/www.isaitaly.com\/wp-content\/uploads\/2021\/10\/expo-2020-dubai-italia_3.jpg","datePublished":"2021-10-04T09:22:01+00:00","dateModified":"2022-06-08T09:03:22+00:00","author":{"@id":"https:\/\/www.isaitaly.com\/it\/#\/schema\/person\/a037a937bb57eff6090f0fb3a141652f"},"description":"Bulgari, Sternekoch Nico Romito und ISA gemeinsam f\u00fcr den italienischen Pavillon auf der Expo Dubai 2021 vom 1. Oktober 2021 bis 31. M\u00e4rz 2022.","breadcrumb":{"@id":"https:\/\/www.isaitaly.com\/de\/bulgari-niko-romito-und-isa-fuer-die-expo-dubai\/#breadcrumb"},"inLanguage":"de","potentialAction":[{"@type":"ReadAction","target":["https:\/\/www.isaitaly.com\/de\/bulgari-niko-romito-und-isa-fuer-die-expo-dubai\/"]}]},{"@type":"ImageObject","inLanguage":"de","@id":"https:\/\/www.isaitaly.com\/de\/bulgari-niko-romito-und-isa-fuer-die-expo-dubai\/#primaryimage","url":"https:\/\/www.isaitaly.com\/wp-content\/uploads\/2021\/10\/expo-2020-dubai-italia_3.jpg","contentUrl":"https:\/\/www.isaitaly.com\/wp-content\/uploads\/2021\/10\/expo-2020-dubai-italia_3.jpg","width":800,"height":530},{"@type":"BreadcrumbList","@id":"https:\/\/www.isaitaly.com\/de\/bulgari-niko-romito-und-isa-fuer-die-expo-dubai\/#breadcrumb","itemListElement":[{"@type":"ListItem","position":1,"name":"Home","item":"https:\/\/www.isaitaly.com\/it\/"},{"@type":"ListItem","position":2,"name":"Bulgari, Niko Romito und ISA f\u00fcr die Expo Dubai"}]},{"@type":"WebSite","@id":"https:\/\/www.isaitaly.com\/it\/#website","url":"https:\/\/www.isaitaly.com\/it\/","name":"ISA","description":"","potentialAction":[{"@type":"SearchAction","target":{"@type":"EntryPoint","urlTemplate":"https:\/\/www.isaitaly.com\/it\/?s={search_term_string}"},"query-input":{"@type":"PropertyValueSpecification","valueRequired":true,"valueName":"search_term_string"}}],"inLanguage":"de"},{"@type":"Person","@id":"https:\/\/www.isaitaly.com\/it\/#\/schema\/person\/a037a937bb57eff6090f0fb3a141652f","name":"Chiara Ragni","image":{"@type":"ImageObject","inLanguage":"de","@id":"https:\/\/www.isaitaly.com\/it\/#\/schema\/person\/image\/","url":"https:\/\/secure.gravatar.com\/avatar\/beac86d476d522474ef1f9de9fb8dc49?s=96&d=mm&r=g","contentUrl":"https:\/\/secure.gravatar.com\/avatar\/beac86d476d522474ef1f9de9fb8dc49?s=96&d=mm&r=g","caption":"Chiara Ragni"},"url":"https:\/\/www.isaitaly.com\/de\/author\/chiara-ragni\/"}]}},"_links":{"self":[{"href":"https:\/\/www.isaitaly.com\/de\/wp-json\/wp\/v2\/posts\/68446","targetHints":{"allow":["GET"]}}],"collection":[{"href":"https:\/\/www.isaitaly.com\/de\/wp-json\/wp\/v2\/posts"}],"about":[{"href":"https:\/\/www.isaitaly.com\/de\/wp-json\/wp\/v2\/types\/post"}],"author":[{"embeddable":true,"href":"https:\/\/www.isaitaly.com\/de\/wp-json\/wp\/v2\/users\/3"}],"replies":[{"embeddable":true,"href":"https:\/\/www.isaitaly.com\/de\/wp-json\/wp\/v2\/comments?post=68446"}],"version-history":[{"count":3,"href":"https:\/\/www.isaitaly.com\/de\/wp-json\/wp\/v2\/posts\/68446\/revisions"}],"predecessor-version":[{"id":69042,"href":"https:\/\/www.isaitaly.com\/de\/wp-json\/wp\/v2\/posts\/68446\/revisions\/69042"}],"wp:featuredmedia":[{"embeddable":true,"href":"https:\/\/www.isaitaly.com\/de\/wp-json\/wp\/v2\/media\/64111"}],"wp:attachment":[{"href":"https:\/\/www.isaitaly.com\/de\/wp-json\/wp\/v2\/media?parent=68446"}],"wp:term":[{"taxonomy":"category","embeddable":true,"href":"https:\/\/www.isaitaly.com\/de\/wp-json\/wp\/v2\/categories?post=68446"},{"taxonomy":"post_tag","embeddable":true,"href":"https:\/\/www.isaitaly.com\/de\/wp-json\/wp\/v2\/tags?post=68446"}],"curies":[{"name":"wp","href":"https:\/\/api.w.org\/{rel}","templated":true}]}}