{"id":127522,"date":"2025-12-11T15:42:08","date_gmt":"2025-12-11T14:42:08","guid":{"rendered":"https:\/\/www.isaitaly.com\/isa-spa-partecipa-alla-realizzazione-del-nuovo-dav-cantalupa\/"},"modified":"2025-12-15T11:12:31","modified_gmt":"2025-12-15T10:12:31","slug":"isa-spa-beteiligt-sich-an-der-realisierung-des-neuen-dav-cantalupa","status":"publish","type":"post","link":"https:\/\/www.isaitaly.com\/de\/isa-spa-beteiligt-sich-an-der-realisierung-des-neuen-dav-cantalupa\/","title":{"rendered":"Kreativit\u00e4t und Know-how: Ein stellares Zusammentreffen"},"content":{"rendered":"<p class=\"p1\">ISA S.p.A. war an der Realisierung des neuen DaV Cantalupa beteiligt \u2013 dem Bistrot der Familie Cerea in Brusaporto.<\/p>\n<p><iframe loading=\"lazy\" title=\"ISA for DaV Cantalupa, the Cerea family&#039;s bistro at Brusaporto.\" width=\"1080\" height=\"608\" src=\"https:\/\/www.youtube.com\/embed\/w4t6UimtF0E?feature=oembed\"  allow=\"accelerometer; autoplay; clipboard-write; encrypted-media; gyroscope; picture-in-picture; web-share\" referrerpolicy=\"strict-origin-when-cross-origin\" allowfullscreen><\/iframe><\/p>\n<p class=\"p1\">Das architektonische Projekt wurde von den Technikern von ISA interpretiert und unter Einbeziehung aller Unternehmensabteilungen umgesetzt \u2013 eine bedeutende Erfahrung, realisiert in Zusammenarbeit mit Rossella Cerea, der Seele des Projekts und General Managerin von Da Vittorio, unter der Aufsicht von Carlo Giulietti.<\/p>\n<p class=\"p1\">ISA zeichnet sich in der HoReCa-Welt zunehmend durch die F\u00e4higkeit aus, ma\u00dfgeschneiderte Projekte zu realisieren. DaV Cantalupa stellt eine ihrer h\u00f6chsten Ausdrucksformen dar: ein anspruchsvolles Projekt von gro\u00dfer Wirkung und Prestige.<\/p>\n<p class=\"p1\">Besonders hervorzuheben sind die <b>American Bar<\/b> und der <b>Show Grill<\/b>, die die handwerkliche Meisterschaft und das Savoir-faire von ISA eindrucksvoll unter Beweis stellen. Hier sticht die imposante geschwungene Theke hervor, deren Platte vollst\u00e4ndig aus nat\u00fcrlichem Blue Fire-Marmor gefertigt ist und deren Front aus Walnussholz durch wertvolle Details in den Oberfl\u00e4chen und im Beleuchtungssystem veredelt wird. Auch die Tische f\u00fcr die G\u00e4ste wurden vollst\u00e4ndig von ISA gefertigt: pr\u00e4zise gedrechselt, mit einer Oberfl\u00e4che aus br\u00fcniertem Messinglack und Platten aus R\u00eave Blue-Feinsteinzeug. Einige davon wurden als modulare Elemente konzipiert, die sich leicht kombinieren oder trennen lassen, um maximale Flexibilit\u00e4t und Anpassungsf\u00e4higkeit an die R\u00e4umlichkeiten des DaV Cantalupa zu gew\u00e4hrleisten.<\/p>\n<p class=\"p1\"><img loading=\"lazy\" decoding=\"async\" class=\"alignnone size-large wp-image-127266\" src=\"https:\/\/www.isaitaly.com\/wp-content\/uploads\/2025\/11\/Da_Vittorio_Bistrot_040925-21-1024x683.jpg\" alt=\"\" width=\"1024\" height=\"683\" srcset=\"https:\/\/www.isaitaly.com\/wp-content\/uploads\/2025\/11\/Da_Vittorio_Bistrot_040925-21-980x653.jpg 980w, https:\/\/www.isaitaly.com\/wp-content\/uploads\/2025\/11\/Da_Vittorio_Bistrot_040925-21-480x320.jpg 480w\" sizes=\"auto, (min-width: 0px) and (max-width: 480px) 480px, (min-width: 481px) and (max-width: 980px) 980px, (min-width: 981px) 1024px, 100vw\" \/><\/p>\n<p class=\"p1\">Ein weiteres bedeutendes Element ist der eindrucksvolle <b>Weinkeller<\/b>, der eine gro\u00dfe Fl\u00e4che einnimmt. Er ist vollst\u00e4ndig transparent und wurde ma\u00dfgefertigt mit einer Aluminiumstruktur und Isolierglas, um die perfekte Lagerung der wertvollsten Etiketten zu garantieren. Das Innenregal, mit hinterleuchteten Plexiglasb\u00f6den ausgestattet, wurde so gestaltet, dass jede Flasche optimal aufgenommen wird.<\/p>\n<p><img loading=\"lazy\" decoding=\"async\" class=\"alignnone size-large wp-image-127261\" src=\"https:\/\/www.isaitaly.com\/wp-content\/uploads\/2025\/11\/Da_Vittorio_Bistrot_040925-18-1024x683.jpg\" alt=\"\" width=\"1024\" height=\"683\" srcset=\"https:\/\/www.isaitaly.com\/wp-content\/uploads\/2025\/11\/Da_Vittorio_Bistrot_040925-18-980x653.jpg 980w, https:\/\/www.isaitaly.com\/wp-content\/uploads\/2025\/11\/Da_Vittorio_Bistrot_040925-18-480x320.jpg 480w\" sizes=\"auto, (min-width: 0px) and (max-width: 480px) 480px, (min-width: 481px) and (max-width: 980px) 980px, (min-width: 981px) 1024px, 100vw\" \/><\/p>\n<p class=\"p1\">Das architektonische Konzept beruht zudem auf dem Wunsch, einen st\u00e4ndigen Dialog mit der umliegenden Landschaft aufrechtzuerhalten. Gro\u00dfe, vollst\u00e4ndig zu \u00f6ffnende Glasw\u00e4nde verst\u00e4rken die Verbindung zwischen Innen- und Au\u00dfenbereich und intensivieren das Gef\u00fchl des Eintauchens in die Natur.<\/p>\n<p><img loading=\"lazy\" decoding=\"async\" class=\"alignnone size-large wp-image-127256\" src=\"https:\/\/www.isaitaly.com\/wp-content\/uploads\/2025\/11\/Da_Vittorio_Bistrot_040925-1-1024x683.jpg\" alt=\"\" width=\"1024\" height=\"683\" srcset=\"https:\/\/www.isaitaly.com\/wp-content\/uploads\/2025\/11\/Da_Vittorio_Bistrot_040925-1-980x653.jpg 980w, https:\/\/www.isaitaly.com\/wp-content\/uploads\/2025\/11\/Da_Vittorio_Bistrot_040925-1-480x320.jpg 480w\" sizes=\"auto, (min-width: 0px) and (max-width: 480px) 480px, (min-width: 481px) and (max-width: 980px) 980px, (min-width: 981px) 1024px, 100vw\" \/><\/p>\n<p class=\"p1\">Der gro\u00dfe Open Space des Restaurants wird durch eine spektakul\u00e4re<b>, \u201elebendige\u201c organische Wand<\/b> aus goldenen, in Eichenholz geschnitzten B\u00e4ndern aufgewertet. Ein Element, das \u2013 wie Architekt Joseph Di Pasquale betont \u2013 <i>\u201eeine starke Beziehung zwischen der Erinnerung an die Vergangenheit, den Emotionen der Gegenwart und der Vorstellungskraft der Zukunft schafft.\u201c<\/i><\/p>\n<p class=\"p1\">Das DaV Cantalupa bietet ein wahrhaft <b>innovatives gastronomisches Erlebnis<\/b>, in dem die architektonische Vision mit der wertvollen, ma\u00dfgeschneiderten Individualisierung von ISA verschmilzt und zugleich Stil und Tradition der Familie Cerea verk\u00f6rpert. Wie Sternekoch Enrico \u201eChicco\u201c Cerea sagt: <i>\u201eF\u00fcr uns ist Essen eine Form der Liebe \u2013 eine Art, anderen und auch uns selbst etwas Gutes zu tun.\u201c<\/i><\/p>\n<p class=\"p1\">Lassen Sie sich von diesem au\u00dfergew\u00f6hnlichen Ort begeistern: Im DaV Cantalupa in Brusaporto genie\u00dft man nicht nur mit dem Gaumen, sondern auch mit den Augen.<\/p>\n<p><img loading=\"lazy\" decoding=\"async\" class=\"alignnone size-full wp-image-127443\" src=\"https:\/\/www.isaitaly.com\/wp-content\/uploads\/2025\/12\/BLT4359.jpg\" alt=\"\" width=\"948\" height=\"633\" srcset=\"https:\/\/www.isaitaly.com\/wp-content\/uploads\/2025\/12\/BLT4359.jpg 948w, https:\/\/www.isaitaly.com\/wp-content\/uploads\/2025\/12\/BLT4359-480x321.jpg 480w\" sizes=\"auto, (min-width: 0px) and (max-width: 480px) 480px, (min-width: 481px) 948px, 100vw\" \/><\/p>\n<p class=\"p1\">Die Geschwister Rossella und Chicco Cerea waren unsere G\u00e4ste am ISA-Stand auf der Host, wo sie gemeinsam mit Andrea Cocchi, CEO von ISA, fotografiert wurden.<\/p>\n","protected":false},"excerpt":{"rendered":"<p>ISA zeichnet sich in der HoReCa-Welt zunehmend durch die F\u00e4higkeit aus, ma\u00dfgeschneiderte Projekte zu realisieren. DaV Cantalupa stellt eine ihrer h\u00f6chsten Ausdrucksformen dar: ein anspruchsvolles Projekt von gro\u00dfer Wirkung und Prestige.<\/p>\n","protected":false},"author":3,"featured_media":127269,"comment_status":"open","ping_status":"open","sticky":false,"template":"","format":"standard","meta":{"_et_pb_use_builder":"off","_et_pb_old_content":"","_et_gb_content_width":"","footnotes":""},"categories":[851],"tags":[1345,1346],"class_list":["post-127522","post","type-post","status-publish","format-standard","has-post-thumbnail","hentry","category-nachrichten","tag-design","tag-horeca"],"acf":[],"yoast_head":"<!-- This site is optimized with the Yoast SEO plugin v26.8 - https:\/\/yoast.com\/product\/yoast-seo-wordpress\/ -->\n<title>ISA S.p.A. war an der Realisierung des neuen DaV Cantalupa beteiligt \u2013 dem Bistrot der Familie Cerea in Brusaporto.<\/title>\n<meta name=\"description\" content=\"Das neue Projekt DaV Cantalupa, verk\u00f6rpert vollst\u00e4ndig, wozu ISA S.p.A. heute in der Lage ist.\" \/>\n<meta name=\"robots\" content=\"index, follow, max-snippet:-1, max-image-preview:large, max-video-preview:-1\" \/>\n<link rel=\"canonical\" href=\"https:\/\/www.isaitaly.com\/de\/isa-spa-beteiligt-sich-an-der-realisierung-des-neuen-dav-cantalupa\/\" \/>\n<meta property=\"og:locale\" content=\"de_DE\" \/>\n<meta property=\"og:type\" content=\"article\" \/>\n<meta property=\"og:title\" content=\"ISA S.p.A. war an der Realisierung des neuen DaV Cantalupa beteiligt \u2013 dem Bistrot der Familie Cerea in Brusaporto.\" \/>\n<meta property=\"og:description\" content=\"Das neue Projekt DaV Cantalupa, verk\u00f6rpert vollst\u00e4ndig, wozu ISA S.p.A. heute in der Lage ist.\" \/>\n<meta property=\"og:url\" content=\"https:\/\/www.isaitaly.com\/de\/isa-spa-beteiligt-sich-an-der-realisierung-des-neuen-dav-cantalupa\/\" \/>\n<meta property=\"og:site_name\" content=\"ISA\" \/>\n<meta property=\"article:published_time\" content=\"2025-12-11T14:42:08+00:00\" \/>\n<meta property=\"article:modified_time\" content=\"2025-12-15T10:12:31+00:00\" \/>\n<meta property=\"og:image\" content=\"https:\/\/www.isaitaly.com\/wp-content\/uploads\/2025\/11\/Da_Vittorio_Bistrot_040925-21.jpg\" \/>\n\t<meta property=\"og:image:width\" content=\"1920\" \/>\n\t<meta property=\"og:image:height\" content=\"1280\" \/>\n\t<meta property=\"og:image:type\" content=\"image\/jpeg\" \/>\n<meta name=\"author\" content=\"Chiara Ragni\" \/>\n<meta name=\"twitter:card\" content=\"summary_large_image\" \/>\n<meta name=\"twitter:label1\" content=\"Verfasst von\" \/>\n\t<meta name=\"twitter:data1\" content=\"Chiara Ragni\" \/>\n\t<meta name=\"twitter:label2\" content=\"Gesch\u00e4tzte Lesezeit\" \/>\n\t<meta name=\"twitter:data2\" content=\"4\u00a0Minuten\" \/>\n<script type=\"application\/ld+json\" class=\"yoast-schema-graph\">{\"@context\":\"https:\/\/schema.org\",\"@graph\":[{\"@type\":\"Article\",\"@id\":\"https:\/\/www.isaitaly.com\/de\/isa-spa-beteiligt-sich-an-der-realisierung-des-neuen-dav-cantalupa\/#article\",\"isPartOf\":{\"@id\":\"https:\/\/www.isaitaly.com\/de\/isa-spa-beteiligt-sich-an-der-realisierung-des-neuen-dav-cantalupa\/\"},\"author\":{\"name\":\"Chiara Ragni\",\"@id\":\"https:\/\/www.isaitaly.com\/it\/#\/schema\/person\/a037a937bb57eff6090f0fb3a141652f\"},\"headline\":\"Kreativit\u00e4t und Know-how: Ein stellares Zusammentreffen\",\"datePublished\":\"2025-12-11T14:42:08+00:00\",\"dateModified\":\"2025-12-15T10:12:31+00:00\",\"mainEntityOfPage\":{\"@id\":\"https:\/\/www.isaitaly.com\/de\/isa-spa-beteiligt-sich-an-der-realisierung-des-neuen-dav-cantalupa\/\"},\"wordCount\":497,\"commentCount\":0,\"image\":{\"@id\":\"https:\/\/www.isaitaly.com\/de\/isa-spa-beteiligt-sich-an-der-realisierung-des-neuen-dav-cantalupa\/#primaryimage\"},\"thumbnailUrl\":\"https:\/\/www.isaitaly.com\/wp-content\/uploads\/2025\/11\/Da_Vittorio_Bistrot_040925-21.jpg\",\"keywords\":[\"design\",\"horeca\"],\"articleSection\":[\"Nachrichten\"],\"inLanguage\":\"de\",\"potentialAction\":[{\"@type\":\"CommentAction\",\"name\":\"Comment\",\"target\":[\"https:\/\/www.isaitaly.com\/de\/isa-spa-beteiligt-sich-an-der-realisierung-des-neuen-dav-cantalupa\/#respond\"]}]},{\"@type\":\"WebPage\",\"@id\":\"https:\/\/www.isaitaly.com\/de\/isa-spa-beteiligt-sich-an-der-realisierung-des-neuen-dav-cantalupa\/\",\"url\":\"https:\/\/www.isaitaly.com\/de\/isa-spa-beteiligt-sich-an-der-realisierung-des-neuen-dav-cantalupa\/\",\"name\":\"ISA S.p.A. war an der Realisierung des neuen DaV Cantalupa beteiligt \u2013 dem Bistrot der Familie Cerea in Brusaporto.\",\"isPartOf\":{\"@id\":\"https:\/\/www.isaitaly.com\/it\/#website\"},\"primaryImageOfPage\":{\"@id\":\"https:\/\/www.isaitaly.com\/de\/isa-spa-beteiligt-sich-an-der-realisierung-des-neuen-dav-cantalupa\/#primaryimage\"},\"image\":{\"@id\":\"https:\/\/www.isaitaly.com\/de\/isa-spa-beteiligt-sich-an-der-realisierung-des-neuen-dav-cantalupa\/#primaryimage\"},\"thumbnailUrl\":\"https:\/\/www.isaitaly.com\/wp-content\/uploads\/2025\/11\/Da_Vittorio_Bistrot_040925-21.jpg\",\"datePublished\":\"2025-12-11T14:42:08+00:00\",\"dateModified\":\"2025-12-15T10:12:31+00:00\",\"author\":{\"@id\":\"https:\/\/www.isaitaly.com\/it\/#\/schema\/person\/a037a937bb57eff6090f0fb3a141652f\"},\"description\":\"Das neue Projekt DaV Cantalupa, verk\u00f6rpert vollst\u00e4ndig, wozu ISA S.p.A. heute in der Lage ist.\",\"breadcrumb\":{\"@id\":\"https:\/\/www.isaitaly.com\/de\/isa-spa-beteiligt-sich-an-der-realisierung-des-neuen-dav-cantalupa\/#breadcrumb\"},\"inLanguage\":\"de\",\"potentialAction\":[{\"@type\":\"ReadAction\",\"target\":[\"https:\/\/www.isaitaly.com\/de\/isa-spa-beteiligt-sich-an-der-realisierung-des-neuen-dav-cantalupa\/\"]}]},{\"@type\":\"ImageObject\",\"inLanguage\":\"de\",\"@id\":\"https:\/\/www.isaitaly.com\/de\/isa-spa-beteiligt-sich-an-der-realisierung-des-neuen-dav-cantalupa\/#primaryimage\",\"url\":\"https:\/\/www.isaitaly.com\/wp-content\/uploads\/2025\/11\/Da_Vittorio_Bistrot_040925-21.jpg\",\"contentUrl\":\"https:\/\/www.isaitaly.com\/wp-content\/uploads\/2025\/11\/Da_Vittorio_Bistrot_040925-21.jpg\",\"width\":1920,\"height\":1280},{\"@type\":\"BreadcrumbList\",\"@id\":\"https:\/\/www.isaitaly.com\/de\/isa-spa-beteiligt-sich-an-der-realisierung-des-neuen-dav-cantalupa\/#breadcrumb\",\"itemListElement\":[{\"@type\":\"ListItem\",\"position\":1,\"name\":\"Home\",\"item\":\"https:\/\/www.isaitaly.com\/it\/\"},{\"@type\":\"ListItem\",\"position\":2,\"name\":\"Kreativit\u00e4t und Know-how: Ein stellares Zusammentreffen\"}]},{\"@type\":\"WebSite\",\"@id\":\"https:\/\/www.isaitaly.com\/it\/#website\",\"url\":\"https:\/\/www.isaitaly.com\/it\/\",\"name\":\"ISA\",\"description\":\"\",\"potentialAction\":[{\"@type\":\"SearchAction\",\"target\":{\"@type\":\"EntryPoint\",\"urlTemplate\":\"https:\/\/www.isaitaly.com\/it\/?s={search_term_string}\"},\"query-input\":{\"@type\":\"PropertyValueSpecification\",\"valueRequired\":true,\"valueName\":\"search_term_string\"}}],\"inLanguage\":\"de\"},{\"@type\":\"Person\",\"@id\":\"https:\/\/www.isaitaly.com\/it\/#\/schema\/person\/a037a937bb57eff6090f0fb3a141652f\",\"name\":\"Chiara Ragni\",\"image\":{\"@type\":\"ImageObject\",\"inLanguage\":\"de\",\"@id\":\"https:\/\/www.isaitaly.com\/it\/#\/schema\/person\/image\/\",\"url\":\"https:\/\/secure.gravatar.com\/avatar\/beac86d476d522474ef1f9de9fb8dc49?s=96&d=mm&r=g\",\"contentUrl\":\"https:\/\/secure.gravatar.com\/avatar\/beac86d476d522474ef1f9de9fb8dc49?s=96&d=mm&r=g\",\"caption\":\"Chiara Ragni\"},\"url\":\"https:\/\/www.isaitaly.com\/de\/author\/chiara-ragni\/\"}]}<\/script>\n<!-- \/ Yoast SEO plugin. -->","yoast_head_json":{"title":"ISA S.p.A. war an der Realisierung des neuen DaV Cantalupa beteiligt \u2013 dem Bistrot der Familie Cerea in Brusaporto.","description":"Das neue Projekt DaV Cantalupa, verk\u00f6rpert vollst\u00e4ndig, wozu ISA S.p.A. heute in der Lage ist.","robots":{"index":"index","follow":"follow","max-snippet":"max-snippet:-1","max-image-preview":"max-image-preview:large","max-video-preview":"max-video-preview:-1"},"canonical":"https:\/\/www.isaitaly.com\/de\/isa-spa-beteiligt-sich-an-der-realisierung-des-neuen-dav-cantalupa\/","og_locale":"de_DE","og_type":"article","og_title":"ISA S.p.A. war an der Realisierung des neuen DaV Cantalupa beteiligt \u2013 dem Bistrot der Familie Cerea in Brusaporto.","og_description":"Das neue Projekt DaV Cantalupa, verk\u00f6rpert vollst\u00e4ndig, wozu ISA S.p.A. heute in der Lage ist.","og_url":"https:\/\/www.isaitaly.com\/de\/isa-spa-beteiligt-sich-an-der-realisierung-des-neuen-dav-cantalupa\/","og_site_name":"ISA","article_published_time":"2025-12-11T14:42:08+00:00","article_modified_time":"2025-12-15T10:12:31+00:00","og_image":[{"width":1920,"height":1280,"url":"https:\/\/www.isaitaly.com\/wp-content\/uploads\/2025\/11\/Da_Vittorio_Bistrot_040925-21.jpg","type":"image\/jpeg"}],"author":"Chiara Ragni","twitter_card":"summary_large_image","twitter_misc":{"Verfasst von":"Chiara Ragni","Gesch\u00e4tzte Lesezeit":"4\u00a0Minuten"},"schema":{"@context":"https:\/\/schema.org","@graph":[{"@type":"Article","@id":"https:\/\/www.isaitaly.com\/de\/isa-spa-beteiligt-sich-an-der-realisierung-des-neuen-dav-cantalupa\/#article","isPartOf":{"@id":"https:\/\/www.isaitaly.com\/de\/isa-spa-beteiligt-sich-an-der-realisierung-des-neuen-dav-cantalupa\/"},"author":{"name":"Chiara Ragni","@id":"https:\/\/www.isaitaly.com\/it\/#\/schema\/person\/a037a937bb57eff6090f0fb3a141652f"},"headline":"Kreativit\u00e4t und Know-how: Ein stellares Zusammentreffen","datePublished":"2025-12-11T14:42:08+00:00","dateModified":"2025-12-15T10:12:31+00:00","mainEntityOfPage":{"@id":"https:\/\/www.isaitaly.com\/de\/isa-spa-beteiligt-sich-an-der-realisierung-des-neuen-dav-cantalupa\/"},"wordCount":497,"commentCount":0,"image":{"@id":"https:\/\/www.isaitaly.com\/de\/isa-spa-beteiligt-sich-an-der-realisierung-des-neuen-dav-cantalupa\/#primaryimage"},"thumbnailUrl":"https:\/\/www.isaitaly.com\/wp-content\/uploads\/2025\/11\/Da_Vittorio_Bistrot_040925-21.jpg","keywords":["design","horeca"],"articleSection":["Nachrichten"],"inLanguage":"de","potentialAction":[{"@type":"CommentAction","name":"Comment","target":["https:\/\/www.isaitaly.com\/de\/isa-spa-beteiligt-sich-an-der-realisierung-des-neuen-dav-cantalupa\/#respond"]}]},{"@type":"WebPage","@id":"https:\/\/www.isaitaly.com\/de\/isa-spa-beteiligt-sich-an-der-realisierung-des-neuen-dav-cantalupa\/","url":"https:\/\/www.isaitaly.com\/de\/isa-spa-beteiligt-sich-an-der-realisierung-des-neuen-dav-cantalupa\/","name":"ISA S.p.A. war an der Realisierung des neuen DaV Cantalupa beteiligt \u2013 dem Bistrot der Familie Cerea in Brusaporto.","isPartOf":{"@id":"https:\/\/www.isaitaly.com\/it\/#website"},"primaryImageOfPage":{"@id":"https:\/\/www.isaitaly.com\/de\/isa-spa-beteiligt-sich-an-der-realisierung-des-neuen-dav-cantalupa\/#primaryimage"},"image":{"@id":"https:\/\/www.isaitaly.com\/de\/isa-spa-beteiligt-sich-an-der-realisierung-des-neuen-dav-cantalupa\/#primaryimage"},"thumbnailUrl":"https:\/\/www.isaitaly.com\/wp-content\/uploads\/2025\/11\/Da_Vittorio_Bistrot_040925-21.jpg","datePublished":"2025-12-11T14:42:08+00:00","dateModified":"2025-12-15T10:12:31+00:00","author":{"@id":"https:\/\/www.isaitaly.com\/it\/#\/schema\/person\/a037a937bb57eff6090f0fb3a141652f"},"description":"Das neue Projekt DaV Cantalupa, verk\u00f6rpert vollst\u00e4ndig, wozu ISA S.p.A. heute in der Lage ist.","breadcrumb":{"@id":"https:\/\/www.isaitaly.com\/de\/isa-spa-beteiligt-sich-an-der-realisierung-des-neuen-dav-cantalupa\/#breadcrumb"},"inLanguage":"de","potentialAction":[{"@type":"ReadAction","target":["https:\/\/www.isaitaly.com\/de\/isa-spa-beteiligt-sich-an-der-realisierung-des-neuen-dav-cantalupa\/"]}]},{"@type":"ImageObject","inLanguage":"de","@id":"https:\/\/www.isaitaly.com\/de\/isa-spa-beteiligt-sich-an-der-realisierung-des-neuen-dav-cantalupa\/#primaryimage","url":"https:\/\/www.isaitaly.com\/wp-content\/uploads\/2025\/11\/Da_Vittorio_Bistrot_040925-21.jpg","contentUrl":"https:\/\/www.isaitaly.com\/wp-content\/uploads\/2025\/11\/Da_Vittorio_Bistrot_040925-21.jpg","width":1920,"height":1280},{"@type":"BreadcrumbList","@id":"https:\/\/www.isaitaly.com\/de\/isa-spa-beteiligt-sich-an-der-realisierung-des-neuen-dav-cantalupa\/#breadcrumb","itemListElement":[{"@type":"ListItem","position":1,"name":"Home","item":"https:\/\/www.isaitaly.com\/it\/"},{"@type":"ListItem","position":2,"name":"Kreativit\u00e4t und Know-how: Ein stellares Zusammentreffen"}]},{"@type":"WebSite","@id":"https:\/\/www.isaitaly.com\/it\/#website","url":"https:\/\/www.isaitaly.com\/it\/","name":"ISA","description":"","potentialAction":[{"@type":"SearchAction","target":{"@type":"EntryPoint","urlTemplate":"https:\/\/www.isaitaly.com\/it\/?s={search_term_string}"},"query-input":{"@type":"PropertyValueSpecification","valueRequired":true,"valueName":"search_term_string"}}],"inLanguage":"de"},{"@type":"Person","@id":"https:\/\/www.isaitaly.com\/it\/#\/schema\/person\/a037a937bb57eff6090f0fb3a141652f","name":"Chiara Ragni","image":{"@type":"ImageObject","inLanguage":"de","@id":"https:\/\/www.isaitaly.com\/it\/#\/schema\/person\/image\/","url":"https:\/\/secure.gravatar.com\/avatar\/beac86d476d522474ef1f9de9fb8dc49?s=96&d=mm&r=g","contentUrl":"https:\/\/secure.gravatar.com\/avatar\/beac86d476d522474ef1f9de9fb8dc49?s=96&d=mm&r=g","caption":"Chiara Ragni"},"url":"https:\/\/www.isaitaly.com\/de\/author\/chiara-ragni\/"}]}},"_links":{"self":[{"href":"https:\/\/www.isaitaly.com\/de\/wp-json\/wp\/v2\/posts\/127522","targetHints":{"allow":["GET"]}}],"collection":[{"href":"https:\/\/www.isaitaly.com\/de\/wp-json\/wp\/v2\/posts"}],"about":[{"href":"https:\/\/www.isaitaly.com\/de\/wp-json\/wp\/v2\/types\/post"}],"author":[{"embeddable":true,"href":"https:\/\/www.isaitaly.com\/de\/wp-json\/wp\/v2\/users\/3"}],"replies":[{"embeddable":true,"href":"https:\/\/www.isaitaly.com\/de\/wp-json\/wp\/v2\/comments?post=127522"}],"version-history":[{"count":4,"href":"https:\/\/www.isaitaly.com\/de\/wp-json\/wp\/v2\/posts\/127522\/revisions"}],"predecessor-version":[{"id":127526,"href":"https:\/\/www.isaitaly.com\/de\/wp-json\/wp\/v2\/posts\/127522\/revisions\/127526"}],"wp:featuredmedia":[{"embeddable":true,"href":"https:\/\/www.isaitaly.com\/de\/wp-json\/wp\/v2\/media\/127269"}],"wp:attachment":[{"href":"https:\/\/www.isaitaly.com\/de\/wp-json\/wp\/v2\/media?parent=127522"}],"wp:term":[{"taxonomy":"category","embeddable":true,"href":"https:\/\/www.isaitaly.com\/de\/wp-json\/wp\/v2\/categories?post=127522"},{"taxonomy":"post_tag","embeddable":true,"href":"https:\/\/www.isaitaly.com\/de\/wp-json\/wp\/v2\/tags?post=127522"}],"curies":[{"name":"wp","href":"https:\/\/api.w.org\/{rel}","templated":true}]}}